{"id":21338,"date":"2022-04-26T17:19:13","date_gmt":"2022-04-26T15:19:13","guid":{"rendered":"https:\/\/agora.xtec.cat\/ieslaromanica\/?p=21338"},"modified":"2022-04-26T17:19:13","modified_gmt":"2022-04-26T15:19:13","slug":"premis-del-20e-certamen-minerva","status":"publish","type":"post","link":"https:\/\/agora.xtec.cat\/ieslaromanica\/general\/premis-del-20e-certamen-minerva\/","title":{"rendered":"Premis del 20\u00e8 certamen Minerva"},"content":{"rendered":"<p>El passat dimecres 20 d\u2019abril es va celebrar l&#8217;acte del 20\u00e8 Certamen Minerva al Teatre Municipal Cooperativa (TMC) de Barber\u00e0 del Vall\u00e8s de forma presencial.<\/p>\n<p>El certamen Minerva s&#8217;organitza des del Servei Educatiu del Vall\u00e8s Occidental VII i constitueix un reconeixement als millors treballs de recerca de Barber\u00e0 del Vall\u00e8s i de Badia del Vall\u00e8s.<\/p>\n<p>Felicitats a tots els estudiants que han elaborat els diferents treballs de recerca i en especial a l&#8217;alumnat guardonat de l&#8217;INS La Rom\u00e0nica: Anna Vallesp\u00edn, Mirella Betato i David G\u00e0mez.<br \/>\nMerescut reconeixement!<\/p>\n<table style=\"border-collapse: collapse; width: 79.3124%; height: 341px;\">\n<tbody>\n<tr>\n<td style=\"width: 45.6739%;\">Tots els premiats:<\/td>\n<td style=\"width: 26.9694%;\">Anna Vallesp\u00edn:<\/td>\n<td style=\"width: 27.3566%;\">Mirella Betato i David G\u00e0mez:<\/td>\n<\/tr>\n<tr>\n<td style=\"width: 45.6739%;\"><a href=\"https:\/\/agora.xtec.cat\/ieslaromanica\/wp-content\/uploads\/usu857\/2022\/04\/Tots-els-premiats-2mg.jpg\"><img loading=\"lazy\" decoding=\"async\" class=\"alignleft size-large wp-image-21337\" src=\"https:\/\/agora.xtec.cat\/ieslaromanica\/wp-content\/uploads\/usu857\/2022\/04\/Tots-els-premiats-2mg-1024x768.jpg\" alt=\"\" width=\"1024\" height=\"768\" srcset=\"https:\/\/agora.xtec.cat\/ieslaromanica\/wp-content\/uploads\/usu857\/2022\/04\/Tots-els-premiats-2mg-1024x768.jpg 1024w, https:\/\/agora.xtec.cat\/ieslaromanica\/wp-content\/uploads\/usu857\/2022\/04\/Tots-els-premiats-2mg-300x225.jpg 300w, https:\/\/agora.xtec.cat\/ieslaromanica\/wp-content\/uploads\/usu857\/2022\/04\/Tots-els-premiats-2mg-768x576.jpg 768w, https:\/\/agora.xtec.cat\/ieslaromanica\/wp-content\/uploads\/usu857\/2022\/04\/Tots-els-premiats-2mg-1536x1152.jpg 1536w, https:\/\/agora.xtec.cat\/ieslaromanica\/wp-content\/uploads\/usu857\/2022\/04\/Tots-els-premiats-2mg-200x150.jpg 200w, https:\/\/agora.xtec.cat\/ieslaromanica\/wp-content\/uploads\/usu857\/2022\/04\/Tots-els-premiats-2mg.jpg 1672w\" sizes=\"auto, (max-width: 1024px) 100vw, 1024px\" \/><\/a><\/td>\n<td style=\"width: 26.9694%;\"><a href=\"https:\/\/agora.xtec.cat\/ieslaromanica\/wp-content\/uploads\/usu857\/2022\/04\/Anna-Garci\u0301a-Vallespi\u0301n-2mg.jpg\"><img loading=\"lazy\" decoding=\"async\" class=\"alignleft size-large wp-image-21335\" src=\"https:\/\/agora.xtec.cat\/ieslaromanica\/wp-content\/uploads\/usu857\/2022\/04\/Anna-Garci\u0301a-Vallespi\u0301n-2mg-768x1024.jpg\" alt=\"\" width=\"768\" height=\"1024\" srcset=\"https:\/\/agora.xtec.cat\/ieslaromanica\/wp-content\/uploads\/usu857\/2022\/04\/Anna-Garci\u0301a-Vallespi\u0301n-2mg-768x1024.jpg 768w, https:\/\/agora.xtec.cat\/ieslaromanica\/wp-content\/uploads\/usu857\/2022\/04\/Anna-Garci\u0301a-Vallespi\u0301n-2mg-225x300.jpg 225w, https:\/\/agora.xtec.cat\/ieslaromanica\/wp-content\/uploads\/usu857\/2022\/04\/Anna-Garci\u0301a-Vallespi\u0301n-2mg-1152x1536.jpg 1152w, https:\/\/agora.xtec.cat\/ieslaromanica\/wp-content\/uploads\/usu857\/2022\/04\/Anna-Garci\u0301a-Vallespi\u0301n-2mg-1536x2048.jpg 1536w, https:\/\/agora.xtec.cat\/ieslaromanica\/wp-content\/uploads\/usu857\/2022\/04\/Anna-Garci\u0301a-Vallespi\u0301n-2mg.jpg 1644w\" sizes=\"auto, (max-width: 768px) 100vw, 768px\" \/><\/a><\/td>\n<td style=\"width: 27.3566%;\"><a href=\"https:\/\/agora.xtec.cat\/ieslaromanica\/wp-content\/uploads\/usu857\/2022\/04\/Mirella-i-David-2mg.jpg\"><img loading=\"lazy\" decoding=\"async\" class=\"alignleft size-large wp-image-21336\" src=\"https:\/\/agora.xtec.cat\/ieslaromanica\/wp-content\/uploads\/usu857\/2022\/04\/Mirella-i-David-2mg-768x1024.jpg\" alt=\"\" width=\"768\" height=\"1024\" srcset=\"https:\/\/agora.xtec.cat\/ieslaromanica\/wp-content\/uploads\/usu857\/2022\/04\/Mirella-i-David-2mg-768x1024.jpg 768w, https:\/\/agora.xtec.cat\/ieslaromanica\/wp-content\/uploads\/usu857\/2022\/04\/Mirella-i-David-2mg-225x300.jpg 225w, https:\/\/agora.xtec.cat\/ieslaromanica\/wp-content\/uploads\/usu857\/2022\/04\/Mirella-i-David-2mg-1152x1536.jpg 1152w, https:\/\/agora.xtec.cat\/ieslaromanica\/wp-content\/uploads\/usu857\/2022\/04\/Mirella-i-David-2mg.jpg 1531w\" sizes=\"auto, (max-width: 768px) 100vw, 768px\" \/><\/a><\/td>\n<\/tr>\n<\/tbody>\n<\/table>\n<table style=\"border-collapse: collapse; width: 79.4282%; height: 41px;\">\n<tbody>\n<tr>\n<td style=\"width: 50%;\"><a href=\"https:\/\/agora.xtec.cat\/ieslaromanica\/wp-content\/uploads\/usu857\/2022\/04\/Cartell-Minerva3-1.jpg\"><img loading=\"lazy\" decoding=\"async\" class=\"alignleft size-large wp-image-21333\" src=\"https:\/\/agora.xtec.cat\/ieslaromanica\/wp-content\/uploads\/usu857\/2022\/04\/Cartell-Minerva3-1-619x1024.jpg\" alt=\"\" width=\"619\" height=\"1024\" srcset=\"https:\/\/agora.xtec.cat\/ieslaromanica\/wp-content\/uploads\/usu857\/2022\/04\/Cartell-Minerva3-1-619x1024.jpg 619w, https:\/\/agora.xtec.cat\/ieslaromanica\/wp-content\/uploads\/usu857\/2022\/04\/Cartell-Minerva3-1-181x300.jpg 181w, https:\/\/agora.xtec.cat\/ieslaromanica\/wp-content\/uploads\/usu857\/2022\/04\/Cartell-Minerva3-1-768x1271.jpg 768w, https:\/\/agora.xtec.cat\/ieslaromanica\/wp-content\/uploads\/usu857\/2022\/04\/Cartell-Minerva3-1-928x1536.jpg 928w, https:\/\/agora.xtec.cat\/ieslaromanica\/wp-content\/uploads\/usu857\/2022\/04\/Cartell-Minerva3-1-1238x2048.jpg 1238w, https:\/\/agora.xtec.cat\/ieslaromanica\/wp-content\/uploads\/usu857\/2022\/04\/Cartell-Minerva3-1.jpg 1285w\" sizes=\"auto, (max-width: 619px) 100vw, 619px\" \/><\/a><\/td>\n<td style=\"width: 50%;\"><a href=\"https:\/\/agora.xtec.cat\/ieslaromanica\/wp-content\/uploads\/usu857\/2022\/04\/Cartell-Minerva3-2.jpg\"><img loading=\"lazy\" decoding=\"async\" class=\"alignleft size-large wp-image-21334\" src=\"https:\/\/agora.xtec.cat\/ieslaromanica\/wp-content\/uploads\/usu857\/2022\/04\/Cartell-Minerva3-2-616x1024.jpg\" alt=\"\" width=\"616\" height=\"1024\" srcset=\"https:\/\/agora.xtec.cat\/ieslaromanica\/wp-content\/uploads\/usu857\/2022\/04\/Cartell-Minerva3-2-616x1024.jpg 616w, https:\/\/agora.xtec.cat\/ieslaromanica\/wp-content\/uploads\/usu857\/2022\/04\/Cartell-Minerva3-2-180x300.jpg 180w, https:\/\/agora.xtec.cat\/ieslaromanica\/wp-content\/uploads\/usu857\/2022\/04\/Cartell-Minerva3-2-768x1277.jpg 768w, https:\/\/agora.xtec.cat\/ieslaromanica\/wp-content\/uploads\/usu857\/2022\/04\/Cartell-Minerva3-2-924x1536.jpg 924w, https:\/\/agora.xtec.cat\/ieslaromanica\/wp-content\/uploads\/usu857\/2022\/04\/Cartell-Minerva3-2-1232x2048.jpg 1232w, https:\/\/agora.xtec.cat\/ieslaromanica\/wp-content\/uploads\/usu857\/2022\/04\/Cartell-Minerva3-2.jpg 1279w\" sizes=\"auto, (max-width: 616px) 100vw, 616px\" \/><\/a><\/td>\n<\/tr>\n<\/tbody>\n<\/table>\n","protected":false},"excerpt":{"rendered":"<p>El passat dimecres 20 d\u2019abril es va celebrar l&#8217;acte del 20\u00e8 Certamen Minerva al Teatre Municipal Cooperativa (TMC) de Barber\u00e0 del Vall\u00e8s de forma presencial.<br \/>\nEl certamen Minerva s&#8217;organitza des del Servei Educatiu del Vall\u00e8s Occidental VII i constitueix un reconeixement als millors treballs de recerca&hellip;  <a href=\"https:\/\/agora.xtec.cat\/ieslaromanica\/general\/premis-del-20e-certamen-minerva\/\" title=\"Read Premis del 20\u00e8 certamen Minerva\">Llegeix m\u00e9s\u00bb<\/a><\/p>\n","protected":false},"author":6,"featured_media":21332,"comment_status":"open","ping_status":"closed","sticky":false,"template":"","format":"standard","meta":{"_bbp_topic_count":0,"_bbp_reply_count":0,"_bbp_total_topic_count":0,"_bbp_total_reply_count":0,"_bbp_voice_count":0,"_bbp_anonymous_reply_count":0,"_bbp_topic_count_hidden":0,"_bbp_reply_count_hidden":0,"_bbp_forum_subforum_count":0,"footnotes":""},"categories":[8,1,29],"tags":[358,334,161],"class_list":["post-21338","post","type-post","status-publish","format-standard","has-post-thumbnail","hentry","category-batxillerat","category-general","category-portada","tag-curs-2021-2022","tag-premis-i-concursos","tag-premis-minerva"],"post_mailing_queue_ids":[],"_links":{"self":[{"href":"https:\/\/agora.xtec.cat\/ieslaromanica\/wp-json\/wp\/v2\/posts\/21338","targetHints":{"allow":["GET"]}}],"collection":[{"href":"https:\/\/agora.xtec.cat\/ieslaromanica\/wp-json\/wp\/v2\/posts"}],"about":[{"href":"https:\/\/agora.xtec.cat\/ieslaromanica\/wp-json\/wp\/v2\/types\/post"}],"author":[{"embeddable":true,"href":"https:\/\/agora.xtec.cat\/ieslaromanica\/wp-json\/wp\/v2\/users\/6"}],"replies":[{"embeddable":true,"href":"https:\/\/agora.xtec.cat\/ieslaromanica\/wp-json\/wp\/v2\/comments?post=21338"}],"version-history":[{"count":2,"href":"https:\/\/agora.xtec.cat\/ieslaromanica\/wp-json\/wp\/v2\/posts\/21338\/revisions"}],"predecessor-version":[{"id":21340,"href":"https:\/\/agora.xtec.cat\/ieslaromanica\/wp-json\/wp\/v2\/posts\/21338\/revisions\/21340"}],"wp:featuredmedia":[{"embeddable":true,"href":"https:\/\/agora.xtec.cat\/ieslaromanica\/wp-json\/wp\/v2\/media\/21332"}],"wp:attachment":[{"href":"https:\/\/agora.xtec.cat\/ieslaromanica\/wp-json\/wp\/v2\/media?parent=21338"}],"wp:term":[{"taxonomy":"category","embeddable":true,"href":"https:\/\/agora.xtec.cat\/ieslaromanica\/wp-json\/wp\/v2\/categories?post=21338"},{"taxonomy":"post_tag","embeddable":true,"href":"https:\/\/agora.xtec.cat\/ieslaromanica\/wp-json\/wp\/v2\/tags?post=21338"}],"curies":[{"name":"wp","href":"https:\/\/api.w.org\/{rel}","templated":true}]}}