{"id":21305,"date":"2022-04-25T19:39:47","date_gmt":"2022-04-25T17:39:47","guid":{"rendered":"https:\/\/agora.xtec.cat\/ieslaromanica\/?p=21305"},"modified":"2022-04-25T19:39:47","modified_gmt":"2022-04-25T17:39:47","slug":"diada-de-sant-jordi-a-la-placa-de-la-vila","status":"publish","type":"post","link":"https:\/\/agora.xtec.cat\/ieslaromanica\/general\/diada-de-sant-jordi-a-la-placa-de-la-vila\/","title":{"rendered":"Diada de Sant Jordi a la pla\u00e7a de la Vila"},"content":{"rendered":"<p>El passat dissabte 23 d&#8217;abril, diada de Sant Jordi, un equip format per membres de la comunitat educativa de l&#8217;Institut La Rom\u00e0nica ha estat present a la pla\u00e7a de la Vila, representant al nostre centre i gaudint d&#8217;aquesta jornada que, tot i la pluja, ha estat plena d&#8217;alegria i color.<\/p>\n<p>A m\u00e9s a m\u00e9s de la paradeta de venda de roses, una iniciativa que agra\u00efm a l&#8217;Associaci\u00f3 de Fam\u00edlies d&#8217;Alumnes de l&#8217;Institut, tamb\u00e9 van estar presents altres propostes com peluixos de tem\u00e0tica de Sant Jordi, nombres de La Grossa de Sant Jordi, punts de llibre, etc. D&#8217;altra banda, alumnes del nostre centre, amb la Colla Bastonera Les Romanes i el Ball de Panderos de Barber\u00e0 del Vall\u00e8s, van fer tallers i actuacions obertes a tots els p\u00fablics, al llarg del dia.<\/p>\n<p>S&#8217;ho han passat d&#8217;all\u00f2 m\u00e9s b\u00e9 i han fet una feina extraordin\u00e0ria! Moltes gr\u00e0cies per la vostra dedicaci\u00f3! Continuem educant en valors, molt m\u00e9s enll\u00e0 de les aules!<\/p>\n<table style=\"border-collapse: collapse; width: 74.6681%; height: 48px;\">\n<tbody>\n<tr>\n<td style=\"width: 50%;\"><img loading=\"lazy\" decoding=\"async\" class=\"alignleft size-full wp-image-21310\" src=\"https:\/\/agora.xtec.cat\/ieslaromanica\/wp-content\/uploads\/usu857\/2022\/04\/Sin-ti\u0301tulo-1.png\" alt=\"\" width=\"640\" height=\"486\" srcset=\"https:\/\/agora.xtec.cat\/ieslaromanica\/wp-content\/uploads\/usu857\/2022\/04\/Sin-ti\u0301tulo-1.png 640w, https:\/\/agora.xtec.cat\/ieslaromanica\/wp-content\/uploads\/usu857\/2022\/04\/Sin-ti\u0301tulo-1-300x228.png 300w\" sizes=\"auto, (max-width: 640px) 100vw, 640px\" \/><\/td>\n<td style=\"width: 50%;\"><img loading=\"lazy\" decoding=\"async\" class=\"alignleft size-full wp-image-21308\" src=\"https:\/\/agora.xtec.cat\/ieslaromanica\/wp-content\/uploads\/usu857\/2022\/04\/Sin-ti\u0301tulo-3.png\" alt=\"\" width=\"633\" height=\"484\" srcset=\"https:\/\/agora.xtec.cat\/ieslaromanica\/wp-content\/uploads\/usu857\/2022\/04\/Sin-ti\u0301tulo-3.png 633w, https:\/\/agora.xtec.cat\/ieslaromanica\/wp-content\/uploads\/usu857\/2022\/04\/Sin-ti\u0301tulo-3-300x229.png 300w\" sizes=\"auto, (max-width: 633px) 100vw, 633px\" \/><\/td>\n<\/tr>\n<tr>\n<td style=\"width: 50%;\"><img loading=\"lazy\" decoding=\"async\" class=\"alignleft size-full wp-image-21311\" src=\"https:\/\/agora.xtec.cat\/ieslaromanica\/wp-content\/uploads\/usu857\/2022\/04\/Sin-ti\u0301tulo-2-1.png\" alt=\"\" width=\"632\" height=\"482\" srcset=\"https:\/\/agora.xtec.cat\/ieslaromanica\/wp-content\/uploads\/usu857\/2022\/04\/Sin-ti\u0301tulo-2-1.png 632w, https:\/\/agora.xtec.cat\/ieslaromanica\/wp-content\/uploads\/usu857\/2022\/04\/Sin-ti\u0301tulo-2-1-300x229.png 300w\" sizes=\"auto, (max-width: 632px) 100vw, 632px\" \/><\/td>\n<td style=\"width: 50%;\"><img loading=\"lazy\" decoding=\"async\" class=\"alignleft size-full wp-image-21309\" src=\"https:\/\/agora.xtec.cat\/ieslaromanica\/wp-content\/uploads\/usu857\/2022\/04\/Sin-ti\u0301tulo-4.png\" alt=\"\" width=\"632\" height=\"483\" srcset=\"https:\/\/agora.xtec.cat\/ieslaromanica\/wp-content\/uploads\/usu857\/2022\/04\/Sin-ti\u0301tulo-4.png 632w, https:\/\/agora.xtec.cat\/ieslaromanica\/wp-content\/uploads\/usu857\/2022\/04\/Sin-ti\u0301tulo-4-300x229.png 300w\" sizes=\"auto, (max-width: 632px) 100vw, 632px\" \/><\/td>\n<\/tr>\n<\/tbody>\n<\/table>\n<p>Vegeu la not\u00edcia tamb\u00e9 al nostre <a href=\"https:\/\/www.instagram.com\/p\/CctOXsEIWQ7\/\">Instagram<\/a>.<\/p>\n","protected":false},"excerpt":{"rendered":"<p>El passat dissabte 23 d&#8217;abril, diada de Sant Jordi, un equip format per membres de la comunitat educativa de l&#8217;Institut La Rom\u00e0nica ha estat present a la pla\u00e7a de la Vila, representant al nostre centre i gaudint d&#8217;aquesta jornada que, tot i la pluja, ha&hellip;  <a href=\"https:\/\/agora.xtec.cat\/ieslaromanica\/general\/diada-de-sant-jordi-a-la-placa-de-la-vila\/\" title=\"Read Diada de Sant Jordi a la pla\u00e7a de la Vila\">Llegeix m\u00e9s\u00bb<\/a><\/p>\n","protected":false},"author":6,"featured_media":21310,"comment_status":"open","ping_status":"closed","sticky":false,"template":"","format":"standard","meta":{"_bbp_topic_count":0,"_bbp_reply_count":0,"_bbp_total_topic_count":0,"_bbp_total_reply_count":0,"_bbp_voice_count":0,"_bbp_anonymous_reply_count":0,"_bbp_topic_count_hidden":0,"_bbp_reply_count_hidden":0,"_bbp_forum_subforum_count":0,"footnotes":""},"categories":[314,31,1,29],"tags":[358,38],"class_list":["post-21305","post","type-post","status-publish","format-standard","has-post-thumbnail","hentry","category-activitats-extraescolars","category-afa","category-general","category-portada","tag-curs-2021-2022","tag-sant-jordi"],"post_mailing_queue_ids":[],"_links":{"self":[{"href":"https:\/\/agora.xtec.cat\/ieslaromanica\/wp-json\/wp\/v2\/posts\/21305","targetHints":{"allow":["GET"]}}],"collection":[{"href":"https:\/\/agora.xtec.cat\/ieslaromanica\/wp-json\/wp\/v2\/posts"}],"about":[{"href":"https:\/\/agora.xtec.cat\/ieslaromanica\/wp-json\/wp\/v2\/types\/post"}],"author":[{"embeddable":true,"href":"https:\/\/agora.xtec.cat\/ieslaromanica\/wp-json\/wp\/v2\/users\/6"}],"replies":[{"embeddable":true,"href":"https:\/\/agora.xtec.cat\/ieslaromanica\/wp-json\/wp\/v2\/comments?post=21305"}],"version-history":[{"count":2,"href":"https:\/\/agora.xtec.cat\/ieslaromanica\/wp-json\/wp\/v2\/posts\/21305\/revisions"}],"predecessor-version":[{"id":21313,"href":"https:\/\/agora.xtec.cat\/ieslaromanica\/wp-json\/wp\/v2\/posts\/21305\/revisions\/21313"}],"wp:featuredmedia":[{"embeddable":true,"href":"https:\/\/agora.xtec.cat\/ieslaromanica\/wp-json\/wp\/v2\/media\/21310"}],"wp:attachment":[{"href":"https:\/\/agora.xtec.cat\/ieslaromanica\/wp-json\/wp\/v2\/media?parent=21305"}],"wp:term":[{"taxonomy":"category","embeddable":true,"href":"https:\/\/agora.xtec.cat\/ieslaromanica\/wp-json\/wp\/v2\/categories?post=21305"},{"taxonomy":"post_tag","embeddable":true,"href":"https:\/\/agora.xtec.cat\/ieslaromanica\/wp-json\/wp\/v2\/tags?post=21305"}],"curies":[{"name":"wp","href":"https:\/\/api.w.org\/{rel}","templated":true}]}}