{"id":21212,"date":"2022-04-05T22:10:11","date_gmt":"2022-04-05T20:10:11","guid":{"rendered":"https:\/\/agora.xtec.cat\/ieslaromanica\/?p=21212"},"modified":"2022-04-05T22:10:11","modified_gmt":"2022-04-05T20:10:11","slug":"musica-y-poesia-concurs-de-videoclips","status":"publish","type":"post","link":"https:\/\/agora.xtec.cat\/ieslaromanica\/general\/musica-y-poesia-concurs-de-videoclips\/","title":{"rendered":"\u201cM\u00fasica y poes\u00eda\u201d: concurs de Videoclips."},"content":{"rendered":"<p>Durant aquest final de trimestre, els alumnes de quart d\u2019ESO que realitzen l\u2019optativa de \u201cM\u00fasica y Poes\u00eda\u201d, han gravat uns videoclips amb unes lletres originals creades per ells mateixos.<br \/>\nL\u2019activitat consistia a transformar uns poemes creats per ells mateixos, dins de l\u2019assignatura, a format can\u00e7\u00f3. Per portar-ho a terme, van utilitzar bases musicals, o can\u00e7ons instrumentals ja existents, per confeccionar i dissenyar un videoclip amb els seus poemes transformats en lletres de can\u00e7ons. Els resultats es van visualitzar i debatre a classe. Ara, a Sant Jordi, es far\u00e0 l\u2019entrega del Videoclip premiat entre els tres finalistes. El jurat ha quedat confeccionat amb alumnes de tercer i professorat de l\u2019\u00e0mbit de lleng\u00fces. S\u2019ha donat molta import\u00e0ncia a la creativitat po\u00e8tica, combinada amb la creativitat musical i audiovisual de les imatges presentades. T\u00edtols dels videoclips<\/p>\n<table style=\"border-collapse: collapse; width: 73.0636%; height: 96px;\">\n<tbody>\n<tr>\n<td style=\"width: 50%;\">T\u00edtols dels videoclips:<\/td>\n<td style=\"width: 50%;\"><img loading=\"lazy\" decoding=\"async\" class=\"alignleft size-full wp-image-21214\" src=\"https:\/\/agora.xtec.cat\/ieslaromanica\/wp-content\/uploads\/usu857\/2022\/04\/La-tristeza.jpg\" alt=\"\" width=\"668\" height=\"668\" srcset=\"https:\/\/agora.xtec.cat\/ieslaromanica\/wp-content\/uploads\/usu857\/2022\/04\/La-tristeza.jpg 668w, https:\/\/agora.xtec.cat\/ieslaromanica\/wp-content\/uploads\/usu857\/2022\/04\/La-tristeza-300x300.jpg 300w, https:\/\/agora.xtec.cat\/ieslaromanica\/wp-content\/uploads\/usu857\/2022\/04\/La-tristeza-150x150.jpg 150w\" sizes=\"auto, (max-width: 668px) 100vw, 668px\" \/><\/td>\n<\/tr>\n<tr>\n<td style=\"width: 50%;\"><img loading=\"lazy\" decoding=\"async\" class=\"alignleft size-full wp-image-21215\" src=\"https:\/\/agora.xtec.cat\/ieslaromanica\/wp-content\/uploads\/usu857\/2022\/04\/Pensando-en-ti.jpg\" alt=\"\" width=\"686\" height=\"686\" srcset=\"https:\/\/agora.xtec.cat\/ieslaromanica\/wp-content\/uploads\/usu857\/2022\/04\/Pensando-en-ti.jpg 686w, https:\/\/agora.xtec.cat\/ieslaromanica\/wp-content\/uploads\/usu857\/2022\/04\/Pensando-en-ti-300x300.jpg 300w, https:\/\/agora.xtec.cat\/ieslaromanica\/wp-content\/uploads\/usu857\/2022\/04\/Pensando-en-ti-150x150.jpg 150w\" sizes=\"auto, (max-width: 686px) 100vw, 686px\" \/><\/td>\n<td style=\"width: 50%;\"><img loading=\"lazy\" decoding=\"async\" class=\"alignleft size-full wp-image-21216\" src=\"https:\/\/agora.xtec.cat\/ieslaromanica\/wp-content\/uploads\/usu857\/2022\/04\/Pe\u0301rdida-y-desprecio.jpg\" alt=\"\" width=\"802\" height=\"802\" srcset=\"https:\/\/agora.xtec.cat\/ieslaromanica\/wp-content\/uploads\/usu857\/2022\/04\/Pe\u0301rdida-y-desprecio.jpg 802w, https:\/\/agora.xtec.cat\/ieslaromanica\/wp-content\/uploads\/usu857\/2022\/04\/Pe\u0301rdida-y-desprecio-300x300.jpg 300w, https:\/\/agora.xtec.cat\/ieslaromanica\/wp-content\/uploads\/usu857\/2022\/04\/Pe\u0301rdida-y-desprecio-150x150.jpg 150w, https:\/\/agora.xtec.cat\/ieslaromanica\/wp-content\/uploads\/usu857\/2022\/04\/Pe\u0301rdida-y-desprecio-768x768.jpg 768w\" sizes=\"auto, (max-width: 802px) 100vw, 802px\" \/><\/td>\n<\/tr>\n<tr>\n<td style=\"width: 50%;\"><img loading=\"lazy\" decoding=\"async\" class=\"alignleft size-full wp-image-21217\" src=\"https:\/\/agora.xtec.cat\/ieslaromanica\/wp-content\/uploads\/usu857\/2022\/04\/Pienso2.jpg\" alt=\"\" width=\"709\" height=\"709\" srcset=\"https:\/\/agora.xtec.cat\/ieslaromanica\/wp-content\/uploads\/usu857\/2022\/04\/Pienso2.jpg 709w, https:\/\/agora.xtec.cat\/ieslaromanica\/wp-content\/uploads\/usu857\/2022\/04\/Pienso2-300x300.jpg 300w, https:\/\/agora.xtec.cat\/ieslaromanica\/wp-content\/uploads\/usu857\/2022\/04\/Pienso2-150x150.jpg 150w\" sizes=\"auto, (max-width: 709px) 100vw, 709px\" \/><\/td>\n<td style=\"width: 50%;\"><img loading=\"lazy\" decoding=\"async\" class=\"alignleft size-full wp-image-21218\" src=\"https:\/\/agora.xtec.cat\/ieslaromanica\/wp-content\/uploads\/usu857\/2022\/04\/por-nosotros.jpg\" alt=\"\" width=\"745\" height=\"745\" srcset=\"https:\/\/agora.xtec.cat\/ieslaromanica\/wp-content\/uploads\/usu857\/2022\/04\/por-nosotros.jpg 745w, https:\/\/agora.xtec.cat\/ieslaromanica\/wp-content\/uploads\/usu857\/2022\/04\/por-nosotros-300x300.jpg 300w, https:\/\/agora.xtec.cat\/ieslaromanica\/wp-content\/uploads\/usu857\/2022\/04\/por-nosotros-150x150.jpg 150w\" sizes=\"auto, (max-width: 745px) 100vw, 745px\" \/><\/td>\n<\/tr>\n<tr>\n<td style=\"width: 50%;\"><img loading=\"lazy\" decoding=\"async\" class=\"alignleft size-full wp-image-21219\" src=\"https:\/\/agora.xtec.cat\/ieslaromanica\/wp-content\/uploads\/usu857\/2022\/04\/por-ti.jpg\" alt=\"\" width=\"735\" height=\"735\" srcset=\"https:\/\/agora.xtec.cat\/ieslaromanica\/wp-content\/uploads\/usu857\/2022\/04\/por-ti.jpg 735w, https:\/\/agora.xtec.cat\/ieslaromanica\/wp-content\/uploads\/usu857\/2022\/04\/por-ti-300x300.jpg 300w, https:\/\/agora.xtec.cat\/ieslaromanica\/wp-content\/uploads\/usu857\/2022\/04\/por-ti-150x150.jpg 150w\" sizes=\"auto, (max-width: 735px) 100vw, 735px\" \/><\/td>\n<td style=\"width: 50%;\"><img loading=\"lazy\" decoding=\"async\" class=\"alignleft size-full wp-image-21224\" src=\"https:\/\/agora.xtec.cat\/ieslaromanica\/wp-content\/uploads\/usu857\/2022\/04\/Vamos-a-hacerlo.jpg\" alt=\"\" width=\"805\" height=\"805\" srcset=\"https:\/\/agora.xtec.cat\/ieslaromanica\/wp-content\/uploads\/usu857\/2022\/04\/Vamos-a-hacerlo.jpg 805w, https:\/\/agora.xtec.cat\/ieslaromanica\/wp-content\/uploads\/usu857\/2022\/04\/Vamos-a-hacerlo-300x300.jpg 300w, https:\/\/agora.xtec.cat\/ieslaromanica\/wp-content\/uploads\/usu857\/2022\/04\/Vamos-a-hacerlo-150x150.jpg 150w, https:\/\/agora.xtec.cat\/ieslaromanica\/wp-content\/uploads\/usu857\/2022\/04\/Vamos-a-hacerlo-768x768.jpg 768w\" sizes=\"auto, (max-width: 805px) 100vw, 805px\" \/><\/td>\n<\/tr>\n<\/tbody>\n<\/table>\n<p>&nbsp;<\/p>\n","protected":false},"excerpt":{"rendered":"<p>Durant aquest final de trimestre, els alumnes de quart d\u2019ESO que realitzen l\u2019optativa de \u201cM\u00fasica y Poes\u00eda\u201d, han gravat uns videoclips amb unes lletres originals creades per ells mateixos.<br \/>\nL\u2019activitat consistia a transformar uns poemes creats per ells mateixos, dins de l\u2019assignatura, a format can\u00e7\u00f3. Per&hellip;  <a href=\"https:\/\/agora.xtec.cat\/ieslaromanica\/general\/musica-y-poesia-concurs-de-videoclips\/\" title=\"Read \u201cM\u00fasica y poes\u00eda\u201d: concurs de Videoclips.\">Llegeix m\u00e9s\u00bb<\/a><\/p>\n","protected":false},"author":6,"featured_media":21226,"comment_status":"open","ping_status":"closed","sticky":false,"template":"","format":"standard","meta":{"_bbp_topic_count":0,"_bbp_reply_count":0,"_bbp_total_topic_count":0,"_bbp_total_reply_count":0,"_bbp_voice_count":0,"_bbp_anonymous_reply_count":0,"_bbp_topic_count_hidden":0,"_bbp_reply_count_hidden":0,"_bbp_forum_subforum_count":0,"footnotes":""},"categories":[6,7,1,29],"tags":[348,358,262,334,38],"class_list":["post-21212","post","type-post","status-publish","format-standard","has-post-thumbnail","hentry","category-eso-3","category-eso-4","category-general","category-portada","tag-ambit-linguistic","tag-curs-2021-2022","tag-departament-de-llengua-castellana","tag-premis-i-concursos","tag-sant-jordi"],"post_mailing_queue_ids":[],"_links":{"self":[{"href":"https:\/\/agora.xtec.cat\/ieslaromanica\/wp-json\/wp\/v2\/posts\/21212","targetHints":{"allow":["GET"]}}],"collection":[{"href":"https:\/\/agora.xtec.cat\/ieslaromanica\/wp-json\/wp\/v2\/posts"}],"about":[{"href":"https:\/\/agora.xtec.cat\/ieslaromanica\/wp-json\/wp\/v2\/types\/post"}],"author":[{"embeddable":true,"href":"https:\/\/agora.xtec.cat\/ieslaromanica\/wp-json\/wp\/v2\/users\/6"}],"replies":[{"embeddable":true,"href":"https:\/\/agora.xtec.cat\/ieslaromanica\/wp-json\/wp\/v2\/comments?post=21212"}],"version-history":[{"count":3,"href":"https:\/\/agora.xtec.cat\/ieslaromanica\/wp-json\/wp\/v2\/posts\/21212\/revisions"}],"predecessor-version":[{"id":21225,"href":"https:\/\/agora.xtec.cat\/ieslaromanica\/wp-json\/wp\/v2\/posts\/21212\/revisions\/21225"}],"wp:featuredmedia":[{"embeddable":true,"href":"https:\/\/agora.xtec.cat\/ieslaromanica\/wp-json\/wp\/v2\/media\/21226"}],"wp:attachment":[{"href":"https:\/\/agora.xtec.cat\/ieslaromanica\/wp-json\/wp\/v2\/media?parent=21212"}],"wp:term":[{"taxonomy":"category","embeddable":true,"href":"https:\/\/agora.xtec.cat\/ieslaromanica\/wp-json\/wp\/v2\/categories?post=21212"},{"taxonomy":"post_tag","embeddable":true,"href":"https:\/\/agora.xtec.cat\/ieslaromanica\/wp-json\/wp\/v2\/tags?post=21212"}],"curies":[{"name":"wp","href":"https:\/\/api.w.org\/{rel}","templated":true}]}}