{"id":21183,"date":"2022-03-31T08:58:12","date_gmt":"2022-03-31T06:58:12","guid":{"rendered":"https:\/\/agora.xtec.cat\/ieslaromanica\/?p=21183"},"modified":"2022-03-31T09:01:44","modified_gmt":"2022-03-31T07:01:44","slug":"sortida-de-lalumnat-de-1r-de-batxillerat","status":"publish","type":"post","link":"https:\/\/agora.xtec.cat\/ieslaromanica\/general\/sortida-de-lalumnat-de-1r-de-batxillerat\/","title":{"rendered":"Teatre per a l&#8217;alumnat de primer de batxillerat"},"content":{"rendered":"<p>El passat dimecres, els alumnes de primer de batxillerat van gaudir de l&#8217;espectacle musical <em>La filla del mar<\/em>, una de les peces m\u00e9s memorables de la literatura dram\u00e0tica catalana, al Teatre Condal de Barcelona. Una trepidant hist\u00f2ria, apassionada i plena d&#8217;obstacles que va emocionar els nostres alumnes.<\/p>\n<table style=\"border-collapse: collapse; width: 74.3353%; height: 32px;\">\n<tbody>\n<tr>\n<td style=\"width: 100%;\"><a href=\"https:\/\/agora.xtec.cat\/ieslaromanica\/wp-content\/uploads\/usu857\/2022\/03\/sortida-teatre-2mg.jpg\"><img loading=\"lazy\" decoding=\"async\" class=\"wp-image-21186 aligncenter\" src=\"https:\/\/agora.xtec.cat\/ieslaromanica\/wp-content\/uploads\/usu857\/2022\/03\/sortida-teatre-2mg-1024x577.jpg\" alt=\"\" width=\"501\" height=\"248\" \/><\/a><\/td>\n<\/tr>\n<\/tbody>\n<\/table>\n","protected":false},"excerpt":{"rendered":"<p>El passat dimecres, els alumnes de primer de batxillerat van gaudir de l&#8217;espectacle musical La filla del mar, una de les peces m\u00e9s memorables de la literatura dram\u00e0tica catalana, al Teatre Condal de Barcelona. Una trepidant hist\u00f2ria, apassionada i plena d&#8217;obstacles que va emocionar els&hellip;  <a href=\"https:\/\/agora.xtec.cat\/ieslaromanica\/general\/sortida-de-lalumnat-de-1r-de-batxillerat\/\" title=\"Read Teatre per a l&#8217;alumnat de primer de batxillerat\">Llegeix m\u00e9s\u00bb<\/a><\/p>\n","protected":false},"author":6,"featured_media":21186,"comment_status":"open","ping_status":"closed","sticky":false,"template":"","format":"standard","meta":{"_bbp_topic_count":0,"_bbp_reply_count":0,"_bbp_total_topic_count":0,"_bbp_total_reply_count":0,"_bbp_voice_count":0,"_bbp_anonymous_reply_count":0,"_bbp_topic_count_hidden":0,"_bbp_reply_count_hidden":0,"_bbp_forum_subforum_count":0,"footnotes":""},"categories":[72,1,29],"tags":[348,358,235,39],"class_list":["post-21183","post","type-post","status-publish","format-standard","has-post-thumbnail","hentry","category-1-batx","category-general","category-portada","tag-ambit-linguistic","tag-curs-2021-2022","tag-departament-de-catala","tag-sortides"],"post_mailing_queue_ids":[],"_links":{"self":[{"href":"https:\/\/agora.xtec.cat\/ieslaromanica\/wp-json\/wp\/v2\/posts\/21183","targetHints":{"allow":["GET"]}}],"collection":[{"href":"https:\/\/agora.xtec.cat\/ieslaromanica\/wp-json\/wp\/v2\/posts"}],"about":[{"href":"https:\/\/agora.xtec.cat\/ieslaromanica\/wp-json\/wp\/v2\/types\/post"}],"author":[{"embeddable":true,"href":"https:\/\/agora.xtec.cat\/ieslaromanica\/wp-json\/wp\/v2\/users\/6"}],"replies":[{"embeddable":true,"href":"https:\/\/agora.xtec.cat\/ieslaromanica\/wp-json\/wp\/v2\/comments?post=21183"}],"version-history":[{"count":3,"href":"https:\/\/agora.xtec.cat\/ieslaromanica\/wp-json\/wp\/v2\/posts\/21183\/revisions"}],"predecessor-version":[{"id":21190,"href":"https:\/\/agora.xtec.cat\/ieslaromanica\/wp-json\/wp\/v2\/posts\/21183\/revisions\/21190"}],"wp:featuredmedia":[{"embeddable":true,"href":"https:\/\/agora.xtec.cat\/ieslaromanica\/wp-json\/wp\/v2\/media\/21186"}],"wp:attachment":[{"href":"https:\/\/agora.xtec.cat\/ieslaromanica\/wp-json\/wp\/v2\/media?parent=21183"}],"wp:term":[{"taxonomy":"category","embeddable":true,"href":"https:\/\/agora.xtec.cat\/ieslaromanica\/wp-json\/wp\/v2\/categories?post=21183"},{"taxonomy":"post_tag","embeddable":true,"href":"https:\/\/agora.xtec.cat\/ieslaromanica\/wp-json\/wp\/v2\/tags?post=21183"}],"curies":[{"name":"wp","href":"https:\/\/api.w.org\/{rel}","templated":true}]}}