{"id":21164,"date":"2022-03-30T12:30:59","date_gmt":"2022-03-30T10:30:59","guid":{"rendered":"https:\/\/agora.xtec.cat\/ieslaromanica\/?p=21164"},"modified":"2022-03-30T14:19:58","modified_gmt":"2022-03-30T12:19:58","slug":"de-patrons-circulars-a-la-representacio-de-superficies-reglades","status":"publish","type":"post","link":"https:\/\/agora.xtec.cat\/ieslaromanica\/general\/de-patrons-circulars-a-la-representacio-de-superficies-reglades\/","title":{"rendered":"De patrons circulars a la representaci\u00f3 de superf\u00edcies reglades"},"content":{"rendered":"<p>Els alumnes de 4t d&#8217;ESO (grups A, B i C) de La Rom\u00e0nica, despr\u00e9s d&#8217;aprofundir i fer recerca en la funci\u00f3 i sentit de les formes de la naturalesa en les que es va basar l&#8217;arquitecte Antoni Gaud\u00ed, han estat dibuixant i dissenyant patrons basats en la circumfer\u00e8ncia. Aquests patrons, <em>la llavor de la vida, la flor de la vida, el fruit de la vida i el cub de Metatron<\/em>, s&#8217;han trobat a totes les cultures ancestrals d&#8217;arreu del m\u00f3n i constitueixen geometries lligades a la vida i la creaci\u00f3 de la mat\u00e8ria.<\/p>\n<table style=\"border-collapse: collapse; width: 72.948%; height: 77px;\">\n<tbody>\n<tr>\n<td style=\"width: 100%;\"><a href=\"https:\/\/viplaromanica.blogspot.com\/p\/galeria-gaudir-les-formes-4t-deso-2022.html\">Veure m\u00e9s imatges a la Galeria del Projecte (Bloc de Visual i Pl\u00e0tica).<\/a><\/td>\n<\/tr>\n<tr>\n<td style=\"width: 100%;\"><a href=\"https:\/\/agora.xtec.cat\/ieslaromanica\/wp-content\/uploads\/usu857\/2022\/03\/TIRA-Flor1-2mg-scaled.jpg\"><img loading=\"lazy\" decoding=\"async\" class=\"alignleft size-large wp-image-21168\" src=\"https:\/\/agora.xtec.cat\/ieslaromanica\/wp-content\/uploads\/usu857\/2022\/03\/TIRA-Flor1-2mg-1024x287.jpg\" alt=\"\" width=\"1024\" height=\"287\" srcset=\"https:\/\/agora.xtec.cat\/ieslaromanica\/wp-content\/uploads\/usu857\/2022\/03\/TIRA-Flor1-2mg-1024x287.jpg 1024w, https:\/\/agora.xtec.cat\/ieslaromanica\/wp-content\/uploads\/usu857\/2022\/03\/TIRA-Flor1-2mg-300x84.jpg 300w, https:\/\/agora.xtec.cat\/ieslaromanica\/wp-content\/uploads\/usu857\/2022\/03\/TIRA-Flor1-2mg-768x215.jpg 768w, https:\/\/agora.xtec.cat\/ieslaromanica\/wp-content\/uploads\/usu857\/2022\/03\/TIRA-Flor1-2mg-1536x430.jpg 1536w, https:\/\/agora.xtec.cat\/ieslaromanica\/wp-content\/uploads\/usu857\/2022\/03\/TIRA-Flor1-2mg-2048x574.jpg 2048w\" sizes=\"auto, (max-width: 1024px) 100vw, 1024px\" \/><\/a><\/td>\n<\/tr>\n<tr>\n<td style=\"width: 100%;\"><a href=\"https:\/\/agora.xtec.cat\/ieslaromanica\/wp-content\/uploads\/usu857\/2022\/03\/TIRA-Fuit1-2mg-scaled.jpg\"><img loading=\"lazy\" decoding=\"async\" class=\"alignleft size-large wp-image-21169\" src=\"https:\/\/agora.xtec.cat\/ieslaromanica\/wp-content\/uploads\/usu857\/2022\/03\/TIRA-Fuit1-2mg-1024x287.jpg\" alt=\"\" width=\"1024\" height=\"287\" srcset=\"https:\/\/agora.xtec.cat\/ieslaromanica\/wp-content\/uploads\/usu857\/2022\/03\/TIRA-Fuit1-2mg-1024x287.jpg 1024w, https:\/\/agora.xtec.cat\/ieslaromanica\/wp-content\/uploads\/usu857\/2022\/03\/TIRA-Fuit1-2mg-300x84.jpg 300w, https:\/\/agora.xtec.cat\/ieslaromanica\/wp-content\/uploads\/usu857\/2022\/03\/TIRA-Fuit1-2mg-768x215.jpg 768w, https:\/\/agora.xtec.cat\/ieslaromanica\/wp-content\/uploads\/usu857\/2022\/03\/TIRA-Fuit1-2mg-1536x430.jpg 1536w, https:\/\/agora.xtec.cat\/ieslaromanica\/wp-content\/uploads\/usu857\/2022\/03\/TIRA-Fuit1-2mg-2048x574.jpg 2048w\" sizes=\"auto, (max-width: 1024px) 100vw, 1024px\" \/><\/a><\/td>\n<\/tr>\n<\/tbody>\n<\/table>\n<p>A continuaci\u00f3, veiem com Gaud\u00ed va utilitzar les formes org\u00e0niques i l&#8217;esfera, amb diferents transformacions, divisions, rotacions&#8230; Si en 2 dimensions descobrim corbes, arcs com la caten\u00e0ria, espirals i seccions c\u00f2niques (corbes c\u00f2niques), en 3 dimensions ens endinsem de ple en les superf\u00edcies reglades. Va ser el primer arquitecte que va aplicar de forma massiva aquesta geometria en l&#8217;obra constru\u00efda, fet que va ser possible per la seva pr\u00e0ctica experimental on investigava generant nombroses maquetes i per al seu gran desig d&#8217;aprendre i crear noves formes connectades a la natura.<\/p>\n<p>Aix\u00ed, Introdu\u00efm la pr\u00e0ctica completa del dibuix t\u00e8cnic (mesures, escales i proporcions, regles: escaire i cartab\u00f3, transportador d&#8217;angles&#8230;) per a dissenyar en 2 dimensions diferents tipus de superf\u00edcies reglades: helicoides, conoides, paraboloides, hiperboloides&#8230; Tamb\u00e9 introdu\u00efm la geometria fractal com a estrat\u00e8gia de creaci\u00f3, tal com podem veure a les naus de la Sagrada Fam\u00edlia.<\/p>\n<table style=\"border-collapse: collapse; width: 74.8025%; height: 132px;\">\n<tbody>\n<tr>\n<td style=\"width: 100%;\"><a href=\"https:\/\/viplaromanica.blogspot.com\/p\/galeria-gaudir-les-formes-4t-deso-2022.html\">Veure m\u00e9s imatges a la Galeria del Projecte (Bloc de Visual i Pl\u00e0tica).<\/a><\/td>\n<\/tr>\n<tr>\n<td style=\"width: 100%;\"><a href=\"https:\/\/agora.xtec.cat\/ieslaromanica\/wp-content\/uploads\/usu857\/2022\/03\/TIRA-conoides1-2mg-scaled.jpg\"><img loading=\"lazy\" decoding=\"async\" class=\"alignleft size-large wp-image-21173\" src=\"https:\/\/agora.xtec.cat\/ieslaromanica\/wp-content\/uploads\/usu857\/2022\/03\/TIRA-conoides1-2mg-1024x287.jpg\" alt=\"\" width=\"1024\" height=\"287\" srcset=\"https:\/\/agora.xtec.cat\/ieslaromanica\/wp-content\/uploads\/usu857\/2022\/03\/TIRA-conoides1-2mg-1024x287.jpg 1024w, https:\/\/agora.xtec.cat\/ieslaromanica\/wp-content\/uploads\/usu857\/2022\/03\/TIRA-conoides1-2mg-300x84.jpg 300w, https:\/\/agora.xtec.cat\/ieslaromanica\/wp-content\/uploads\/usu857\/2022\/03\/TIRA-conoides1-2mg-768x215.jpg 768w, https:\/\/agora.xtec.cat\/ieslaromanica\/wp-content\/uploads\/usu857\/2022\/03\/TIRA-conoides1-2mg-1536x430.jpg 1536w, https:\/\/agora.xtec.cat\/ieslaromanica\/wp-content\/uploads\/usu857\/2022\/03\/TIRA-conoides1-2mg-2048x574.jpg 2048w\" sizes=\"auto, (max-width: 1024px) 100vw, 1024px\" \/><\/a><\/td>\n<\/tr>\n<tr>\n<td style=\"width: 100%;\"><a href=\"https:\/\/agora.xtec.cat\/ieslaromanica\/wp-content\/uploads\/usu857\/2022\/03\/TIRA4-mezcla-2mg-scaled.jpg\"><img loading=\"lazy\" decoding=\"async\" class=\"alignleft size-large wp-image-21172\" src=\"https:\/\/agora.xtec.cat\/ieslaromanica\/wp-content\/uploads\/usu857\/2022\/03\/TIRA4-mezcla-2mg-1024x287.jpg\" alt=\"\" width=\"1024\" height=\"287\" srcset=\"https:\/\/agora.xtec.cat\/ieslaromanica\/wp-content\/uploads\/usu857\/2022\/03\/TIRA4-mezcla-2mg-1024x287.jpg 1024w, https:\/\/agora.xtec.cat\/ieslaromanica\/wp-content\/uploads\/usu857\/2022\/03\/TIRA4-mezcla-2mg-300x84.jpg 300w, https:\/\/agora.xtec.cat\/ieslaromanica\/wp-content\/uploads\/usu857\/2022\/03\/TIRA4-mezcla-2mg-768x215.jpg 768w, https:\/\/agora.xtec.cat\/ieslaromanica\/wp-content\/uploads\/usu857\/2022\/03\/TIRA4-mezcla-2mg-1536x430.jpg 1536w, https:\/\/agora.xtec.cat\/ieslaromanica\/wp-content\/uploads\/usu857\/2022\/03\/TIRA4-mezcla-2mg-2048x573.jpg 2048w\" sizes=\"auto, (max-width: 1024px) 100vw, 1024px\" \/><\/a><\/td>\n<\/tr>\n<tr>\n<td style=\"width: 100%;\"><a href=\"https:\/\/agora.xtec.cat\/ieslaromanica\/wp-content\/uploads\/usu857\/2022\/03\/TIRA-hiperboloides3-2mg-scaled.jpg\"><img loading=\"lazy\" decoding=\"async\" class=\"alignleft size-large wp-image-21171\" src=\"https:\/\/agora.xtec.cat\/ieslaromanica\/wp-content\/uploads\/usu857\/2022\/03\/TIRA-hiperboloides3-2mg-1024x287.jpg\" alt=\"\" width=\"1024\" height=\"287\" srcset=\"https:\/\/agora.xtec.cat\/ieslaromanica\/wp-content\/uploads\/usu857\/2022\/03\/TIRA-hiperboloides3-2mg-1024x287.jpg 1024w, https:\/\/agora.xtec.cat\/ieslaromanica\/wp-content\/uploads\/usu857\/2022\/03\/TIRA-hiperboloides3-2mg-300x84.jpg 300w, https:\/\/agora.xtec.cat\/ieslaromanica\/wp-content\/uploads\/usu857\/2022\/03\/TIRA-hiperboloides3-2mg-768x215.jpg 768w, https:\/\/agora.xtec.cat\/ieslaromanica\/wp-content\/uploads\/usu857\/2022\/03\/TIRA-hiperboloides3-2mg-1536x430.jpg 1536w, https:\/\/agora.xtec.cat\/ieslaromanica\/wp-content\/uploads\/usu857\/2022\/03\/TIRA-hiperboloides3-2mg-2048x573.jpg 2048w\" sizes=\"auto, (max-width: 1024px) 100vw, 1024px\" \/><\/a><\/td>\n<\/tr>\n<\/tbody>\n<\/table>\n<p><a href=\"https:\/\/agora.xtec.cat\/ieslaromanica\/projectes\/projectes-2019-2020-2\/gaudir-les-formes\/\">Visita el projecte al nostre web.<\/a><\/p>\n<p>Amb els dibuixos dels alumnes hem realitzat una exposici\u00f3 a la segona plata de l&#8217;edifici:<\/p>\n<table style=\"border-collapse: collapse; width: 74.5665%; height: 24px;\">\n<tbody>\n<tr>\n<td style=\"width: 50%;\"><a href=\"https:\/\/agora.xtec.cat\/ieslaromanica\/wp-content\/uploads\/usu857\/2022\/03\/IMG_2622bis-Flor-Vida-2mg.jpg\"><img loading=\"lazy\" decoding=\"async\" class=\"alignleft size-large wp-image-21163\" src=\"https:\/\/agora.xtec.cat\/ieslaromanica\/wp-content\/uploads\/usu857\/2022\/03\/IMG_2622bis-Flor-Vida-2mg-1024x768.jpg\" alt=\"\" width=\"1024\" height=\"768\" srcset=\"https:\/\/agora.xtec.cat\/ieslaromanica\/wp-content\/uploads\/usu857\/2022\/03\/IMG_2622bis-Flor-Vida-2mg-1024x768.jpg 1024w, https:\/\/agora.xtec.cat\/ieslaromanica\/wp-content\/uploads\/usu857\/2022\/03\/IMG_2622bis-Flor-Vida-2mg-300x225.jpg 300w, https:\/\/agora.xtec.cat\/ieslaromanica\/wp-content\/uploads\/usu857\/2022\/03\/IMG_2622bis-Flor-Vida-2mg-768x576.jpg 768w, https:\/\/agora.xtec.cat\/ieslaromanica\/wp-content\/uploads\/usu857\/2022\/03\/IMG_2622bis-Flor-Vida-2mg-1536x1152.jpg 1536w, https:\/\/agora.xtec.cat\/ieslaromanica\/wp-content\/uploads\/usu857\/2022\/03\/IMG_2622bis-Flor-Vida-2mg-200x150.jpg 200w, https:\/\/agora.xtec.cat\/ieslaromanica\/wp-content\/uploads\/usu857\/2022\/03\/IMG_2622bis-Flor-Vida-2mg.jpg 1871w\" sizes=\"auto, (max-width: 1024px) 100vw, 1024px\" \/><\/a><\/td>\n<td style=\"width: 50%;\"><a href=\"https:\/\/agora.xtec.cat\/ieslaromanica\/wp-content\/uploads\/usu857\/2022\/03\/IMG_2620-bis-SR-2mg.jpg\"><img loading=\"lazy\" decoding=\"async\" class=\"alignleft size-large wp-image-21162\" src=\"https:\/\/agora.xtec.cat\/ieslaromanica\/wp-content\/uploads\/usu857\/2022\/03\/IMG_2620-bis-SR-2mg-1024x768.jpg\" alt=\"\" width=\"1024\" height=\"768\" srcset=\"https:\/\/agora.xtec.cat\/ieslaromanica\/wp-content\/uploads\/usu857\/2022\/03\/IMG_2620-bis-SR-2mg-1024x768.jpg 1024w, https:\/\/agora.xtec.cat\/ieslaromanica\/wp-content\/uploads\/usu857\/2022\/03\/IMG_2620-bis-SR-2mg-300x225.jpg 300w, https:\/\/agora.xtec.cat\/ieslaromanica\/wp-content\/uploads\/usu857\/2022\/03\/IMG_2620-bis-SR-2mg-768x576.jpg 768w, https:\/\/agora.xtec.cat\/ieslaromanica\/wp-content\/uploads\/usu857\/2022\/03\/IMG_2620-bis-SR-2mg-1536x1152.jpg 1536w, https:\/\/agora.xtec.cat\/ieslaromanica\/wp-content\/uploads\/usu857\/2022\/03\/IMG_2620-bis-SR-2mg-200x150.jpg 200w, https:\/\/agora.xtec.cat\/ieslaromanica\/wp-content\/uploads\/usu857\/2022\/03\/IMG_2620-bis-SR-2mg.jpg 1984w\" sizes=\"auto, (max-width: 1024px) 100vw, 1024px\" \/><\/a><\/td>\n<\/tr>\n<\/tbody>\n<\/table>\n","protected":false},"excerpt":{"rendered":"<p>Els alumnes de 4t d&#8217;ESO (grups A, B i C) de La Rom\u00e0nica, despr\u00e9s d&#8217;aprofundir i fer recerca en la funci\u00f3 i sentit de les formes de la naturalesa en les que es va basar l&#8217;arquitecte Antoni Gaud\u00ed, han estat dibuixant i dissenyant patrons basats&hellip;  <a href=\"https:\/\/agora.xtec.cat\/ieslaromanica\/general\/de-patrons-circulars-a-la-representacio-de-superficies-reglades\/\" title=\"Read De patrons circulars a la representaci\u00f3 de superf\u00edcies reglades\">Llegeix m\u00e9s\u00bb<\/a><\/p>\n","protected":false},"author":6,"featured_media":21167,"comment_status":"open","ping_status":"closed","sticky":false,"template":"","format":"standard","meta":{"_bbp_topic_count":0,"_bbp_reply_count":0,"_bbp_total_topic_count":0,"_bbp_total_reply_count":0,"_bbp_voice_count":0,"_bbp_anonymous_reply_count":0,"_bbp_topic_count_hidden":0,"_bbp_reply_count_hidden":0,"_bbp_forum_subforum_count":0,"footnotes":""},"categories":[7,1,29],"tags":[320,358,252,319],"class_list":["post-21164","post","type-post","status-publish","format-standard","has-post-thumbnail","hentry","category-eso-4","category-general","category-portada","tag-ambit-artistic","tag-curs-2021-2022","tag-exposicions","tag-projecte-gaudir-les-formes"],"post_mailing_queue_ids":[],"_links":{"self":[{"href":"https:\/\/agora.xtec.cat\/ieslaromanica\/wp-json\/wp\/v2\/posts\/21164","targetHints":{"allow":["GET"]}}],"collection":[{"href":"https:\/\/agora.xtec.cat\/ieslaromanica\/wp-json\/wp\/v2\/posts"}],"about":[{"href":"https:\/\/agora.xtec.cat\/ieslaromanica\/wp-json\/wp\/v2\/types\/post"}],"author":[{"embeddable":true,"href":"https:\/\/agora.xtec.cat\/ieslaromanica\/wp-json\/wp\/v2\/users\/6"}],"replies":[{"embeddable":true,"href":"https:\/\/agora.xtec.cat\/ieslaromanica\/wp-json\/wp\/v2\/comments?post=21164"}],"version-history":[{"count":3,"href":"https:\/\/agora.xtec.cat\/ieslaromanica\/wp-json\/wp\/v2\/posts\/21164\/revisions"}],"predecessor-version":[{"id":21176,"href":"https:\/\/agora.xtec.cat\/ieslaromanica\/wp-json\/wp\/v2\/posts\/21164\/revisions\/21176"}],"wp:featuredmedia":[{"embeddable":true,"href":"https:\/\/agora.xtec.cat\/ieslaromanica\/wp-json\/wp\/v2\/media\/21167"}],"wp:attachment":[{"href":"https:\/\/agora.xtec.cat\/ieslaromanica\/wp-json\/wp\/v2\/media?parent=21164"}],"wp:term":[{"taxonomy":"category","embeddable":true,"href":"https:\/\/agora.xtec.cat\/ieslaromanica\/wp-json\/wp\/v2\/categories?post=21164"},{"taxonomy":"post_tag","embeddable":true,"href":"https:\/\/agora.xtec.cat\/ieslaromanica\/wp-json\/wp\/v2\/tags?post=21164"}],"curies":[{"name":"wp","href":"https:\/\/api.w.org\/{rel}","templated":true}]}}