{"id":21062,"date":"2022-03-16T11:21:20","date_gmt":"2022-03-16T10:21:20","guid":{"rendered":"https:\/\/agora.xtec.cat\/ieslaromanica\/?p=21062"},"modified":"2022-03-16T11:33:14","modified_gmt":"2022-03-16T10:33:14","slug":"vaga-unitaria-maturo-i-dic-prou","status":"publish","type":"post","link":"https:\/\/agora.xtec.cat\/ieslaromanica\/general\/vaga-unitaria-maturo-i-dic-prou\/","title":{"rendered":"Vaga unit\u00e0ria: M&#8217;aturo i dic PROU"},"content":{"rendered":"<p>Gran part del professorat de La Rom\u00e0nica recolza la vaga unit\u00e0ria convocada per tots els sindicats. L&#8217;objectiu \u00e9s millorar l&#8217;educaci\u00f3 i aconseguir una negociaci\u00f3 que ajudi a canviar el rumb que ens ha dut a viure una situaci\u00f3 prec\u00e0ria en aquest \u00e0mbit social i personal.<\/p>\n<p>Aqu\u00ed teniu el v\u00eddeo que hem gravat (clica la imatge): <strong>M&#8217;aturo i dic PROU!<\/strong><\/p>\n<table style=\"border-collapse: collapse; width: 69.9115%; height: 24px;\">\n<tbody>\n<tr>\n<td style=\"width: 100%;\"><a href=\"https:\/\/drive.google.com\/file\/d\/17s3DB7ewXyoXjmMs4gh-cF7RtvEP22kN\/view?usp=sharing\"><img loading=\"lazy\" decoding=\"async\" class=\"alignleft size-full wp-image-21061\" src=\"https:\/\/agora.xtec.cat\/ieslaromanica\/wp-content\/uploads\/usu857\/2022\/03\/Professorat-La-Romanica-bis.jpg\" alt=\"\" width=\"1024\" height=\"621\" srcset=\"https:\/\/agora.xtec.cat\/ieslaromanica\/wp-content\/uploads\/usu857\/2022\/03\/Professorat-La-Romanica-bis.jpg 1024w, https:\/\/agora.xtec.cat\/ieslaromanica\/wp-content\/uploads\/usu857\/2022\/03\/Professorat-La-Romanica-bis-300x182.jpg 300w, https:\/\/agora.xtec.cat\/ieslaromanica\/wp-content\/uploads\/usu857\/2022\/03\/Professorat-La-Romanica-bis-768x466.jpg 768w\" sizes=\"auto, (max-width: 1024px) 100vw, 1024px\" \/><\/a><\/td>\n<\/tr>\n<\/tbody>\n<\/table>\n","protected":false},"excerpt":{"rendered":"<p>Gran part del professorat de La Rom\u00e0nica recolza la vaga unit\u00e0ria convocada per tots els sindicats. L&#8217;objectiu \u00e9s millorar l&#8217;educaci\u00f3 i aconseguir una negociaci\u00f3 que ajudi a canviar el rumb que ens ha dut a viure una situaci\u00f3 prec\u00e0ria en aquest \u00e0mbit social i personal.<br \/>\nAqu\u00ed&hellip;  <a href=\"https:\/\/agora.xtec.cat\/ieslaromanica\/general\/vaga-unitaria-maturo-i-dic-prou\/\" title=\"Read Vaga unit\u00e0ria: M&#8217;aturo i dic PROU\">Llegeix m\u00e9s\u00bb<\/a><\/p>\n","protected":false},"author":6,"featured_media":21061,"comment_status":"open","ping_status":"closed","sticky":false,"template":"","format":"standard","meta":{"_bbp_topic_count":0,"_bbp_reply_count":0,"_bbp_total_topic_count":0,"_bbp_total_reply_count":0,"_bbp_voice_count":0,"_bbp_anonymous_reply_count":0,"_bbp_topic_count_hidden":0,"_bbp_reply_count_hidden":0,"_bbp_forum_subforum_count":0,"footnotes":""},"categories":[1,29],"tags":[358,375],"class_list":["post-21062","post","type-post","status-publish","format-standard","has-post-thumbnail","hentry","category-general","category-portada","tag-curs-2021-2022","tag-vaga-unitaria-deducacio"],"post_mailing_queue_ids":[],"_links":{"self":[{"href":"https:\/\/agora.xtec.cat\/ieslaromanica\/wp-json\/wp\/v2\/posts\/21062","targetHints":{"allow":["GET"]}}],"collection":[{"href":"https:\/\/agora.xtec.cat\/ieslaromanica\/wp-json\/wp\/v2\/posts"}],"about":[{"href":"https:\/\/agora.xtec.cat\/ieslaromanica\/wp-json\/wp\/v2\/types\/post"}],"author":[{"embeddable":true,"href":"https:\/\/agora.xtec.cat\/ieslaromanica\/wp-json\/wp\/v2\/users\/6"}],"replies":[{"embeddable":true,"href":"https:\/\/agora.xtec.cat\/ieslaromanica\/wp-json\/wp\/v2\/comments?post=21062"}],"version-history":[{"count":2,"href":"https:\/\/agora.xtec.cat\/ieslaromanica\/wp-json\/wp\/v2\/posts\/21062\/revisions"}],"predecessor-version":[{"id":21064,"href":"https:\/\/agora.xtec.cat\/ieslaromanica\/wp-json\/wp\/v2\/posts\/21062\/revisions\/21064"}],"wp:featuredmedia":[{"embeddable":true,"href":"https:\/\/agora.xtec.cat\/ieslaromanica\/wp-json\/wp\/v2\/media\/21061"}],"wp:attachment":[{"href":"https:\/\/agora.xtec.cat\/ieslaromanica\/wp-json\/wp\/v2\/media?parent=21062"}],"wp:term":[{"taxonomy":"category","embeddable":true,"href":"https:\/\/agora.xtec.cat\/ieslaromanica\/wp-json\/wp\/v2\/categories?post=21062"},{"taxonomy":"post_tag","embeddable":true,"href":"https:\/\/agora.xtec.cat\/ieslaromanica\/wp-json\/wp\/v2\/tags?post=21062"}],"curies":[{"name":"wp","href":"https:\/\/api.w.org\/{rel}","templated":true}]}}