{"id":21018,"date":"2022-03-14T10:32:22","date_gmt":"2022-03-14T09:32:22","guid":{"rendered":"https:\/\/agora.xtec.cat\/ieslaromanica\/?p=21018"},"modified":"2022-03-14T12:21:54","modified_gmt":"2022-03-14T11:21:54","slug":"portes-obertes-2022-batxillerat","status":"publish","type":"post","link":"https:\/\/agora.xtec.cat\/ieslaromanica\/general\/portes-obertes-2022-batxillerat\/","title":{"rendered":"Portes Obertes 2022 &#8211; Batxillerat"},"content":{"rendered":"<p>La Jornada de Portes Obertes de l\u2019Institut La Rom\u00e0nica enfocada a alumnes que volen cursar batxillerat aquest any, com a l&#8217;ESO, es realitzar\u00e0 de forma presencial. Es dur\u00e0 a terme el dimecres <strong>6 d&#8217;abril<\/strong> de 2022 <strong>a les 17:00 h<\/strong>. L\u2019acc\u00e9s ser\u00e0 per la porta principal de la pla\u00e7a Mil\u00b7lenari a l\u2019hora indicada.<\/p>\n<table style=\"border-collapse: collapse; width: 66.5929%; height: 26px;\">\n<tbody>\n<tr>\n<td style=\"width: 100%;\"><a href=\"https:\/\/agora.xtec.cat\/ieslaromanica\/wp-content\/uploads\/usu857\/2022\/03\/JPO-2.jpg\"><img loading=\"lazy\" decoding=\"async\" class=\"wp-image-21029 aligncenter\" src=\"https:\/\/agora.xtec.cat\/ieslaromanica\/wp-content\/uploads\/usu857\/2022\/03\/JPO-2-1001x1024.jpg\" alt=\"\" width=\"440\" height=\"371\" \/><\/a><\/td>\n<\/tr>\n<\/tbody>\n<\/table>\n<p><strong>Us esperem!<\/strong><\/p>\n","protected":false},"excerpt":{"rendered":"<p>La Jornada de Portes Obertes de l\u2019Institut La Rom\u00e0nica enfocada a alumnes que volen cursar batxillerat aquest any, com a l&#8217;ESO, es realitzar\u00e0 de forma presencial. Es dur\u00e0 a terme el dimecres 6 d&#8217;abril de 2022 a les 17:00 h. L\u2019acc\u00e9s ser\u00e0 per la porta&hellip;  <a href=\"https:\/\/agora.xtec.cat\/ieslaromanica\/general\/portes-obertes-2022-batxillerat\/\" title=\"Read Portes Obertes 2022 &#8211; Batxillerat\">Llegeix m\u00e9s\u00bb<\/a><\/p>\n","protected":false},"author":6,"featured_media":21032,"comment_status":"open","ping_status":"closed","sticky":false,"template":"","format":"standard","meta":{"_bbp_topic_count":0,"_bbp_reply_count":0,"_bbp_total_topic_count":0,"_bbp_total_reply_count":0,"_bbp_voice_count":0,"_bbp_anonymous_reply_count":0,"_bbp_topic_count_hidden":0,"_bbp_reply_count_hidden":0,"_bbp_forum_subforum_count":0,"footnotes":""},"categories":[8,1,29],"tags":[358,263],"class_list":["post-21018","post","type-post","status-publish","format-standard","has-post-thumbnail","hentry","category-batxillerat","category-general","category-portada","tag-curs-2021-2022","tag-portes-obertes"],"post_mailing_queue_ids":[],"_links":{"self":[{"href":"https:\/\/agora.xtec.cat\/ieslaromanica\/wp-json\/wp\/v2\/posts\/21018","targetHints":{"allow":["GET"]}}],"collection":[{"href":"https:\/\/agora.xtec.cat\/ieslaromanica\/wp-json\/wp\/v2\/posts"}],"about":[{"href":"https:\/\/agora.xtec.cat\/ieslaromanica\/wp-json\/wp\/v2\/types\/post"}],"author":[{"embeddable":true,"href":"https:\/\/agora.xtec.cat\/ieslaromanica\/wp-json\/wp\/v2\/users\/6"}],"replies":[{"embeddable":true,"href":"https:\/\/agora.xtec.cat\/ieslaromanica\/wp-json\/wp\/v2\/comments?post=21018"}],"version-history":[{"count":3,"href":"https:\/\/agora.xtec.cat\/ieslaromanica\/wp-json\/wp\/v2\/posts\/21018\/revisions"}],"predecessor-version":[{"id":21038,"href":"https:\/\/agora.xtec.cat\/ieslaromanica\/wp-json\/wp\/v2\/posts\/21018\/revisions\/21038"}],"wp:featuredmedia":[{"embeddable":true,"href":"https:\/\/agora.xtec.cat\/ieslaromanica\/wp-json\/wp\/v2\/media\/21032"}],"wp:attachment":[{"href":"https:\/\/agora.xtec.cat\/ieslaromanica\/wp-json\/wp\/v2\/media?parent=21018"}],"wp:term":[{"taxonomy":"category","embeddable":true,"href":"https:\/\/agora.xtec.cat\/ieslaromanica\/wp-json\/wp\/v2\/categories?post=21018"},{"taxonomy":"post_tag","embeddable":true,"href":"https:\/\/agora.xtec.cat\/ieslaromanica\/wp-json\/wp\/v2\/tags?post=21018"}],"curies":[{"name":"wp","href":"https:\/\/api.w.org\/{rel}","templated":true}]}}