{"id":21014,"date":"2022-03-11T09:56:09","date_gmt":"2022-03-11T08:56:09","guid":{"rendered":"https:\/\/agora.xtec.cat\/ieslaromanica\/?p=21014"},"modified":"2022-03-11T09:56:09","modified_gmt":"2022-03-11T08:56:09","slug":"resultat-campanya-de-donacio","status":"publish","type":"post","link":"https:\/\/agora.xtec.cat\/ieslaromanica\/general\/resultat-campanya-de-donacio\/","title":{"rendered":"Resultat campanya de donaci\u00f3"},"content":{"rendered":"<table style=\"border-collapse: collapse; width: 69.9115%; height: 27px;\">\n<tbody>\n<tr>\n<td style=\"width: 100%;\"><a href=\"https:\/\/agora.xtec.cat\/ieslaromanica\/wp-content\/uploads\/usu857\/2022\/03\/Resultats-Campanya-Donacio_INS-La-Romanica-scaled.jpg\"><img loading=\"lazy\" decoding=\"async\" class=\"wp-image-21013 aligncenter\" src=\"https:\/\/agora.xtec.cat\/ieslaromanica\/wp-content\/uploads\/usu857\/2022\/03\/Resultats-Campanya-Donacio_INS-La-Romanica-1024x724.jpg\" alt=\"\" width=\"430\" height=\"134\" \/><\/a><\/td>\n<\/tr>\n<\/tbody>\n<\/table>\n<p>La setmana passada va tenir lloc durant dos dies, la II Campanya de Donaci\u00f3 de Sang promoguda conjuntament pel Banc de Sang i Teixits (BST) de Catalunya i el nostre Institut.<br \/>\nEn aquesta II edici\u00f3, alumnat de 3r d\u2019ESO i PFI\u00a0han participat com a voluntaris durant ambd\u00f3s dies per rebre i acompanyar al llarg de tot el proc\u00e9s de donaci\u00f3 de sang als donants. Gr\u00e0cies per la vostra tasca!<\/p>\n<p>Durant els dos dies 110 persones es van apropar a l\u2019Institut, i 96 de les quals van poder realitzar la seva donaci\u00f3.<br \/>\nLa difer\u00e8ncia recau en el fet que s&#8217;han de complir un seguit de requisits m\u00e8dics per a poder ser donant i que l&#8217;equip sanitari que du a terme les extraccions ha de fer garantir.<br \/>\nEntre totes les donacions, 1 de cada 3 donants, va ser la seva primera vegada.<br \/>\nLa distribuci\u00f3 per sexes entre les donacions rebudes tant en horari de mat\u00ed com de tarda, va ser gaireb\u00e9 exacte del 50%.<\/p>\n<p>Moltes gr\u00e0cies a tota la Comunitat Educativa (pares, tutors, professors, personal d&#8217;administraci\u00f3 i serveis, alumnes&#8230;) perqu\u00e8 tots, d&#8217;una manera o altra heu col\u00b7laborat perqu\u00e8 fos un \u00e8xit i que amb aquest gest altruista que heu fet, moltes, molt\u00edssimes persones (fins a 285 persones) es podran veure beneficiades.<br \/>\nMOLTES GR\u00c0CIES!<\/p>\n","protected":false},"excerpt":{"rendered":"<p><a href=\"https:\/\/agora.xtec.cat\/ieslaromanica\/wp-content\/uploads\/usu857\/2022\/03\/Resultats-Campanya-Donacio_INS-La-Romanica-scaled.jpg\"><\/a><\/p>\n<p>La setmana passada va tenir lloc durant dos dies, la II Campanya de Donaci\u00f3 de Sang promoguda conjuntament pel Banc de Sang i Teixits (BST) de Catalunya i el nostre Institut.<br \/>\nEn aquesta II edici\u00f3, alumnat de 3r d\u2019ESO i PFI\u00a0han participat com a voluntaris&hellip;  <a href=\"https:\/\/agora.xtec.cat\/ieslaromanica\/general\/resultat-campanya-de-donacio\/\" title=\"Read Resultat campanya de donaci\u00f3\">Llegeix m\u00e9s\u00bb<\/a><\/p>\n","protected":false},"author":6,"featured_media":21013,"comment_status":"open","ping_status":"closed","sticky":false,"template":"","format":"standard","meta":{"_bbp_topic_count":0,"_bbp_reply_count":0,"_bbp_total_topic_count":0,"_bbp_total_reply_count":0,"_bbp_voice_count":0,"_bbp_anonymous_reply_count":0,"_bbp_topic_count_hidden":0,"_bbp_reply_count_hidden":0,"_bbp_forum_subforum_count":0,"footnotes":""},"categories":[30,6,1,29],"tags":[351,358,363],"class_list":["post-21014","post","type-post","status-publish","format-standard","has-post-thumbnail","hentry","category-cicles-formatius","category-eso-3","category-general","category-portada","tag-campanya-de-donacio-de-sang","tag-curs-2021-2022","tag-projecte-aprenentatge-i-servei"],"post_mailing_queue_ids":[],"_links":{"self":[{"href":"https:\/\/agora.xtec.cat\/ieslaromanica\/wp-json\/wp\/v2\/posts\/21014","targetHints":{"allow":["GET"]}}],"collection":[{"href":"https:\/\/agora.xtec.cat\/ieslaromanica\/wp-json\/wp\/v2\/posts"}],"about":[{"href":"https:\/\/agora.xtec.cat\/ieslaromanica\/wp-json\/wp\/v2\/types\/post"}],"author":[{"embeddable":true,"href":"https:\/\/agora.xtec.cat\/ieslaromanica\/wp-json\/wp\/v2\/users\/6"}],"replies":[{"embeddable":true,"href":"https:\/\/agora.xtec.cat\/ieslaromanica\/wp-json\/wp\/v2\/comments?post=21014"}],"version-history":[{"count":2,"href":"https:\/\/agora.xtec.cat\/ieslaromanica\/wp-json\/wp\/v2\/posts\/21014\/revisions"}],"predecessor-version":[{"id":21016,"href":"https:\/\/agora.xtec.cat\/ieslaromanica\/wp-json\/wp\/v2\/posts\/21014\/revisions\/21016"}],"wp:featuredmedia":[{"embeddable":true,"href":"https:\/\/agora.xtec.cat\/ieslaromanica\/wp-json\/wp\/v2\/media\/21013"}],"wp:attachment":[{"href":"https:\/\/agora.xtec.cat\/ieslaromanica\/wp-json\/wp\/v2\/media?parent=21014"}],"wp:term":[{"taxonomy":"category","embeddable":true,"href":"https:\/\/agora.xtec.cat\/ieslaromanica\/wp-json\/wp\/v2\/categories?post=21014"},{"taxonomy":"post_tag","embeddable":true,"href":"https:\/\/agora.xtec.cat\/ieslaromanica\/wp-json\/wp\/v2\/tags?post=21014"}],"curies":[{"name":"wp","href":"https:\/\/api.w.org\/{rel}","templated":true}]}}