{"id":20919,"date":"2022-03-08T12:58:04","date_gmt":"2022-03-08T11:58:04","guid":{"rendered":"https:\/\/agora.xtec.cat\/ieslaromanica\/?p=20919"},"modified":"2022-03-08T12:58:04","modified_gmt":"2022-03-08T11:58:04","slug":"tots-els-dies-son-8m-institut-la-romanica","status":"publish","type":"post","link":"https:\/\/agora.xtec.cat\/ieslaromanica\/general\/tots-els-dies-son-8m-institut-la-romanica\/","title":{"rendered":"Tots els dies s\u00f3n 8M &#8211; Institut La Rom\u00e0nica"},"content":{"rendered":"<p>L&#8217;Institut La Rom\u00e0nica educa amb valors, entre els quals els del moviment i la lluita feminista. Aquesta iniciativa, complementada amb tot el treball a les tutories, pret\u00e9n visibilitzar i treballar amb tota la comunitat educativa el fet que encara queda molt cam\u00ed per fer.<\/p>\n<p>Amb el nostre alumnat es va decidir qu\u00e8 far\u00edem enguany, com a centre, pel 8M. Entre altres propostes, es va promoure un v\u00eddeo amb la can\u00e7\u00f3 de Rigoberta Bandini, titulada Ay Mam\u00e1, essent un himne d&#8217;homenatge a la dona, a la maternitat i al feminisme.<\/p>\n<p><iframe loading=\"lazy\" title=\"Tots els dies s\u00f3n 8M - Institut La Rom\u00e0nica\" width=\"500\" height=\"281\" src=\"https:\/\/www.youtube.com\/embed\/xWFXNa8HKIw?feature=oembed\" frameborder=\"0\" allow=\"accelerometer; autoplay; clipboard-write; encrypted-media; gyroscope; picture-in-picture; web-share\" referrerpolicy=\"strict-origin-when-cross-origin\" allowfullscreen><\/iframe><\/p>\n<p>Aquesta gravaci\u00f3 ha estat enregistrada, fora de l&#8217;horari lectiu, seguint les mesures corresponents per evitar la propagaci\u00f3 de la\u00a0COVID19. En ella han participat membres de tota la comunitat educativa: alumnat, professorat, fam\u00edlies i PAS.<\/p>\n<p>TOTS ELS DIES S\u00d3N 8M!<\/p>\n","protected":false},"excerpt":{"rendered":"<p>L&#8217;Institut La Rom\u00e0nica educa amb valors, entre els quals els del moviment i la lluita feminista. Aquesta iniciativa, complementada amb tot el treball a les tutories, pret\u00e9n visibilitzar i treballar amb tota la comunitat educativa el fet que encara queda molt cam\u00ed per fer.<br \/>\nAmb el&hellip;  <a href=\"https:\/\/agora.xtec.cat\/ieslaromanica\/general\/tots-els-dies-son-8m-institut-la-romanica\/\" title=\"Read Tots els dies s\u00f3n 8M &#8211; Institut La Rom\u00e0nica\">Llegeix m\u00e9s\u00bb<\/a><\/p>\n","protected":false},"author":6,"featured_media":20925,"comment_status":"open","ping_status":"closed","sticky":false,"template":"","format":"standard","meta":{"_bbp_topic_count":0,"_bbp_reply_count":0,"_bbp_total_topic_count":0,"_bbp_total_reply_count":0,"_bbp_voice_count":0,"_bbp_anonymous_reply_count":0,"_bbp_topic_count_hidden":0,"_bbp_reply_count_hidden":0,"_bbp_forum_subforum_count":0,"footnotes":""},"categories":[314,1,29],"tags":[358,133],"class_list":["post-20919","post","type-post","status-publish","format-standard","has-post-thumbnail","hentry","category-activitats-extraescolars","category-general","category-portada","tag-curs-2021-2022","tag-dia-internacional-de-les-dones"],"post_mailing_queue_ids":[],"_links":{"self":[{"href":"https:\/\/agora.xtec.cat\/ieslaromanica\/wp-json\/wp\/v2\/posts\/20919","targetHints":{"allow":["GET"]}}],"collection":[{"href":"https:\/\/agora.xtec.cat\/ieslaromanica\/wp-json\/wp\/v2\/posts"}],"about":[{"href":"https:\/\/agora.xtec.cat\/ieslaromanica\/wp-json\/wp\/v2\/types\/post"}],"author":[{"embeddable":true,"href":"https:\/\/agora.xtec.cat\/ieslaromanica\/wp-json\/wp\/v2\/users\/6"}],"replies":[{"embeddable":true,"href":"https:\/\/agora.xtec.cat\/ieslaromanica\/wp-json\/wp\/v2\/comments?post=20919"}],"version-history":[{"count":3,"href":"https:\/\/agora.xtec.cat\/ieslaromanica\/wp-json\/wp\/v2\/posts\/20919\/revisions"}],"predecessor-version":[{"id":20922,"href":"https:\/\/agora.xtec.cat\/ieslaromanica\/wp-json\/wp\/v2\/posts\/20919\/revisions\/20922"}],"wp:featuredmedia":[{"embeddable":true,"href":"https:\/\/agora.xtec.cat\/ieslaromanica\/wp-json\/wp\/v2\/media\/20925"}],"wp:attachment":[{"href":"https:\/\/agora.xtec.cat\/ieslaromanica\/wp-json\/wp\/v2\/media?parent=20919"}],"wp:term":[{"taxonomy":"category","embeddable":true,"href":"https:\/\/agora.xtec.cat\/ieslaromanica\/wp-json\/wp\/v2\/categories?post=20919"},{"taxonomy":"post_tag","embeddable":true,"href":"https:\/\/agora.xtec.cat\/ieslaromanica\/wp-json\/wp\/v2\/tags?post=20919"}],"curies":[{"name":"wp","href":"https:\/\/api.w.org\/{rel}","templated":true}]}}