{"id":20831,"date":"2022-03-01T21:51:16","date_gmt":"2022-03-01T20:51:16","guid":{"rendered":"https:\/\/agora.xtec.cat\/ieslaromanica\/?p=20831"},"modified":"2022-03-01T21:51:16","modified_gmt":"2022-03-01T20:51:16","slug":"cultura-popular-a-les-aules-coneix-el-projecte","status":"publish","type":"post","link":"https:\/\/agora.xtec.cat\/ieslaromanica\/general\/cultura-popular-a-les-aules-coneix-el-projecte\/","title":{"rendered":"Cultura Popular a les aules &#8211; coneix el projecte!"},"content":{"rendered":"<p>Tanquem els ulls, pensem en festa major. Transportem-nos a davant de la pla\u00e7a de la vila, a davant de la pla\u00e7a de l\u2019ajuntament i pensem en el que ens transmet quan veiem les danses entrant a pla\u00e7a, els castells muntant, els gegants ballant\u2026 Aquests valors s\u00f3n els que volem transmetre al nostre alumnat. Aquest projecte vol portar aquesta sensaci\u00f3 a les nostres aules.<\/p>\n<p>Realment, i si se\u2019ns permet emprar aquestes expressions, aquest projecte ha estat i \u00e9s pura m\u00e0gia. El que va comen\u00e7ar el curs 2017-2018 com una activitat puntual, ha acabat esdevenint un projecte sense precedents a tot el pa\u00eds pel que fa a la incorporaci\u00f3 i inclusi\u00f3 de la Cultura Popular a les aules i al centre educatiu. Actualment, el projecte es mostra com una assignatura comuna a tot 1r d\u2019ESO, on les sis l\u00ednies del curs treballen tota una s\u00e8rie de valors a la vegada que connecten amb la cultura, les tradicions i la llengua del seu entorn.<\/p>\n<p>Despr\u00e9s de quatre cursos, \u00e9s m\u00e9s que un projecte puntual [des de la perspectiva de l\u2019alumnat] i \u00e9s un projecte transversal i motivador pel jovent, que arriba a transformar el pensament d\u2019aquest i les interaccions que tenen amb el seu entorn. Els resultats s\u00f3n tangibles i carregats d\u2019il\u00b7lusi\u00f3 i, sense anar m\u00e9s lluny, han convertit el nostre centre en capdavanter pel que fa a l\u2019\u00fas de la cultura popular com a eina educativa i transformadora de la societat. De fet, entre altres, hem vist a Barber\u00e0 del Vall\u00e8s la creaci\u00f3 del seu Ball de Bastons, del seu Ball de Pastorets i del seu Ball de Panderos. Tot plegat com a fruit del projecte de cultura popular de l\u2019Institut La Rom\u00e0nica.<\/p>\n<p><iframe loading=\"lazy\" title=\"CULTURA POPULAR A LES AULES - Coneix el projecte!\" width=\"500\" height=\"281\" src=\"https:\/\/www.youtube.com\/embed\/XMMA3jDA80E?feature=oembed\" frameborder=\"0\" allow=\"accelerometer; autoplay; clipboard-write; encrypted-media; gyroscope; picture-in-picture; web-share\" referrerpolicy=\"strict-origin-when-cross-origin\" allowfullscreen><\/iframe><\/p>\n<p>Aquest v\u00eddeo ha estat realitzat per Laura Gotarra\u00a0S\u00e1nchez.<\/p>\n<p>VISCA LA CULTURA POPULAR! ARA I SEMPRE!<\/p>\n","protected":false},"excerpt":{"rendered":"<p>Tanquem els ulls, pensem en festa major. Transportem-nos a davant de la pla\u00e7a de la vila, a davant de la pla\u00e7a de l\u2019ajuntament i pensem en el que ens transmet quan veiem les danses entrant a pla\u00e7a, els castells muntant, els gegants ballant\u2026 Aquests valors&hellip;  <a href=\"https:\/\/agora.xtec.cat\/ieslaromanica\/general\/cultura-popular-a-les-aules-coneix-el-projecte\/\" title=\"Read Cultura Popular a les aules &#8211; coneix el projecte!\">Llegeix m\u00e9s\u00bb<\/a><\/p>\n","protected":false},"author":6,"featured_media":20835,"comment_status":"open","ping_status":"closed","sticky":false,"template":"","format":"standard","meta":{"_bbp_topic_count":0,"_bbp_reply_count":0,"_bbp_total_topic_count":0,"_bbp_total_reply_count":0,"_bbp_voice_count":0,"_bbp_anonymous_reply_count":0,"_bbp_topic_count_hidden":0,"_bbp_reply_count_hidden":0,"_bbp_forum_subforum_count":0,"footnotes":""},"categories":[3,1,29],"tags":[358,311],"class_list":["post-20831","post","type-post","status-publish","format-standard","has-post-thumbnail","hentry","category-eso","category-general","category-portada","tag-curs-2021-2022","tag-projecte-cultura-popular"],"post_mailing_queue_ids":[],"_links":{"self":[{"href":"https:\/\/agora.xtec.cat\/ieslaromanica\/wp-json\/wp\/v2\/posts\/20831","targetHints":{"allow":["GET"]}}],"collection":[{"href":"https:\/\/agora.xtec.cat\/ieslaromanica\/wp-json\/wp\/v2\/posts"}],"about":[{"href":"https:\/\/agora.xtec.cat\/ieslaromanica\/wp-json\/wp\/v2\/types\/post"}],"author":[{"embeddable":true,"href":"https:\/\/agora.xtec.cat\/ieslaromanica\/wp-json\/wp\/v2\/users\/6"}],"replies":[{"embeddable":true,"href":"https:\/\/agora.xtec.cat\/ieslaromanica\/wp-json\/wp\/v2\/comments?post=20831"}],"version-history":[{"count":3,"href":"https:\/\/agora.xtec.cat\/ieslaromanica\/wp-json\/wp\/v2\/posts\/20831\/revisions"}],"predecessor-version":[{"id":20834,"href":"https:\/\/agora.xtec.cat\/ieslaromanica\/wp-json\/wp\/v2\/posts\/20831\/revisions\/20834"}],"wp:featuredmedia":[{"embeddable":true,"href":"https:\/\/agora.xtec.cat\/ieslaromanica\/wp-json\/wp\/v2\/media\/20835"}],"wp:attachment":[{"href":"https:\/\/agora.xtec.cat\/ieslaromanica\/wp-json\/wp\/v2\/media?parent=20831"}],"wp:term":[{"taxonomy":"category","embeddable":true,"href":"https:\/\/agora.xtec.cat\/ieslaromanica\/wp-json\/wp\/v2\/categories?post=20831"},{"taxonomy":"post_tag","embeddable":true,"href":"https:\/\/agora.xtec.cat\/ieslaromanica\/wp-json\/wp\/v2\/tags?post=20831"}],"curies":[{"name":"wp","href":"https:\/\/api.w.org\/{rel}","templated":true}]}}