{"id":20824,"date":"2022-03-01T13:38:58","date_gmt":"2022-03-01T12:38:58","guid":{"rendered":"https:\/\/agora.xtec.cat\/ieslaromanica\/?p=20824"},"modified":"2022-03-01T13:42:14","modified_gmt":"2022-03-01T12:42:14","slug":"agraiment-carnestoltes-2022","status":"publish","type":"post","link":"https:\/\/agora.xtec.cat\/ieslaromanica\/general\/agraiment-carnestoltes-2022\/","title":{"rendered":"Agra\u00efment Carnestoltes 2022- Institut La Rom\u00e0nica"},"content":{"rendered":"<p>El somriure d&#8217;una infant, d&#8217;una jove, d&#8217;una persona, \u00e9s dels millors regals pels ulls i per la vida. Gr\u00e0cies per fer-nos aquest regal avui i reivindicar al llarg del dia que defenseu la pau i rebutgeu la viol\u00e8ncia. Tant de bo de la guerra en f\u00e9ssim dansa SEMPRE. Continuem endavant. No deixarem de lluitar per un m\u00f3n millor i perqu\u00e8 mai us falti un SOMRIURE a la cara.<\/p>\n<p>Us adjuntem un petit aven\u00e7 i un agra\u00efment personalitzat. Reflexionem plegades i valorem cada oportunitat que ens brindi la vida.<\/p>\n<p><iframe loading=\"lazy\" title=\"Agra\u00efment Carnestoltes 2022 - INSTITUT LA ROM\u00c0NICA\" width=\"500\" height=\"281\" src=\"https:\/\/www.youtube.com\/embed\/YpdcWbAhulU?feature=oembed\" frameborder=\"0\" allow=\"accelerometer; autoplay; clipboard-write; encrypted-media; gyroscope; picture-in-picture; web-share\" referrerpolicy=\"strict-origin-when-cross-origin\" allowfullscreen><\/iframe><\/p>\n<p>M\u00e9s endavant, us farem arribar m\u00e9s fotografies i v\u00eddeos de la jornada i setmana de Carnestoltes. Aprofitem per donar les gr\u00e0cies a tot el professorat implicat, aix\u00ed com l&#8217;alumnat, el PAS i un especial agra\u00efment a l&#8217;AFA\/AMPA qui, conjuntament amb l&#8217;equip directiu, han fet possible els diferents sorteigs d&#8217;aquesta setmana i el petit refrigeri a tot l&#8217;alumnat que anava amb disfressa. Aix\u00ed mateix, gr\u00e0cies al jurat format per representants de tota la comunitat educativa i ENHORABONA a tots els grups que heu participat en el concurs de Carnestoltes.<\/p>\n<p>Propera parada&#8230; Campanya de donaci\u00f3 de sang al centre, els dies 2 i 3 de mar\u00e7.<\/p>\n<p>VISCA L&#8217;INSTITUT LA ROM\u00c0NICA. ARA I SEMPRE.<\/p>\n","protected":false},"excerpt":{"rendered":"<p>El somriure d&#8217;una infant, d&#8217;una jove, d&#8217;una persona, \u00e9s dels millors regals pels ulls i per la vida. Gr\u00e0cies per fer-nos aquest regal avui i reivindicar al llarg del dia que defenseu la pau i rebutgeu la viol\u00e8ncia. Tant de bo de la guerra en&hellip;  <a href=\"https:\/\/agora.xtec.cat\/ieslaromanica\/general\/agraiment-carnestoltes-2022\/\" title=\"Read Agra\u00efment Carnestoltes 2022- Institut La Rom\u00e0nica\">Llegeix m\u00e9s\u00bb<\/a><\/p>\n","protected":false},"author":6,"featured_media":20828,"comment_status":"open","ping_status":"closed","sticky":false,"template":"","format":"standard","meta":{"_bbp_topic_count":0,"_bbp_reply_count":0,"_bbp_total_topic_count":0,"_bbp_total_reply_count":0,"_bbp_voice_count":0,"_bbp_anonymous_reply_count":0,"_bbp_topic_count_hidden":0,"_bbp_reply_count_hidden":0,"_bbp_forum_subforum_count":0,"footnotes":""},"categories":[314,31,1,29],"tags":[190,358],"class_list":["post-20824","post","type-post","status-publish","format-standard","has-post-thumbnail","hentry","category-activitats-extraescolars","category-afa","category-general","category-portada","tag-carnestoltes","tag-curs-2021-2022"],"post_mailing_queue_ids":[],"_links":{"self":[{"href":"https:\/\/agora.xtec.cat\/ieslaromanica\/wp-json\/wp\/v2\/posts\/20824","targetHints":{"allow":["GET"]}}],"collection":[{"href":"https:\/\/agora.xtec.cat\/ieslaromanica\/wp-json\/wp\/v2\/posts"}],"about":[{"href":"https:\/\/agora.xtec.cat\/ieslaromanica\/wp-json\/wp\/v2\/types\/post"}],"author":[{"embeddable":true,"href":"https:\/\/agora.xtec.cat\/ieslaromanica\/wp-json\/wp\/v2\/users\/6"}],"replies":[{"embeddable":true,"href":"https:\/\/agora.xtec.cat\/ieslaromanica\/wp-json\/wp\/v2\/comments?post=20824"}],"version-history":[{"count":3,"href":"https:\/\/agora.xtec.cat\/ieslaromanica\/wp-json\/wp\/v2\/posts\/20824\/revisions"}],"predecessor-version":[{"id":20830,"href":"https:\/\/agora.xtec.cat\/ieslaromanica\/wp-json\/wp\/v2\/posts\/20824\/revisions\/20830"}],"wp:featuredmedia":[{"embeddable":true,"href":"https:\/\/agora.xtec.cat\/ieslaromanica\/wp-json\/wp\/v2\/media\/20828"}],"wp:attachment":[{"href":"https:\/\/agora.xtec.cat\/ieslaromanica\/wp-json\/wp\/v2\/media?parent=20824"}],"wp:term":[{"taxonomy":"category","embeddable":true,"href":"https:\/\/agora.xtec.cat\/ieslaromanica\/wp-json\/wp\/v2\/categories?post=20824"},{"taxonomy":"post_tag","embeddable":true,"href":"https:\/\/agora.xtec.cat\/ieslaromanica\/wp-json\/wp\/v2\/tags?post=20824"}],"curies":[{"name":"wp","href":"https:\/\/api.w.org\/{rel}","templated":true}]}}