{"id":20817,"date":"2022-02-21T18:52:03","date_gmt":"2022-02-21T17:52:03","guid":{"rendered":"https:\/\/agora.xtec.cat\/ieslaromanica\/?p=20817"},"modified":"2022-03-08T13:29:55","modified_gmt":"2022-03-08T12:29:55","slug":"jornada-de-portes-obertes-2022","status":"publish","type":"post","link":"https:\/\/agora.xtec.cat\/ieslaromanica\/general\/jornada-de-portes-obertes-2022\/","title":{"rendered":"Jornada de Portes Obertes 2022 &#8211; ESO"},"content":{"rendered":"<p>Enguany les portes obertes de l\u2019Institut La Rom\u00e0nica seran presencials. L\u2019acc\u00e9s es realitzar\u00e0 a l\u2019hora indicada per la porta principal de la pla\u00e7a Mil\u00b7lenari.<\/p>\n<p>Per a una millor organitzaci\u00f3 us preguem que <strong>ompliu el formulari per reservar el vostre torn<\/strong>, tant pel <strong>dimarts 8 de mar\u00e7 (16:45 h)<\/strong> com pel <strong>dissabte 12 de mar\u00e7 (11:00 h)<\/strong>.<\/p>\n<table style=\"border-collapse: collapse; width: 69.469%; height: 27px;\">\n<tbody>\n<tr>\n<td style=\"width: 57.815%;\"><img loading=\"lazy\" decoding=\"async\" class=\"alignleft size-large wp-image-20815\" src=\"https:\/\/agora.xtec.cat\/ieslaromanica\/wp-content\/uploads\/usu857\/2022\/02\/JPO-2-1024x1024.png\" alt=\"\" width=\"1024\" height=\"1024\" srcset=\"https:\/\/agora.xtec.cat\/ieslaromanica\/wp-content\/uploads\/usu857\/2022\/02\/JPO-2-1024x1024.png 1024w, https:\/\/agora.xtec.cat\/ieslaromanica\/wp-content\/uploads\/usu857\/2022\/02\/JPO-2-300x300.png 300w, https:\/\/agora.xtec.cat\/ieslaromanica\/wp-content\/uploads\/usu857\/2022\/02\/JPO-2-150x150.png 150w, https:\/\/agora.xtec.cat\/ieslaromanica\/wp-content\/uploads\/usu857\/2022\/02\/JPO-2-768x768.png 768w, https:\/\/agora.xtec.cat\/ieslaromanica\/wp-content\/uploads\/usu857\/2022\/02\/JPO-2.png 1080w\" sizes=\"auto, (max-width: 1024px) 100vw, 1024px\" \/><\/td>\n<td style=\"width: 42.185%; text-align: center;\">Aqu\u00ed podeu accedir al formulari:<\/p>\n<p><a href=\"https:\/\/docs.google.com\/forms\/d\/e\/1FAIpQLScXGk8x2j5xwoZTqee_eAf-lSluk7sbWQXW1fyYcJETE7vtSg\/viewform?usp=sf_link\"><img loading=\"lazy\" decoding=\"async\" class=\"wp-image-17500 aligncenter\" src=\"https:\/\/agora.xtec.cat\/ieslaromanica\/wp-content\/uploads\/usu857\/2020\/05\/formulari.png\" alt=\"\" width=\"91\" height=\"91\" srcset=\"https:\/\/agora.xtec.cat\/ieslaromanica\/wp-content\/uploads\/usu857\/2020\/05\/formulari.png 225w, https:\/\/agora.xtec.cat\/ieslaromanica\/wp-content\/uploads\/usu857\/2020\/05\/formulari-150x150.png 150w\" sizes=\"auto, (max-width: 91px) 100vw, 91px\" \/><\/a><\/td>\n<\/tr>\n<\/tbody>\n<\/table>\n<p>Us esperem!<\/p>\n<p><strong>V\u00eddeo &#8220;Coneix-nos&#8221;:\u00a0<\/strong><\/p>\n<table style=\"border-collapse: collapse; width: 69.6903%; height: 24px;\">\n<tbody>\n<tr>\n<td colspan=\"2\"><strong>Coneix-nos!<\/strong><\/p>\n<p>Amb aquest v\u00eddeo (clica la imatge) us convidem a con\u00e8ixer el nostre centre, amb especial atenci\u00f3 a l&#8217;alumnat que fa el canvi de prim\u00e0ria a secund\u00e0ria.<br \/>\nEstem a la vostra disposici\u00f3 per qualsevol pregunta! Vine a con\u00e8ixer-nos!<br \/>\nMaterial enregistrat i confeccionat per Laura Gotarra S\u00e1nchez.<\/td>\n<\/tr>\n<tr>\n<td style=\"width: 50%;\" colspan=\"2\"><a href=\"https:\/\/www.youtube.com\/watch?v=M7tbT3ncQkI\"><strong><img loading=\"lazy\" decoding=\"async\" class=\"alignleft size-full wp-image-20926\" src=\"https:\/\/agora.xtec.cat\/ieslaromanica\/wp-content\/uploads\/usu857\/2022\/03\/JPO-2022.png\" alt=\"\" width=\"922\" height=\"463\" srcset=\"https:\/\/agora.xtec.cat\/ieslaromanica\/wp-content\/uploads\/usu857\/2022\/03\/JPO-2022.png 922w, https:\/\/agora.xtec.cat\/ieslaromanica\/wp-content\/uploads\/usu857\/2022\/03\/JPO-2022-300x151.png 300w, https:\/\/agora.xtec.cat\/ieslaromanica\/wp-content\/uploads\/usu857\/2022\/03\/JPO-2022-768x386.png 768w\" sizes=\"auto, (max-width: 922px) 100vw, 922px\" \/><\/strong><\/a><\/td>\n<\/tr>\n<\/tbody>\n<\/table>\n","protected":false},"excerpt":{"rendered":"<p>Enguany les portes obertes de l\u2019Institut La Rom\u00e0nica seran presencials. L\u2019acc\u00e9s es realitzar\u00e0 a l\u2019hora indicada per la porta principal de la pla\u00e7a Mil\u00b7lenari.<br \/>\nPer a una millor organitzaci\u00f3 us preguem que ompliu el formulari per reservar el vostre torn, tant pel dimarts 8 de mar\u00e7&hellip;  <a href=\"https:\/\/agora.xtec.cat\/ieslaromanica\/general\/jornada-de-portes-obertes-2022\/\" title=\"Read Jornada de Portes Obertes 2022 &#8211; ESO\">Llegeix m\u00e9s\u00bb<\/a><\/p>\n","protected":false},"author":6,"featured_media":20815,"comment_status":"open","ping_status":"closed","sticky":false,"template":"","format":"standard","meta":{"_bbp_topic_count":0,"_bbp_reply_count":0,"_bbp_total_topic_count":0,"_bbp_total_reply_count":0,"_bbp_voice_count":0,"_bbp_anonymous_reply_count":0,"_bbp_topic_count_hidden":0,"_bbp_reply_count_hidden":0,"_bbp_forum_subforum_count":0,"footnotes":""},"categories":[1,29],"tags":[358,263],"class_list":["post-20817","post","type-post","status-publish","format-standard","has-post-thumbnail","hentry","category-general","category-portada","tag-curs-2021-2022","tag-portes-obertes"],"post_mailing_queue_ids":[],"_links":{"self":[{"href":"https:\/\/agora.xtec.cat\/ieslaromanica\/wp-json\/wp\/v2\/posts\/20817","targetHints":{"allow":["GET"]}}],"collection":[{"href":"https:\/\/agora.xtec.cat\/ieslaromanica\/wp-json\/wp\/v2\/posts"}],"about":[{"href":"https:\/\/agora.xtec.cat\/ieslaromanica\/wp-json\/wp\/v2\/types\/post"}],"author":[{"embeddable":true,"href":"https:\/\/agora.xtec.cat\/ieslaromanica\/wp-json\/wp\/v2\/users\/6"}],"replies":[{"embeddable":true,"href":"https:\/\/agora.xtec.cat\/ieslaromanica\/wp-json\/wp\/v2\/comments?post=20817"}],"version-history":[{"count":3,"href":"https:\/\/agora.xtec.cat\/ieslaromanica\/wp-json\/wp\/v2\/posts\/20817\/revisions"}],"predecessor-version":[{"id":20932,"href":"https:\/\/agora.xtec.cat\/ieslaromanica\/wp-json\/wp\/v2\/posts\/20817\/revisions\/20932"}],"wp:featuredmedia":[{"embeddable":true,"href":"https:\/\/agora.xtec.cat\/ieslaromanica\/wp-json\/wp\/v2\/media\/20815"}],"wp:attachment":[{"href":"https:\/\/agora.xtec.cat\/ieslaromanica\/wp-json\/wp\/v2\/media?parent=20817"}],"wp:term":[{"taxonomy":"category","embeddable":true,"href":"https:\/\/agora.xtec.cat\/ieslaromanica\/wp-json\/wp\/v2\/categories?post=20817"},{"taxonomy":"post_tag","embeddable":true,"href":"https:\/\/agora.xtec.cat\/ieslaromanica\/wp-json\/wp\/v2\/tags?post=20817"}],"curies":[{"name":"wp","href":"https:\/\/api.w.org\/{rel}","templated":true}]}}