{"id":20806,"date":"2022-02-20T21:34:17","date_gmt":"2022-02-20T20:34:17","guid":{"rendered":"https:\/\/agora.xtec.cat\/ieslaromanica\/?p=20806"},"modified":"2022-02-20T21:37:39","modified_gmt":"2022-02-20T20:37:39","slug":"carnestoltes-2022","status":"publish","type":"post","link":"https:\/\/agora.xtec.cat\/ieslaromanica\/general\/carnestoltes-2022\/","title":{"rendered":"Carnestoltes 2022"},"content":{"rendered":"<p>La setmana de Carnestoltes s\u00f3n dies d&#8217;aparcar el seny i les vergonyes per desfermar la rauxa i la bogeria. Com cada any proposem una s\u00e8rie d\u2019accions o reptes per animar-vos a perdre aquesta vergonya i venir al centre amb un somriure d\u2019orella a orella!<\/p>\n<p>Qu\u00e8 heu de fer o portar cada dia? Consulteu la imatge adjunta!<\/p>\n<table style=\"border-collapse: collapse; width: 66.3717%; height: 5px;\">\n<tbody>\n<tr>\n<td style=\"width: 50%;\"><a href=\"https:\/\/agora.xtec.cat\/ieslaromanica\/wp-content\/uploads\/usu857\/2022\/02\/Carnestoltes-2022-Participa.png\"><img loading=\"lazy\" decoding=\"async\" class=\"alignleft size-large wp-image-20805\" src=\"https:\/\/agora.xtec.cat\/ieslaromanica\/wp-content\/uploads\/usu857\/2022\/02\/Carnestoltes-2022-Participa-1024x1024.png\" alt=\"\" width=\"1024\" height=\"1024\" srcset=\"https:\/\/agora.xtec.cat\/ieslaromanica\/wp-content\/uploads\/usu857\/2022\/02\/Carnestoltes-2022-Participa-1024x1024.png 1024w, https:\/\/agora.xtec.cat\/ieslaromanica\/wp-content\/uploads\/usu857\/2022\/02\/Carnestoltes-2022-Participa-300x300.png 300w, https:\/\/agora.xtec.cat\/ieslaromanica\/wp-content\/uploads\/usu857\/2022\/02\/Carnestoltes-2022-Participa-150x150.png 150w, https:\/\/agora.xtec.cat\/ieslaromanica\/wp-content\/uploads\/usu857\/2022\/02\/Carnestoltes-2022-Participa-768x768.png 768w, https:\/\/agora.xtec.cat\/ieslaromanica\/wp-content\/uploads\/usu857\/2022\/02\/Carnestoltes-2022-Participa.png 1080w\" sizes=\"auto, (max-width: 1024px) 100vw, 1024px\" \/><\/a><\/td>\n<td style=\"width: 50%;\"><a href=\"https:\/\/agora.xtec.cat\/ieslaromanica\/wp-content\/uploads\/usu857\/2022\/02\/Carnestoltes-2022-Informacio\u0301.png\"><img loading=\"lazy\" decoding=\"async\" class=\"alignleft size-large wp-image-20804\" src=\"https:\/\/agora.xtec.cat\/ieslaromanica\/wp-content\/uploads\/usu857\/2022\/02\/Carnestoltes-2022-Informacio\u0301-1024x1024.png\" alt=\"\" width=\"1024\" height=\"1024\" srcset=\"https:\/\/agora.xtec.cat\/ieslaromanica\/wp-content\/uploads\/usu857\/2022\/02\/Carnestoltes-2022-Informacio\u0301-1024x1024.png 1024w, https:\/\/agora.xtec.cat\/ieslaromanica\/wp-content\/uploads\/usu857\/2022\/02\/Carnestoltes-2022-Informacio\u0301-300x300.png 300w, https:\/\/agora.xtec.cat\/ieslaromanica\/wp-content\/uploads\/usu857\/2022\/02\/Carnestoltes-2022-Informacio\u0301-150x150.png 150w, https:\/\/agora.xtec.cat\/ieslaromanica\/wp-content\/uploads\/usu857\/2022\/02\/Carnestoltes-2022-Informacio\u0301-768x768.png 768w, https:\/\/agora.xtec.cat\/ieslaromanica\/wp-content\/uploads\/usu857\/2022\/02\/Carnestoltes-2022-Informacio\u0301.png 1080w\" sizes=\"auto, (max-width: 1024px) 100vw, 1024px\" \/><\/a><\/td>\n<\/tr>\n<\/tbody>\n<\/table>\n<p>Com a innovaci\u00f3, cada dia, a l\u2019hora del pati, es far\u00e0 un sorteig d\u2019un petit obsequi o premi entre totes les persones participants. A m\u00e9s, tothom que vingui disfressada i disfressat divendres tindr\u00e0 un petit refrigeri a l\u2019hora del pati!<\/p>\n<p>Cal destacar la prova o repte del dimecres 23: portar una (o m\u00e9s) pe\u00e7a de roba lila. Aprofitant que totes vindrem de color lila, es far\u00e0 una gravaci\u00f3 a l\u2019hora del pati i en acabar les classes pel 8M! Trobareu tota la informaci\u00f3 en una altra comunicaci\u00f3.<\/p>\n<p>Fem difusi\u00f3 a tothom i la setmana vinent omplim el centre de color i somriures!<\/p>\n<p>VISCA L\u2019INSTITUT LA ROM\u00c0NICA! ARA I SEMPRE!<\/p>\n<p><a href=\"https:\/\/www.instagram.com\/p\/CaLCOJboadO\/\">Veure la not\u00edcia a Instagram La Rom\u00e0nica.<\/a><\/p>\n","protected":false},"excerpt":{"rendered":"<p>La setmana de Carnestoltes s\u00f3n dies d&#8217;aparcar el seny i les vergonyes per desfermar la rauxa i la bogeria. Com cada any proposem una s\u00e8rie d\u2019accions o reptes per animar-vos a perdre aquesta vergonya i venir al centre amb un somriure d\u2019orella a orella!<br \/>\nQu\u00e8 heu&hellip;  <a href=\"https:\/\/agora.xtec.cat\/ieslaromanica\/general\/carnestoltes-2022\/\" title=\"Read Carnestoltes 2022\">Llegeix m\u00e9s\u00bb<\/a><\/p>\n","protected":false},"author":6,"featured_media":20805,"comment_status":"open","ping_status":"closed","sticky":false,"template":"","format":"standard","meta":{"_bbp_topic_count":0,"_bbp_reply_count":0,"_bbp_total_topic_count":0,"_bbp_total_reply_count":0,"_bbp_voice_count":0,"_bbp_anonymous_reply_count":0,"_bbp_topic_count_hidden":0,"_bbp_reply_count_hidden":0,"_bbp_forum_subforum_count":0,"footnotes":""},"categories":[314,1,29],"tags":[190,358],"class_list":["post-20806","post","type-post","status-publish","format-standard","has-post-thumbnail","hentry","category-activitats-extraescolars","category-general","category-portada","tag-carnestoltes","tag-curs-2021-2022"],"post_mailing_queue_ids":[],"_links":{"self":[{"href":"https:\/\/agora.xtec.cat\/ieslaromanica\/wp-json\/wp\/v2\/posts\/20806","targetHints":{"allow":["GET"]}}],"collection":[{"href":"https:\/\/agora.xtec.cat\/ieslaromanica\/wp-json\/wp\/v2\/posts"}],"about":[{"href":"https:\/\/agora.xtec.cat\/ieslaromanica\/wp-json\/wp\/v2\/types\/post"}],"author":[{"embeddable":true,"href":"https:\/\/agora.xtec.cat\/ieslaromanica\/wp-json\/wp\/v2\/users\/6"}],"replies":[{"embeddable":true,"href":"https:\/\/agora.xtec.cat\/ieslaromanica\/wp-json\/wp\/v2\/comments?post=20806"}],"version-history":[{"count":3,"href":"https:\/\/agora.xtec.cat\/ieslaromanica\/wp-json\/wp\/v2\/posts\/20806\/revisions"}],"predecessor-version":[{"id":20809,"href":"https:\/\/agora.xtec.cat\/ieslaromanica\/wp-json\/wp\/v2\/posts\/20806\/revisions\/20809"}],"wp:featuredmedia":[{"embeddable":true,"href":"https:\/\/agora.xtec.cat\/ieslaromanica\/wp-json\/wp\/v2\/media\/20805"}],"wp:attachment":[{"href":"https:\/\/agora.xtec.cat\/ieslaromanica\/wp-json\/wp\/v2\/media?parent=20806"}],"wp:term":[{"taxonomy":"category","embeddable":true,"href":"https:\/\/agora.xtec.cat\/ieslaromanica\/wp-json\/wp\/v2\/categories?post=20806"},{"taxonomy":"post_tag","embeddable":true,"href":"https:\/\/agora.xtec.cat\/ieslaromanica\/wp-json\/wp\/v2\/tags?post=20806"}],"curies":[{"name":"wp","href":"https:\/\/api.w.org\/{rel}","templated":true}]}}