{"id":20777,"date":"2022-02-20T20:24:57","date_gmt":"2022-02-20T19:24:57","guid":{"rendered":"https:\/\/agora.xtec.cat\/ieslaromanica\/?p=20777"},"modified":"2022-02-20T20:30:38","modified_gmt":"2022-02-20T19:30:38","slug":"concurs-de-fotografia-matematica-2021-22","status":"publish","type":"post","link":"https:\/\/agora.xtec.cat\/ieslaromanica\/general\/concurs-de-fotografia-matematica-2021-22\/","title":{"rendered":"Concurs de fotografia matem\u00e0tica 2021-22"},"content":{"rendered":"<p>Des de l&#8217;\u00e0mbit matem\u00e0tic us convidem a participar en el concurs de fotografia matem\u00e0tica 2021-2022 que, com ja ve sent una tradici\u00f3, organitzem al nostre institut.<\/p>\n<p>A continuaci\u00f3 us adjuntem el <strong>cartell<\/strong> i les <strong>bases del concurs<\/strong>:<\/p>\n<table style=\"border-collapse: collapse; width: 67.146%; height: 20px;\">\n<tbody>\n<tr>\n<td style=\"width: 51.9801%;\"><a href=\"https:\/\/agora.xtec.cat\/ieslaromanica\/wp-content\/uploads\/usu857\/2022\/02\/Cartell-22-scaled.jpg\"><img loading=\"lazy\" decoding=\"async\" class=\"alignleft size-large wp-image-20793\" src=\"https:\/\/agora.xtec.cat\/ieslaromanica\/wp-content\/uploads\/usu857\/2022\/02\/Cartell-22-724x1024.jpg\" alt=\"\" width=\"724\" height=\"1024\" srcset=\"https:\/\/agora.xtec.cat\/ieslaromanica\/wp-content\/uploads\/usu857\/2022\/02\/Cartell-22-724x1024.jpg 724w, https:\/\/agora.xtec.cat\/ieslaromanica\/wp-content\/uploads\/usu857\/2022\/02\/Cartell-22-212x300.jpg 212w, https:\/\/agora.xtec.cat\/ieslaromanica\/wp-content\/uploads\/usu857\/2022\/02\/Cartell-22-768x1086.jpg 768w, https:\/\/agora.xtec.cat\/ieslaromanica\/wp-content\/uploads\/usu857\/2022\/02\/Cartell-22-1086x1536.jpg 1086w, https:\/\/agora.xtec.cat\/ieslaromanica\/wp-content\/uploads\/usu857\/2022\/02\/Cartell-22-1448x2048.jpg 1448w, https:\/\/agora.xtec.cat\/ieslaromanica\/wp-content\/uploads\/usu857\/2022\/02\/Cartell-22-scaled.jpg 1811w\" sizes=\"auto, (max-width: 724px) 100vw, 724px\" \/><\/a><\/td>\n<td style=\"width: 48.0199%;\"><a href=\"https:\/\/agora.xtec.cat\/ieslaromanica\/wp-content\/uploads\/usu857\/2022\/02\/concurs-fotogra\u0300fic-bases-20212022.jpg\"><img loading=\"lazy\" decoding=\"async\" class=\"alignleft size-large wp-image-20795\" src=\"https:\/\/agora.xtec.cat\/ieslaromanica\/wp-content\/uploads\/usu857\/2022\/02\/concurs-fotogra\u0300fic-bases-20212022-724x1024.jpg\" alt=\"\" width=\"724\" height=\"1024\" srcset=\"https:\/\/agora.xtec.cat\/ieslaromanica\/wp-content\/uploads\/usu857\/2022\/02\/concurs-fotogra\u0300fic-bases-20212022-724x1024.jpg 724w, https:\/\/agora.xtec.cat\/ieslaromanica\/wp-content\/uploads\/usu857\/2022\/02\/concurs-fotogra\u0300fic-bases-20212022-212x300.jpg 212w, https:\/\/agora.xtec.cat\/ieslaromanica\/wp-content\/uploads\/usu857\/2022\/02\/concurs-fotogra\u0300fic-bases-20212022-768x1087.jpg 768w, https:\/\/agora.xtec.cat\/ieslaromanica\/wp-content\/uploads\/usu857\/2022\/02\/concurs-fotogra\u0300fic-bases-20212022-1086x1536.jpg 1086w, https:\/\/agora.xtec.cat\/ieslaromanica\/wp-content\/uploads\/usu857\/2022\/02\/concurs-fotogra\u0300fic-bases-20212022-1448x2048.jpg 1448w, https:\/\/agora.xtec.cat\/ieslaromanica\/wp-content\/uploads\/usu857\/2022\/02\/concurs-fotogra\u0300fic-bases-20212022.jpg 1772w\" sizes=\"auto, (max-width: 724px) 100vw, 724px\" \/><\/a><\/td>\n<\/tr>\n<\/tbody>\n<\/table>\n<p>Com a resum, voldr\u00edem dir-vos que <strong>hi ha quatre nivells de participaci\u00f3<\/strong>:<\/p>\n<table style=\"border-collapse: collapse; width: 67.3673%; height: 65px;\">\n<tbody>\n<tr>\n<td style=\"width: 50%;\">1r cicle d\u2019ESO.<\/td>\n<td style=\"width: 50%;\">2n cicle d\u2019ESO.<\/td>\n<\/tr>\n<tr>\n<td style=\"width: 50%;\">Batxillerat i\u00a0<span class=\"hiddenSpellError\">Cicles Formatius.<\/span><\/td>\n<td style=\"width: 50%;\">Professorat, AFA i PAS.<\/td>\n<\/tr>\n<\/tbody>\n<\/table>\n<p>I teniu present que la\u00a0data m\u00e0xima per a participar-hi \u00e9s el dia <strong>4 d&#8217;abril<\/strong> de 2022.<\/p>\n<p>Animeu-vos! Esperem veure les vostres fotografies matem\u00e0tiques!<\/p>\n","protected":false},"excerpt":{"rendered":"<p>Des de l&#8217;\u00e0mbit matem\u00e0tic us convidem a participar en el concurs de fotografia matem\u00e0tica 2021-2022 que, com ja ve sent una tradici\u00f3, organitzem al nostre institut.<br \/>\nA continuaci\u00f3 us adjuntem el cartell i les bases del concurs:<\/p>\n<p><a href=\"https:\/\/agora.xtec.cat\/ieslaromanica\/wp-content\/uploads\/usu857\/2022\/02\/Cartell-22-scaled.jpg\"><\/a><br \/>\n<a href=\"https:\/\/agora.xtec.cat\/ieslaromanica\/wp-content\/uploads\/usu857\/2022\/02\/concurs-fotogra\u0300fic-bases-20212022.jpg\"><\/a><\/p>\n<p>Com a resum, voldr\u00edem dir-vos que hi ha&hellip;  <a href=\"https:\/\/agora.xtec.cat\/ieslaromanica\/general\/concurs-de-fotografia-matematica-2021-22\/\" title=\"Read Concurs de fotografia matem\u00e0tica 2021-22\">Llegeix m\u00e9s\u00bb<\/a><\/p>\n","protected":false},"author":6,"featured_media":20792,"comment_status":"open","ping_status":"closed","sticky":false,"template":"","format":"standard","meta":{"_bbp_topic_count":0,"_bbp_reply_count":0,"_bbp_total_topic_count":0,"_bbp_total_reply_count":0,"_bbp_voice_count":0,"_bbp_anonymous_reply_count":0,"_bbp_topic_count_hidden":0,"_bbp_reply_count_hidden":0,"_bbp_forum_subforum_count":0,"footnotes":""},"categories":[1,29],"tags":[374,340,358,205],"class_list":["post-20777","post","type-post","status-publish","format-standard","has-post-thumbnail","hentry","category-general","category-portada","tag-ambit-matematic","tag-concurs-fotografia-matematica","tag-curs-2021-2022","tag-departament-de-matematiques"],"post_mailing_queue_ids":[],"_links":{"self":[{"href":"https:\/\/agora.xtec.cat\/ieslaromanica\/wp-json\/wp\/v2\/posts\/20777","targetHints":{"allow":["GET"]}}],"collection":[{"href":"https:\/\/agora.xtec.cat\/ieslaromanica\/wp-json\/wp\/v2\/posts"}],"about":[{"href":"https:\/\/agora.xtec.cat\/ieslaromanica\/wp-json\/wp\/v2\/types\/post"}],"author":[{"embeddable":true,"href":"https:\/\/agora.xtec.cat\/ieslaromanica\/wp-json\/wp\/v2\/users\/6"}],"replies":[{"embeddable":true,"href":"https:\/\/agora.xtec.cat\/ieslaromanica\/wp-json\/wp\/v2\/comments?post=20777"}],"version-history":[{"count":3,"href":"https:\/\/agora.xtec.cat\/ieslaromanica\/wp-json\/wp\/v2\/posts\/20777\/revisions"}],"predecessor-version":[{"id":20803,"href":"https:\/\/agora.xtec.cat\/ieslaromanica\/wp-json\/wp\/v2\/posts\/20777\/revisions\/20803"}],"wp:featuredmedia":[{"embeddable":true,"href":"https:\/\/agora.xtec.cat\/ieslaromanica\/wp-json\/wp\/v2\/media\/20792"}],"wp:attachment":[{"href":"https:\/\/agora.xtec.cat\/ieslaromanica\/wp-json\/wp\/v2\/media?parent=20777"}],"wp:term":[{"taxonomy":"category","embeddable":true,"href":"https:\/\/agora.xtec.cat\/ieslaromanica\/wp-json\/wp\/v2\/categories?post=20777"},{"taxonomy":"post_tag","embeddable":true,"href":"https:\/\/agora.xtec.cat\/ieslaromanica\/wp-json\/wp\/v2\/tags?post=20777"}],"curies":[{"name":"wp","href":"https:\/\/api.w.org\/{rel}","templated":true}]}}