{"id":20770,"date":"2022-02-20T20:07:26","date_gmt":"2022-02-20T19:07:26","guid":{"rendered":"https:\/\/agora.xtec.cat\/ieslaromanica\/?p=20770"},"modified":"2022-03-11T09:57:14","modified_gmt":"2022-03-11T08:57:14","slug":"campanya-de-donacio-de-sang-a-lins-la-romanica","status":"publish","type":"post","link":"https:\/\/agora.xtec.cat\/ieslaromanica\/general\/campanya-de-donacio-de-sang-a-lins-la-romanica\/","title":{"rendered":"Campanya de donaci\u00f3 de sang a l&#8217;INS La Rom\u00e0nica"},"content":{"rendered":"<p>En poc m\u00e9s de deu dies tindr\u00e0 lloc la 2a Campanya de donaci\u00f3 de sang que farem a l&#8217;INS La Rom\u00e0nica amb l&#8217;ajuda imprescindible del Banc de Sang i Teixits (BST). Haurem estat un mes treballant aquesta activitat a diferents nivells amb el conjunt de l&#8217;alumnat del centre: 3r ESO,\u00a0<span class=\"hiddenSpellError\">PFI<\/span>\u00a0i FP.<\/p>\n<p>L&#8217;alumna de 3r E, <strong>Fatima Asselman Auhayad<\/strong>, ha sigut la guanyadora del cartell per a la campanya de donaci\u00f3 de sang amb el lema <em>Sang per a tu, vida per a un altre<\/em>. <em>Dona sang!<\/em>, que va ser escollit, per part de l&#8217;alumnat d&#8217;FP, entre els cartells que han elaborat els alumnes de 3r d&#8217;ESO dins de l&#8217;assignatura d&#8217;Aprenentatge i Servei. Des d&#8217;aqu\u00ed, tot l&#8217;equip educatiu del centre li volem donar la nostra enhorabona, al mateix temps que agrair-li la seva participaci\u00f3.<\/p>\n<p>El cartell guanyador de l&#8217;alumna ha estat enviat al BST (Banc de Sang i Teixits) perqu\u00e8 puguin fer les impressions dels cartells per a la campanya del nostre institut.<\/p>\n<table style=\"border-collapse: collapse; width: 71.792%; height: 35px;\">\n<tbody>\n<tr>\n<td style=\"width: 30.5555%;\"><strong>Fatima Asselman Auhayad, 3r E.\u00a0<\/strong><\/td>\n<td style=\"width: 69.4445%;\"><a href=\"https:\/\/agora.xtec.cat\/ieslaromanica\/wp-content\/uploads\/usu857\/2022\/02\/Cartell_Campanya-donacio\u0301-sang_Institut-La-Roma\u0300nica.jpg\"><img loading=\"lazy\" decoding=\"async\" class=\"wp-image-20789 aligncenter\" src=\"https:\/\/agora.xtec.cat\/ieslaromanica\/wp-content\/uploads\/usu857\/2022\/02\/Cartell_Campanya-donacio\u0301-sang_Institut-La-Roma\u0300nica-725x1024.jpg\" alt=\"\" width=\"381\" height=\"538\" srcset=\"https:\/\/agora.xtec.cat\/ieslaromanica\/wp-content\/uploads\/usu857\/2022\/02\/Cartell_Campanya-donacio\u0301-sang_Institut-La-Roma\u0300nica-725x1024.jpg 725w, https:\/\/agora.xtec.cat\/ieslaromanica\/wp-content\/uploads\/usu857\/2022\/02\/Cartell_Campanya-donacio\u0301-sang_Institut-La-Roma\u0300nica-212x300.jpg 212w, https:\/\/agora.xtec.cat\/ieslaromanica\/wp-content\/uploads\/usu857\/2022\/02\/Cartell_Campanya-donacio\u0301-sang_Institut-La-Roma\u0300nica-768x1085.jpg 768w, https:\/\/agora.xtec.cat\/ieslaromanica\/wp-content\/uploads\/usu857\/2022\/02\/Cartell_Campanya-donacio\u0301-sang_Institut-La-Roma\u0300nica-1087x1536.jpg 1087w, https:\/\/agora.xtec.cat\/ieslaromanica\/wp-content\/uploads\/usu857\/2022\/02\/Cartell_Campanya-donacio\u0301-sang_Institut-La-Roma\u0300nica-1450x2048.jpg 1450w, https:\/\/agora.xtec.cat\/ieslaromanica\/wp-content\/uploads\/usu857\/2022\/02\/Cartell_Campanya-donacio\u0301-sang_Institut-La-Roma\u0300nica.jpg 1653w\" sizes=\"auto, (max-width: 381px) 100vw, 381px\" \/><\/a><\/td>\n<\/tr>\n<\/tbody>\n<\/table>\n<p><strong>Donaci\u00f3 de sang<\/strong>:<\/p>\n<table style=\"border-collapse: collapse; width: 71.792%; height: 92px;\">\n<tbody>\n<tr>\n<td style=\"width: 50%;\" colspan=\"2\">La campanya de donaci\u00f3 de sang es dur\u00e0 a terme al gimn\u00e0s del nostre institut els dies <strong>2 i 3 de mar\u00e7<\/strong> en el seg\u00fcent horari:<\/td>\n<\/tr>\n<tr>\n<td style=\"width: 50%;\">Dimecres dia 2 de mar\u00e7 de 17 a 20 h<\/td>\n<td style=\"width: 50%;\">Dijous dia 3 de mar\u00e7 de 10 a 14 i de 17 a 20 h<\/td>\n<\/tr>\n<\/tbody>\n<\/table>\n<p>Igualment, us fem arribar una adre\u00e7a directa per tal de fer m\u00e9s f\u00e0cil la inscripci\u00f3 com a donant a tothom que aix\u00ed ho desitgi:<\/p>\n<table style=\"border-collapse: collapse; width: 71.7921%; height: 8px;\">\n<tbody>\n<tr>\n<td style=\"width: 50%;\" colspan=\"2\"><a href=\"http:\/\/www.donarsang.gencat.cat\/laromanica\">Adre\u00e7a directa per inscriure&#8217;s a la donaci\u00f3 de sang (dimecres i dijous).<\/a><\/td>\n<\/tr>\n<\/tbody>\n<\/table>\n<p>Aquesta activitat s&#8217;ha realitzat amb l&#8217;objectiu de promoure la conscienciaci\u00f3 i la import\u00e0ncia de la donaci\u00f3 de sang entre tota la comunitat educativa.<\/p>\n<p>Gr\u00e0cies per la vostra ajuda i col\u00b7laboraci\u00f3!<\/p>\n","protected":false},"excerpt":{"rendered":"<p>En poc m\u00e9s de deu dies tindr\u00e0 lloc la 2a Campanya de donaci\u00f3 de sang que farem a l&#8217;INS La Rom\u00e0nica amb l&#8217;ajuda imprescindible del Banc de Sang i Teixits (BST). Haurem estat un mes treballant aquesta activitat a diferents nivells amb el conjunt de&hellip;  <a href=\"https:\/\/agora.xtec.cat\/ieslaromanica\/general\/campanya-de-donacio-de-sang-a-lins-la-romanica\/\" title=\"Read Campanya de donaci\u00f3 de sang a l&#8217;INS La Rom\u00e0nica\">Llegeix m\u00e9s\u00bb<\/a><\/p>\n","protected":false},"author":6,"featured_media":20800,"comment_status":"open","ping_status":"closed","sticky":false,"template":"","format":"standard","meta":{"_bbp_topic_count":0,"_bbp_reply_count":0,"_bbp_total_topic_count":0,"_bbp_total_reply_count":0,"_bbp_voice_count":0,"_bbp_anonymous_reply_count":0,"_bbp_topic_count_hidden":0,"_bbp_reply_count_hidden":0,"_bbp_forum_subforum_count":0,"footnotes":""},"categories":[30,6,1,29],"tags":[351,358,363],"class_list":["post-20770","post","type-post","status-publish","format-standard","has-post-thumbnail","hentry","category-cicles-formatius","category-eso-3","category-general","category-portada","tag-campanya-de-donacio-de-sang","tag-curs-2021-2022","tag-projecte-aprenentatge-i-servei"],"post_mailing_queue_ids":[],"_links":{"self":[{"href":"https:\/\/agora.xtec.cat\/ieslaromanica\/wp-json\/wp\/v2\/posts\/20770","targetHints":{"allow":["GET"]}}],"collection":[{"href":"https:\/\/agora.xtec.cat\/ieslaromanica\/wp-json\/wp\/v2\/posts"}],"about":[{"href":"https:\/\/agora.xtec.cat\/ieslaromanica\/wp-json\/wp\/v2\/types\/post"}],"author":[{"embeddable":true,"href":"https:\/\/agora.xtec.cat\/ieslaromanica\/wp-json\/wp\/v2\/users\/6"}],"replies":[{"embeddable":true,"href":"https:\/\/agora.xtec.cat\/ieslaromanica\/wp-json\/wp\/v2\/comments?post=20770"}],"version-history":[{"count":3,"href":"https:\/\/agora.xtec.cat\/ieslaromanica\/wp-json\/wp\/v2\/posts\/20770\/revisions"}],"predecessor-version":[{"id":20812,"href":"https:\/\/agora.xtec.cat\/ieslaromanica\/wp-json\/wp\/v2\/posts\/20770\/revisions\/20812"}],"wp:featuredmedia":[{"embeddable":true,"href":"https:\/\/agora.xtec.cat\/ieslaromanica\/wp-json\/wp\/v2\/media\/20800"}],"wp:attachment":[{"href":"https:\/\/agora.xtec.cat\/ieslaromanica\/wp-json\/wp\/v2\/media?parent=20770"}],"wp:term":[{"taxonomy":"category","embeddable":true,"href":"https:\/\/agora.xtec.cat\/ieslaromanica\/wp-json\/wp\/v2\/categories?post=20770"},{"taxonomy":"post_tag","embeddable":true,"href":"https:\/\/agora.xtec.cat\/ieslaromanica\/wp-json\/wp\/v2\/tags?post=20770"}],"curies":[{"name":"wp","href":"https:\/\/api.w.org\/{rel}","templated":true}]}}