{"id":20762,"date":"2022-02-14T20:15:25","date_gmt":"2022-02-14T19:15:25","guid":{"rendered":"https:\/\/agora.xtec.cat\/ieslaromanica\/?p=20762"},"modified":"2022-02-14T20:17:22","modified_gmt":"2022-02-14T19:17:22","slug":"sessio-de-percussio-corporal-al-pfi","status":"publish","type":"post","link":"https:\/\/agora.xtec.cat\/ieslaromanica\/general\/sessio-de-percussio-corporal-al-pfi\/","title":{"rendered":"Sessi\u00f3 de percussi\u00f3 corporal al PFI"},"content":{"rendered":"<p style=\"text-align: justify;\">Fa uns dies els alumnes de PFI vam tenir la sort d&#8217;assistir a una sessi\u00f3 de percussi\u00f3 corporal impartida per Jes\u00fas Mart\u00ednez. Vam viure en primera persona l&#8217;experi\u00e8ncia de fer m\u00fasica amb el cos. Vam disfrutar molt! Jes\u00fas va informar-nos que alguns alumnes del PFI tenen talents art\u00edstics. La Maji ens va fer una demostraci\u00f3 de la seva habilitat amb la caixa de resson\u00e0ncia i l&#8217;Izan\u00a0 va portar el seu saxo i ens va fer una espectacular actuaci\u00f3. Ha estat una experi\u00e8ncia inesborrable.<\/p>\n<p style=\"text-align: left;\">Gr\u00e0cies, Jes\u00fas!<a href=\"https:\/\/agora.xtec.cat\/ieslaromanica\/wp-content\/uploads\/usu857\/2022\/02\/20220214_200731-COLLAGE.jpg\"><img loading=\"lazy\" decoding=\"async\" class=\"wp-image-20765 aligncenter\" src=\"https:\/\/agora.xtec.cat\/ieslaromanica\/wp-content\/uploads\/usu857\/2022\/02\/20220214_200731-COLLAGE-1024x1024.jpg\" alt=\"\" width=\"370\" height=\"371\" srcset=\"https:\/\/agora.xtec.cat\/ieslaromanica\/wp-content\/uploads\/usu857\/2022\/02\/20220214_200731-COLLAGE.jpg 1024w, https:\/\/agora.xtec.cat\/ieslaromanica\/wp-content\/uploads\/usu857\/2022\/02\/20220214_200731-COLLAGE-300x300.jpg 300w, https:\/\/agora.xtec.cat\/ieslaromanica\/wp-content\/uploads\/usu857\/2022\/02\/20220214_200731-COLLAGE-150x150.jpg 150w, https:\/\/agora.xtec.cat\/ieslaromanica\/wp-content\/uploads\/usu857\/2022\/02\/20220214_200731-COLLAGE-768x768.jpg 768w\" sizes=\"auto, (max-width: 370px) 100vw, 370px\" \/><\/a><\/p>\n<p style=\"text-align: center;\">Text i fotos: Olga juliana Pujolar<\/p>\n","protected":false},"excerpt":{"rendered":"<p>Fa uns dies els alumnes de PFI vam tenir la sort d&#8217;assistir a una sessi\u00f3 de percussi\u00f3 corporal impartida per Jes\u00fas Mart\u00ednez. Vam viure en primera persona l&#8217;experi\u00e8ncia de fer m\u00fasica amb el cos. Vam disfrutar molt! Jes\u00fas va informar-nos que alguns alumnes del PFI&hellip;  <a href=\"https:\/\/agora.xtec.cat\/ieslaromanica\/general\/sessio-de-percussio-corporal-al-pfi\/\" title=\"Read Sessi\u00f3 de percussi\u00f3 corporal al PFI\">Llegeix m\u00e9s\u00bb<\/a><\/p>\n","protected":false},"author":35,"featured_media":20765,"comment_status":"open","ping_status":"closed","sticky":false,"template":"","format":"standard","meta":{"_bbp_topic_count":0,"_bbp_reply_count":0,"_bbp_total_topic_count":0,"_bbp_total_reply_count":0,"_bbp_voice_count":0,"_bbp_anonymous_reply_count":0,"_bbp_topic_count_hidden":0,"_bbp_reply_count_hidden":0,"_bbp_forum_subforum_count":0,"footnotes":""},"categories":[1,29],"tags":[],"class_list":["post-20762","post","type-post","status-publish","format-standard","has-post-thumbnail","hentry","category-general","category-portada"],"post_mailing_queue_ids":[],"_links":{"self":[{"href":"https:\/\/agora.xtec.cat\/ieslaromanica\/wp-json\/wp\/v2\/posts\/20762","targetHints":{"allow":["GET"]}}],"collection":[{"href":"https:\/\/agora.xtec.cat\/ieslaromanica\/wp-json\/wp\/v2\/posts"}],"about":[{"href":"https:\/\/agora.xtec.cat\/ieslaromanica\/wp-json\/wp\/v2\/types\/post"}],"author":[{"embeddable":true,"href":"https:\/\/agora.xtec.cat\/ieslaromanica\/wp-json\/wp\/v2\/users\/35"}],"replies":[{"embeddable":true,"href":"https:\/\/agora.xtec.cat\/ieslaromanica\/wp-json\/wp\/v2\/comments?post=20762"}],"version-history":[{"count":2,"href":"https:\/\/agora.xtec.cat\/ieslaromanica\/wp-json\/wp\/v2\/posts\/20762\/revisions"}],"predecessor-version":[{"id":20767,"href":"https:\/\/agora.xtec.cat\/ieslaromanica\/wp-json\/wp\/v2\/posts\/20762\/revisions\/20767"}],"wp:featuredmedia":[{"embeddable":true,"href":"https:\/\/agora.xtec.cat\/ieslaromanica\/wp-json\/wp\/v2\/media\/20765"}],"wp:attachment":[{"href":"https:\/\/agora.xtec.cat\/ieslaromanica\/wp-json\/wp\/v2\/media?parent=20762"}],"wp:term":[{"taxonomy":"category","embeddable":true,"href":"https:\/\/agora.xtec.cat\/ieslaromanica\/wp-json\/wp\/v2\/categories?post=20762"},{"taxonomy":"post_tag","embeddable":true,"href":"https:\/\/agora.xtec.cat\/ieslaromanica\/wp-json\/wp\/v2\/tags?post=20762"}],"curies":[{"name":"wp","href":"https:\/\/api.w.org\/{rel}","templated":true}]}}