{"id":20708,"date":"2022-01-20T19:16:42","date_gmt":"2022-01-20T18:16:42","guid":{"rendered":"https:\/\/agora.xtec.cat\/ieslaromanica\/?p=20708"},"modified":"2022-01-20T19:16:42","modified_gmt":"2022-01-20T18:16:42","slug":"taller-descriptura-creativa-2","status":"publish","type":"post","link":"https:\/\/agora.xtec.cat\/ieslaromanica\/general\/taller-descriptura-creativa-2\/","title":{"rendered":"Taller d&#8217;escriptura creativa"},"content":{"rendered":"<p>Ahir, dimecres 19 de gener, els alumnes de 3r d&#8217;ESO van poder gaudir d&#8217;un taller d&#8217;escriptura creativa a c\u00e0rrec de Joan de Boer, escriptor i especialista en activitats de dinamitzaci\u00f3 lectora. Llicenciat en Filologia Catalana, \u00e9s un dels pocs professionals de la dinamitzaci\u00f3 lectora a casa nostra. Tamb\u00e9 realitza sessions de narraci\u00f3 oral, clubs de lectura aix\u00ed com cursos de formaci\u00f3 i confer\u00e8ncies.<br \/>\nAmb aquest taller, els alumnes han pogut desenvolupar la seva creativitat, el pensament divergent i la capacitat de generar idees pr\u00f2pies a l&#8217;hora d&#8217;escriure diversos textos.<\/p>\n<table style=\"border-collapse: collapse; width: 65.3761%; height: 25px;\">\n<tbody>\n<tr>\n<td style=\"width: 50%;\"><a href=\"https:\/\/agora.xtec.cat\/ieslaromanica\/wp-content\/uploads\/usu857\/2022\/01\/IMG-taller-4-2mg.jpg\"><img loading=\"lazy\" decoding=\"async\" class=\"alignleft size-large wp-image-20714\" src=\"https:\/\/agora.xtec.cat\/ieslaromanica\/wp-content\/uploads\/usu857\/2022\/01\/IMG-taller-4-2mg-797x1024.jpg\" alt=\"\" width=\"797\" height=\"1024\" srcset=\"https:\/\/agora.xtec.cat\/ieslaromanica\/wp-content\/uploads\/usu857\/2022\/01\/IMG-taller-4-2mg-797x1024.jpg 797w, https:\/\/agora.xtec.cat\/ieslaromanica\/wp-content\/uploads\/usu857\/2022\/01\/IMG-taller-4-2mg-233x300.jpg 233w, https:\/\/agora.xtec.cat\/ieslaromanica\/wp-content\/uploads\/usu857\/2022\/01\/IMG-taller-4-2mg-768x987.jpg 768w, https:\/\/agora.xtec.cat\/ieslaromanica\/wp-content\/uploads\/usu857\/2022\/01\/IMG-taller-4-2mg-1195x1536.jpg 1195w, https:\/\/agora.xtec.cat\/ieslaromanica\/wp-content\/uploads\/usu857\/2022\/01\/IMG-taller-4-2mg.jpg 1588w\" sizes=\"auto, (max-width: 797px) 100vw, 797px\" \/><\/a><\/td>\n<td style=\"width: 50%;\"><a href=\"https:\/\/agora.xtec.cat\/ieslaromanica\/wp-content\/uploads\/usu857\/2022\/01\/IMG-taller-3-2mg.jpg\"><img loading=\"lazy\" decoding=\"async\" class=\"alignleft size-large wp-image-20713\" src=\"https:\/\/agora.xtec.cat\/ieslaromanica\/wp-content\/uploads\/usu857\/2022\/01\/IMG-taller-3-2mg-797x1024.jpg\" alt=\"\" width=\"797\" height=\"1024\" srcset=\"https:\/\/agora.xtec.cat\/ieslaromanica\/wp-content\/uploads\/usu857\/2022\/01\/IMG-taller-3-2mg-797x1024.jpg 797w, https:\/\/agora.xtec.cat\/ieslaromanica\/wp-content\/uploads\/usu857\/2022\/01\/IMG-taller-3-2mg-233x300.jpg 233w, https:\/\/agora.xtec.cat\/ieslaromanica\/wp-content\/uploads\/usu857\/2022\/01\/IMG-taller-3-2mg-768x987.jpg 768w, https:\/\/agora.xtec.cat\/ieslaromanica\/wp-content\/uploads\/usu857\/2022\/01\/IMG-taller-3-2mg-1195x1536.jpg 1195w, https:\/\/agora.xtec.cat\/ieslaromanica\/wp-content\/uploads\/usu857\/2022\/01\/IMG-taller-3-2mg-1594x2048.jpg 1594w, https:\/\/agora.xtec.cat\/ieslaromanica\/wp-content\/uploads\/usu857\/2022\/01\/IMG-taller-3-2mg.jpg 1723w\" sizes=\"auto, (max-width: 797px) 100vw, 797px\" \/><\/a><\/td>\n<\/tr>\n<tr>\n<td style=\"width: 50%;\"><a href=\"https:\/\/agora.xtec.cat\/ieslaromanica\/wp-content\/uploads\/usu857\/2022\/01\/IMG-taller-2-2mg.jpg\"><img loading=\"lazy\" decoding=\"async\" class=\"alignleft size-large wp-image-20712\" src=\"https:\/\/agora.xtec.cat\/ieslaromanica\/wp-content\/uploads\/usu857\/2022\/01\/IMG-taller-2-2mg-797x1024.jpg\" alt=\"\" width=\"797\" height=\"1024\" srcset=\"https:\/\/agora.xtec.cat\/ieslaromanica\/wp-content\/uploads\/usu857\/2022\/01\/IMG-taller-2-2mg-797x1024.jpg 797w, https:\/\/agora.xtec.cat\/ieslaromanica\/wp-content\/uploads\/usu857\/2022\/01\/IMG-taller-2-2mg-233x300.jpg 233w, https:\/\/agora.xtec.cat\/ieslaromanica\/wp-content\/uploads\/usu857\/2022\/01\/IMG-taller-2-2mg-768x987.jpg 768w, https:\/\/agora.xtec.cat\/ieslaromanica\/wp-content\/uploads\/usu857\/2022\/01\/IMG-taller-2-2mg-1195x1536.jpg 1195w, https:\/\/agora.xtec.cat\/ieslaromanica\/wp-content\/uploads\/usu857\/2022\/01\/IMG-taller-2-2mg.jpg 1588w\" sizes=\"auto, (max-width: 797px) 100vw, 797px\" \/><\/a><\/td>\n<td style=\"width: 50%;\"><a href=\"https:\/\/agora.xtec.cat\/ieslaromanica\/wp-content\/uploads\/usu857\/2022\/01\/IMG-taller-1-2mg.jpg\"><img loading=\"lazy\" decoding=\"async\" class=\"alignleft size-large wp-image-20711\" src=\"https:\/\/agora.xtec.cat\/ieslaromanica\/wp-content\/uploads\/usu857\/2022\/01\/IMG-taller-1-2mg-797x1024.jpg\" alt=\"\" width=\"797\" height=\"1024\" srcset=\"https:\/\/agora.xtec.cat\/ieslaromanica\/wp-content\/uploads\/usu857\/2022\/01\/IMG-taller-1-2mg-797x1024.jpg 797w, https:\/\/agora.xtec.cat\/ieslaromanica\/wp-content\/uploads\/usu857\/2022\/01\/IMG-taller-1-2mg-234x300.jpg 234w, https:\/\/agora.xtec.cat\/ieslaromanica\/wp-content\/uploads\/usu857\/2022\/01\/IMG-taller-1-2mg-768x986.jpg 768w, https:\/\/agora.xtec.cat\/ieslaromanica\/wp-content\/uploads\/usu857\/2022\/01\/IMG-taller-1-2mg-1196x1536.jpg 1196w, https:\/\/agora.xtec.cat\/ieslaromanica\/wp-content\/uploads\/usu857\/2022\/01\/IMG-taller-1-2mg.jpg 1589w\" sizes=\"auto, (max-width: 797px) 100vw, 797px\" \/><\/a><\/td>\n<\/tr>\n<\/tbody>\n<\/table>\n","protected":false},"excerpt":{"rendered":"<p>Ahir, dimecres 19 de gener, els alumnes de 3r d&#8217;ESO van poder gaudir d&#8217;un taller d&#8217;escriptura creativa a c\u00e0rrec de Joan de Boer, escriptor i especialista en activitats de dinamitzaci\u00f3 lectora. Llicenciat en Filologia Catalana, \u00e9s un dels pocs professionals de la dinamitzaci\u00f3 lectora a&hellip;  <a href=\"https:\/\/agora.xtec.cat\/ieslaromanica\/general\/taller-descriptura-creativa-2\/\" title=\"Read Taller d&#8217;escriptura creativa\">Llegeix m\u00e9s\u00bb<\/a><\/p>\n","protected":false},"author":6,"featured_media":20710,"comment_status":"open","ping_status":"closed","sticky":false,"template":"","format":"standard","meta":{"_bbp_topic_count":0,"_bbp_reply_count":0,"_bbp_total_topic_count":0,"_bbp_total_reply_count":0,"_bbp_voice_count":0,"_bbp_anonymous_reply_count":0,"_bbp_topic_count_hidden":0,"_bbp_reply_count_hidden":0,"_bbp_forum_subforum_count":0,"footnotes":""},"categories":[6,1,29],"tags":[348,358,235,225],"class_list":["post-20708","post","type-post","status-publish","format-standard","has-post-thumbnail","hentry","category-eso-3","category-general","category-portada","tag-ambit-linguistic","tag-curs-2021-2022","tag-departament-de-catala","tag-taller-descriptura-creativa"],"post_mailing_queue_ids":[],"_links":{"self":[{"href":"https:\/\/agora.xtec.cat\/ieslaromanica\/wp-json\/wp\/v2\/posts\/20708","targetHints":{"allow":["GET"]}}],"collection":[{"href":"https:\/\/agora.xtec.cat\/ieslaromanica\/wp-json\/wp\/v2\/posts"}],"about":[{"href":"https:\/\/agora.xtec.cat\/ieslaromanica\/wp-json\/wp\/v2\/types\/post"}],"author":[{"embeddable":true,"href":"https:\/\/agora.xtec.cat\/ieslaromanica\/wp-json\/wp\/v2\/users\/6"}],"replies":[{"embeddable":true,"href":"https:\/\/agora.xtec.cat\/ieslaromanica\/wp-json\/wp\/v2\/comments?post=20708"}],"version-history":[{"count":3,"href":"https:\/\/agora.xtec.cat\/ieslaromanica\/wp-json\/wp\/v2\/posts\/20708\/revisions"}],"predecessor-version":[{"id":20717,"href":"https:\/\/agora.xtec.cat\/ieslaromanica\/wp-json\/wp\/v2\/posts\/20708\/revisions\/20717"}],"wp:featuredmedia":[{"embeddable":true,"href":"https:\/\/agora.xtec.cat\/ieslaromanica\/wp-json\/wp\/v2\/media\/20710"}],"wp:attachment":[{"href":"https:\/\/agora.xtec.cat\/ieslaromanica\/wp-json\/wp\/v2\/media?parent=20708"}],"wp:term":[{"taxonomy":"category","embeddable":true,"href":"https:\/\/agora.xtec.cat\/ieslaromanica\/wp-json\/wp\/v2\/categories?post=20708"},{"taxonomy":"post_tag","embeddable":true,"href":"https:\/\/agora.xtec.cat\/ieslaromanica\/wp-json\/wp\/v2\/tags?post=20708"}],"curies":[{"name":"wp","href":"https:\/\/api.w.org\/{rel}","templated":true}]}}