{"id":20654,"date":"2021-12-20T18:15:36","date_gmt":"2021-12-20T17:15:36","guid":{"rendered":"https:\/\/agora.xtec.cat\/ieslaromanica\/?p=20654"},"modified":"2021-12-20T18:40:14","modified_gmt":"2021-12-20T17:40:14","slug":"amb-la-marato-de-tv3-jornada-solidaria-2","status":"publish","type":"post","link":"https:\/\/agora.xtec.cat\/ieslaromanica\/general\/amb-la-marato-de-tv3-jornada-solidaria-2\/","title":{"rendered":"Jornada solid\u00e0ria amb la Marat\u00f3 de TV3"},"content":{"rendered":"<p class=\"p1\"><span class=\"s1\">La jornada del passat dissabte, conjuntament amb la gran tasca de confeccionar i vendre les paneres de Nadal, han comportat que l&#8217;Institut La Rom\u00e0nica hagi recaptat m\u00e9s de 1000 <\/span><span class=\"s2\">\u202f<\/span><span class=\"s1\">\u20ac per La Marat\u00f3 de TV3. Ser\u00e0 m\u00e9s, a l&#8217;espera de fer el recompte final entre les diferents caixes, per\u00f2 el que ha quedat pal\u00e8s \u00e9s que treballant conjuntament arribem molt m\u00e9s lluny!<\/span><\/p>\n<p class=\"p1\"><span class=\"s1\">Us deixem un petit videoresum que hem fet aquest mat\u00ed perqu\u00e8 pugueu veure qu\u00e8 es va viure ahir al nostre centre.<\/span><\/p>\n<p><iframe loading=\"lazy\" title=\"LA ROM\u00c0NICA AMB LA MARAT\u00d3 DE TV3 - Jornada Solid\u00e0ria\" width=\"500\" height=\"281\" src=\"https:\/\/www.youtube.com\/embed\/9vaZ5_p6ssE?feature=oembed\" frameborder=\"0\" allow=\"accelerometer; autoplay; clipboard-write; encrypted-media; gyroscope; picture-in-picture; web-share\" referrerpolicy=\"strict-origin-when-cross-origin\" allowfullscreen><\/iframe><\/p>\n<p class=\"p1\"><span class=\"s1\">MIL GR\u00c0CIES per fer-ho possible! Gr\u00e0cies a tot el professorat, gr\u00e0cies a l&#8217;equip directiu, gr\u00e0cies al PAS, gr\u00e0cies a les fam\u00edlies i gr\u00e0cies a l&#8217;alumnat! Gr\u00e0cies a tothom!<\/span><\/p>\n<p class=\"p1\"><span class=\"s1\">Els pr\u00f2xims dies mirarem de recomptar el total final i ingressar-ho a la Fundaci\u00f3 de La Marat\u00f3 de TV3.<\/span><\/p>\n<p class=\"p1\"><span class=\"s1\"><a href=\"https:\/\/agora.xtec.cat\/ieslaromanica\/wp-content\/uploads\/usu857\/2021\/12\/LA-ROMA\u0300NICA-AMB-LA-MARATO\u0301-DE-TV3-Gra\u0300cies.png\"><img loading=\"lazy\" decoding=\"async\" class=\"alignleft wp-image-20658\" src=\"https:\/\/agora.xtec.cat\/ieslaromanica\/wp-content\/uploads\/usu857\/2021\/12\/LA-ROMA\u0300NICA-AMB-LA-MARATO\u0301-DE-TV3-Gra\u0300cies-300x212.png\" alt=\"\" width=\"505\" height=\"357\" srcset=\"https:\/\/agora.xtec.cat\/ieslaromanica\/wp-content\/uploads\/usu857\/2021\/12\/LA-ROMA\u0300NICA-AMB-LA-MARATO\u0301-DE-TV3-Gra\u0300cies-300x212.png 300w, https:\/\/agora.xtec.cat\/ieslaromanica\/wp-content\/uploads\/usu857\/2021\/12\/LA-ROMA\u0300NICA-AMB-LA-MARATO\u0301-DE-TV3-Gra\u0300cies-1024x724.png 1024w, https:\/\/agora.xtec.cat\/ieslaromanica\/wp-content\/uploads\/usu857\/2021\/12\/LA-ROMA\u0300NICA-AMB-LA-MARATO\u0301-DE-TV3-Gra\u0300cies-768x543.png 768w, https:\/\/agora.xtec.cat\/ieslaromanica\/wp-content\/uploads\/usu857\/2021\/12\/LA-ROMA\u0300NICA-AMB-LA-MARATO\u0301-DE-TV3-Gra\u0300cies-1536x1086.png 1536w, https:\/\/agora.xtec.cat\/ieslaromanica\/wp-content\/uploads\/usu857\/2021\/12\/LA-ROMA\u0300NICA-AMB-LA-MARATO\u0301-DE-TV3-Gra\u0300cies-2048x1448.png 2048w\" sizes=\"auto, (max-width: 505px) 100vw, 505px\" \/><\/a><\/span><\/p>\n<p>&nbsp;<\/p>\n<p>&nbsp;<\/p>\n<p>&nbsp;<\/p>\n<p>&nbsp;<\/p>\n<p>&nbsp;<\/p>\n<p>&nbsp;<\/p>\n<p>&nbsp;<\/p>\n<p>&nbsp;<\/p>\n<p>&nbsp;<\/p>\n<p class=\"p1\"><span class=\"s1\">L&#8217;INSTITUT LA ROM\u00c0NICA AMB LA MARAT\u00d3 DE TV3<\/span><\/p>\n<p>&nbsp;<\/p>\n","protected":false},"excerpt":{"rendered":"<p>La jornada del passat dissabte, conjuntament amb la gran tasca de confeccionar i vendre les paneres de Nadal, han comportat que l&#8217;Institut La Rom\u00e0nica hagi recaptat m\u00e9s de 1000 \u202f\u20ac per La Marat\u00f3 de TV3. Ser\u00e0 m\u00e9s, a l&#8217;espera de fer el recompte final entre&hellip;  <a href=\"https:\/\/agora.xtec.cat\/ieslaromanica\/general\/amb-la-marato-de-tv3-jornada-solidaria-2\/\" title=\"Read Jornada solid\u00e0ria amb la Marat\u00f3 de TV3\">Llegeix m\u00e9s\u00bb<\/a><\/p>\n","protected":false},"author":6,"featured_media":20648,"comment_status":"open","ping_status":"closed","sticky":false,"template":"","format":"standard","meta":{"_bbp_topic_count":0,"_bbp_reply_count":0,"_bbp_total_topic_count":0,"_bbp_total_reply_count":0,"_bbp_voice_count":0,"_bbp_anonymous_reply_count":0,"_bbp_topic_count_hidden":0,"_bbp_reply_count_hidden":0,"_bbp_forum_subforum_count":0,"footnotes":""},"categories":[314,31,1,29],"tags":[306,358,363,311],"class_list":["post-20654","post","type-post","status-publish","format-standard","has-post-thumbnail","hentry","category-activitats-extraescolars","category-afa","category-general","category-portada","tag-amb-la-marato-de-tv3","tag-curs-2021-2022","tag-projecte-aprenentatge-i-servei","tag-projecte-cultura-popular"],"post_mailing_queue_ids":[],"_links":{"self":[{"href":"https:\/\/agora.xtec.cat\/ieslaromanica\/wp-json\/wp\/v2\/posts\/20654","targetHints":{"allow":["GET"]}}],"collection":[{"href":"https:\/\/agora.xtec.cat\/ieslaromanica\/wp-json\/wp\/v2\/posts"}],"about":[{"href":"https:\/\/agora.xtec.cat\/ieslaromanica\/wp-json\/wp\/v2\/types\/post"}],"author":[{"embeddable":true,"href":"https:\/\/agora.xtec.cat\/ieslaromanica\/wp-json\/wp\/v2\/users\/6"}],"replies":[{"embeddable":true,"href":"https:\/\/agora.xtec.cat\/ieslaromanica\/wp-json\/wp\/v2\/comments?post=20654"}],"version-history":[{"count":3,"href":"https:\/\/agora.xtec.cat\/ieslaromanica\/wp-json\/wp\/v2\/posts\/20654\/revisions"}],"predecessor-version":[{"id":20662,"href":"https:\/\/agora.xtec.cat\/ieslaromanica\/wp-json\/wp\/v2\/posts\/20654\/revisions\/20662"}],"wp:featuredmedia":[{"embeddable":true,"href":"https:\/\/agora.xtec.cat\/ieslaromanica\/wp-json\/wp\/v2\/media\/20648"}],"wp:attachment":[{"href":"https:\/\/agora.xtec.cat\/ieslaromanica\/wp-json\/wp\/v2\/media?parent=20654"}],"wp:term":[{"taxonomy":"category","embeddable":true,"href":"https:\/\/agora.xtec.cat\/ieslaromanica\/wp-json\/wp\/v2\/categories?post=20654"},{"taxonomy":"post_tag","embeddable":true,"href":"https:\/\/agora.xtec.cat\/ieslaromanica\/wp-json\/wp\/v2\/tags?post=20654"}],"curies":[{"name":"wp","href":"https:\/\/api.w.org\/{rel}","templated":true}]}}