{"id":20630,"date":"2021-12-20T12:44:50","date_gmt":"2021-12-20T11:44:50","guid":{"rendered":"https:\/\/agora.xtec.cat\/ieslaromanica\/?p=20630"},"modified":"2021-12-20T12:46:04","modified_gmt":"2021-12-20T11:46:04","slug":"visita-a-carinsa-dels-alumnes-de-cicles-formatius","status":"publish","type":"post","link":"https:\/\/agora.xtec.cat\/ieslaromanica\/general\/visita-a-carinsa-dels-alumnes-de-cicles-formatius\/","title":{"rendered":"Visita a Carinsa dels alumnes de cicles formatius"},"content":{"rendered":"<p>Alumnes del CFGS de fabricaci\u00f3 de productes farmac\u00e8utics, biotecnol\u00f2gics i afins han visitat l&#8217;empresa <strong>CARINSA<\/strong> a Sant Quirze\u00a0 del Vall\u00e8s, els dies 10 i 15 de desembre.<\/p>\n<p><strong>CARINSA<\/strong> \u00e9s una empresa dedicada a la fabricaci\u00f3 d&#8217;aromes, frag\u00e0ncies i saboritzants i ha estat guardonada per la C\u00e1mara de Comercio y Banco Santander com <strong>la PYME de l&#8217; Any a Barcelona.<\/strong><\/p>\n<p><a href=\"https:\/\/agora.xtec.cat\/ieslaromanica\/wp-content\/uploads\/usu857\/2021\/12\/visita-CARINSA-10-i-15-DESEMBRE_2021.jpg\"><img loading=\"lazy\" decoding=\"async\" class=\"alignnone size-full wp-image-20632\" src=\"https:\/\/agora.xtec.cat\/ieslaromanica\/wp-content\/uploads\/usu857\/2021\/12\/visita-CARINSA-10-i-15-DESEMBRE_2021.jpg\" alt=\"\" width=\"1024\" height=\"768\" srcset=\"https:\/\/agora.xtec.cat\/ieslaromanica\/wp-content\/uploads\/usu857\/2021\/12\/visita-CARINSA-10-i-15-DESEMBRE_2021.jpg 1024w, https:\/\/agora.xtec.cat\/ieslaromanica\/wp-content\/uploads\/usu857\/2021\/12\/visita-CARINSA-10-i-15-DESEMBRE_2021-300x225.jpg 300w, https:\/\/agora.xtec.cat\/ieslaromanica\/wp-content\/uploads\/usu857\/2021\/12\/visita-CARINSA-10-i-15-DESEMBRE_2021-768x576.jpg 768w, https:\/\/agora.xtec.cat\/ieslaromanica\/wp-content\/uploads\/usu857\/2021\/12\/visita-CARINSA-10-i-15-DESEMBRE_2021-200x150.jpg 200w\" sizes=\"auto, (max-width: 1024px) 100vw, 1024px\" \/><\/a><\/p>\n","protected":false},"excerpt":{"rendered":"<p>Alumnes del CFGS de fabricaci\u00f3 de productes farmac\u00e8utics, biotecnol\u00f2gics i afins han visitat l&#8217;empresa CARINSA a Sant Quirze\u00a0 del Vall\u00e8s, els dies 10 i 15 de desembre.<br \/>\nCARINSA \u00e9s una empresa dedicada a la fabricaci\u00f3 d&#8217;aromes, frag\u00e0ncies i saboritzants i ha estat guardonada per la C\u00e1mara&hellip;  <a href=\"https:\/\/agora.xtec.cat\/ieslaromanica\/general\/visita-a-carinsa-dels-alumnes-de-cicles-formatius\/\" title=\"Read Visita a Carinsa dels alumnes de cicles formatius\">Llegeix m\u00e9s\u00bb<\/a><\/p>\n","protected":false},"author":35,"featured_media":20632,"comment_status":"open","ping_status":"closed","sticky":false,"template":"","format":"standard","meta":{"_bbp_topic_count":0,"_bbp_reply_count":0,"_bbp_total_topic_count":0,"_bbp_total_reply_count":0,"_bbp_voice_count":0,"_bbp_anonymous_reply_count":0,"_bbp_topic_count_hidden":0,"_bbp_reply_count_hidden":0,"_bbp_forum_subforum_count":0,"footnotes":""},"categories":[30,1,29],"tags":[],"class_list":["post-20630","post","type-post","status-publish","format-standard","has-post-thumbnail","hentry","category-cicles-formatius","category-general","category-portada"],"post_mailing_queue_ids":[],"_links":{"self":[{"href":"https:\/\/agora.xtec.cat\/ieslaromanica\/wp-json\/wp\/v2\/posts\/20630","targetHints":{"allow":["GET"]}}],"collection":[{"href":"https:\/\/agora.xtec.cat\/ieslaromanica\/wp-json\/wp\/v2\/posts"}],"about":[{"href":"https:\/\/agora.xtec.cat\/ieslaromanica\/wp-json\/wp\/v2\/types\/post"}],"author":[{"embeddable":true,"href":"https:\/\/agora.xtec.cat\/ieslaromanica\/wp-json\/wp\/v2\/users\/35"}],"replies":[{"embeddable":true,"href":"https:\/\/agora.xtec.cat\/ieslaromanica\/wp-json\/wp\/v2\/comments?post=20630"}],"version-history":[{"count":3,"href":"https:\/\/agora.xtec.cat\/ieslaromanica\/wp-json\/wp\/v2\/posts\/20630\/revisions"}],"predecessor-version":[{"id":20634,"href":"https:\/\/agora.xtec.cat\/ieslaromanica\/wp-json\/wp\/v2\/posts\/20630\/revisions\/20634"}],"wp:featuredmedia":[{"embeddable":true,"href":"https:\/\/agora.xtec.cat\/ieslaromanica\/wp-json\/wp\/v2\/media\/20632"}],"wp:attachment":[{"href":"https:\/\/agora.xtec.cat\/ieslaromanica\/wp-json\/wp\/v2\/media?parent=20630"}],"wp:term":[{"taxonomy":"category","embeddable":true,"href":"https:\/\/agora.xtec.cat\/ieslaromanica\/wp-json\/wp\/v2\/categories?post=20630"},{"taxonomy":"post_tag","embeddable":true,"href":"https:\/\/agora.xtec.cat\/ieslaromanica\/wp-json\/wp\/v2\/tags?post=20630"}],"curies":[{"name":"wp","href":"https:\/\/api.w.org\/{rel}","templated":true}]}}