{"id":20579,"date":"2021-12-19T13:09:15","date_gmt":"2021-12-19T12:09:15","guid":{"rendered":"https:\/\/agora.xtec.cat\/ieslaromanica\/?p=20579"},"modified":"2021-12-19T13:17:14","modified_gmt":"2021-12-19T12:17:14","slug":"voluntariat-i-treball-cooperatiu-a-lhort","status":"publish","type":"post","link":"https:\/\/agora.xtec.cat\/ieslaromanica\/general\/voluntariat-i-treball-cooperatiu-a-lhort\/","title":{"rendered":"Voluntariat i treball cooperatiu a l&#8217;hort"},"content":{"rendered":"<p>Arribant a final d\u2019any creiem que des d&#8217;aprenentatge servei hem d\u2019agrair la feina d\u2019una persona que exerceix el voluntariat al centre, l&#8217;Antonio Mesa. L&#8217;Antonio s\u2019encarrega, des de l&#8217;estiu passat, de tenir cura de l\u2019hort del centre i donar-li una imatge cuidada.<\/p>\n<p>A principi de curs, quan vam comen\u00e7ar el projecte de servei comunitari, vaig veure el canvi d\u2019estat de l\u2019hort a millor i em vaig informar de qui estava al darrere. Vaig con\u00e8ixer a l&#8217;Antonio i parlant li vaig demanar si podr\u00edem fer una acci\u00f3 volunt\u00e0ria amb l\u2019alumnat de tercer. Ell va acceptar de seguida i al mes d\u2019octubre vam comen\u00e7ar el projecte de treball a l\u2019hort.<\/p>\n<p>Avui dia, la valoraci\u00f3 \u00e9s molt positiva perqu\u00e8 estem establint vincles intergeneracionals i l\u2019alumnat mitjan\u00e7ant el treball cooperatiu veu com el treball i la paci\u00e8ncia dona els seus fruits.<\/p>\n<table style=\"border-collapse: collapse; width: 59.7182%; height: 715px;\">\n<tbody>\n<tr>\n<td style=\"width: 100%; text-align: center;\" colspan=\"2\">Plantaci\u00f3 de pastanagues per part de l\u2019alumnat de tercer:<\/td>\n<\/tr>\n<tr>\n<td style=\"width: 100%;\" colspan=\"2\"><a href=\"https:\/\/agora.xtec.cat\/ieslaromanica\/wp-content\/uploads\/usu857\/2021\/12\/plantacio\u0301-pastanagues-3r-1.png\"><img loading=\"lazy\" decoding=\"async\" class=\"wp-image-20593 aligncenter\" src=\"https:\/\/agora.xtec.cat\/ieslaromanica\/wp-content\/uploads\/usu857\/2021\/12\/plantacio\u0301-pastanagues-3r-1-300x108.png\" alt=\"\" width=\"441\" height=\"159\" srcset=\"https:\/\/agora.xtec.cat\/ieslaromanica\/wp-content\/uploads\/usu857\/2021\/12\/plantacio\u0301-pastanagues-3r-1-300x108.png 300w, https:\/\/agora.xtec.cat\/ieslaromanica\/wp-content\/uploads\/usu857\/2021\/12\/plantacio\u0301-pastanagues-3r-1-768x275.png 768w, https:\/\/agora.xtec.cat\/ieslaromanica\/wp-content\/uploads\/usu857\/2021\/12\/plantacio\u0301-pastanagues-3r-1.png 937w\" sizes=\"auto, (max-width: 441px) 100vw, 441px\" \/><\/a><\/td>\n<\/tr>\n<tr>\n<td style=\"width: 61.6374%; text-align: center;\">Tasques de neteja amb l\u2019alumnat:<\/td>\n<td style=\"width: 38.3626%; text-align: center;\">Plantaci\u00f3 de maduixes:<\/td>\n<\/tr>\n<tr>\n<td style=\"width: 61.6374%;\"><a href=\"https:\/\/agora.xtec.cat\/ieslaromanica\/wp-content\/uploads\/usu857\/2021\/12\/tasques-neteja-amb-alumnat-.png\"><img loading=\"lazy\" decoding=\"async\" class=\"alignleft size-medium wp-image-20588\" src=\"https:\/\/agora.xtec.cat\/ieslaromanica\/wp-content\/uploads\/usu857\/2021\/12\/tasques-neteja-amb-alumnat--300x159.png\" alt=\"\" width=\"300\" height=\"159\" srcset=\"https:\/\/agora.xtec.cat\/ieslaromanica\/wp-content\/uploads\/usu857\/2021\/12\/tasques-neteja-amb-alumnat--300x159.png 300w, https:\/\/agora.xtec.cat\/ieslaromanica\/wp-content\/uploads\/usu857\/2021\/12\/tasques-neteja-amb-alumnat--768x406.png 768w, https:\/\/agora.xtec.cat\/ieslaromanica\/wp-content\/uploads\/usu857\/2021\/12\/tasques-neteja-amb-alumnat-.png 941w\" sizes=\"auto, (max-width: 300px) 100vw, 300px\" \/><\/a><\/td>\n<td style=\"width: 38.3626%;\"><a href=\"https:\/\/agora.xtec.cat\/ieslaromanica\/wp-content\/uploads\/usu857\/2021\/12\/Plantacio\u0301-e-maduixes.png\"><img loading=\"lazy\" decoding=\"async\" class=\"alignleft size-medium wp-image-20584\" src=\"https:\/\/agora.xtec.cat\/ieslaromanica\/wp-content\/uploads\/usu857\/2021\/12\/Plantacio\u0301-e-maduixes-300x252.png\" alt=\"\" width=\"300\" height=\"252\" srcset=\"https:\/\/agora.xtec.cat\/ieslaromanica\/wp-content\/uploads\/usu857\/2021\/12\/Plantacio\u0301-e-maduixes-300x252.png 300w, https:\/\/agora.xtec.cat\/ieslaromanica\/wp-content\/uploads\/usu857\/2021\/12\/Plantacio\u0301-e-maduixes.png 443w\" sizes=\"auto, (max-width: 300px) 100vw, 300px\" \/><\/a><\/td>\n<\/tr>\n<tr>\n<td style=\"width: 61.6374%; text-align: center;\">Treballs de manteniment:<\/td>\n<td style=\"width: 38.3626%; text-align: center;\">l&#8217;Antonio ens ensenya com utilitzar l\u2019aixada:<\/td>\n<\/tr>\n<tr>\n<td style=\"width: 61.6374%;\"><a href=\"https:\/\/agora.xtec.cat\/ieslaromanica\/wp-content\/uploads\/usu857\/2021\/12\/treballs-de-manteniment.png\"><img loading=\"lazy\" decoding=\"async\" class=\"alignleft size-medium wp-image-20587\" src=\"https:\/\/agora.xtec.cat\/ieslaromanica\/wp-content\/uploads\/usu857\/2021\/12\/treballs-de-manteniment-300x171.png\" alt=\"\" width=\"300\" height=\"171\" srcset=\"https:\/\/agora.xtec.cat\/ieslaromanica\/wp-content\/uploads\/usu857\/2021\/12\/treballs-de-manteniment-300x171.png 300w, https:\/\/agora.xtec.cat\/ieslaromanica\/wp-content\/uploads\/usu857\/2021\/12\/treballs-de-manteniment-768x437.png 768w, https:\/\/agora.xtec.cat\/ieslaromanica\/wp-content\/uploads\/usu857\/2021\/12\/treballs-de-manteniment.png 941w\" sizes=\"auto, (max-width: 300px) 100vw, 300px\" \/><\/a><\/td>\n<td style=\"width: 38.3626%;\"><a href=\"https:\/\/agora.xtec.cat\/ieslaromanica\/wp-content\/uploads\/usu857\/2021\/12\/Antonio-ens-ensenya-com-utilitzar-laixada.jpg\"><img loading=\"lazy\" decoding=\"async\" class=\"alignleft size-medium wp-image-20583\" src=\"https:\/\/agora.xtec.cat\/ieslaromanica\/wp-content\/uploads\/usu857\/2021\/12\/Antonio-ens-ensenya-com-utilitzar-laixada-300x289.jpg\" alt=\"\" width=\"300\" height=\"289\" srcset=\"https:\/\/agora.xtec.cat\/ieslaromanica\/wp-content\/uploads\/usu857\/2021\/12\/Antonio-ens-ensenya-com-utilitzar-laixada-300x289.jpg 300w, https:\/\/agora.xtec.cat\/ieslaromanica\/wp-content\/uploads\/usu857\/2021\/12\/Antonio-ens-ensenya-com-utilitzar-laixada.jpg 732w\" sizes=\"auto, (max-width: 300px) 100vw, 300px\" \/><\/a><\/td>\n<\/tr>\n<\/tbody>\n<\/table>\n<p>Aquest pr\u00f2xim 2022 confiem a poder seguir compartint hores amb l&#8217;Antonio i aprenent valors personals i c\u00edvics.<\/p>\n","protected":false},"excerpt":{"rendered":"<p>Arribant a final d\u2019any creiem que des d&#8217;aprenentatge servei hem d\u2019agrair la feina d\u2019una persona que exerceix el voluntariat al centre, l&#8217;Antonio Mesa. L&#8217;Antonio s\u2019encarrega, des de l&#8217;estiu passat, de tenir cura de l\u2019hort del centre i donar-li una imatge cuidada.<br \/>\nA principi de curs, quan&hellip;  <a href=\"https:\/\/agora.xtec.cat\/ieslaromanica\/general\/voluntariat-i-treball-cooperatiu-a-lhort\/\" title=\"Read Voluntariat i treball cooperatiu a l&#8217;hort\">Llegeix m\u00e9s\u00bb<\/a><\/p>\n","protected":false},"author":6,"featured_media":20589,"comment_status":"open","ping_status":"closed","sticky":false,"template":"","format":"standard","meta":{"_bbp_topic_count":0,"_bbp_reply_count":0,"_bbp_total_topic_count":0,"_bbp_total_reply_count":0,"_bbp_voice_count":0,"_bbp_anonymous_reply_count":0,"_bbp_topic_count_hidden":0,"_bbp_reply_count_hidden":0,"_bbp_forum_subforum_count":0,"footnotes":""},"categories":[6,1,29],"tags":[358,296,363],"class_list":["post-20579","post","type-post","status-publish","format-standard","has-post-thumbnail","hentry","category-eso-3","category-general","category-portada","tag-curs-2021-2022","tag-hort","tag-projecte-aprenentatge-i-servei"],"post_mailing_queue_ids":[],"_links":{"self":[{"href":"https:\/\/agora.xtec.cat\/ieslaromanica\/wp-json\/wp\/v2\/posts\/20579","targetHints":{"allow":["GET"]}}],"collection":[{"href":"https:\/\/agora.xtec.cat\/ieslaromanica\/wp-json\/wp\/v2\/posts"}],"about":[{"href":"https:\/\/agora.xtec.cat\/ieslaromanica\/wp-json\/wp\/v2\/types\/post"}],"author":[{"embeddable":true,"href":"https:\/\/agora.xtec.cat\/ieslaromanica\/wp-json\/wp\/v2\/users\/6"}],"replies":[{"embeddable":true,"href":"https:\/\/agora.xtec.cat\/ieslaromanica\/wp-json\/wp\/v2\/comments?post=20579"}],"version-history":[{"count":3,"href":"https:\/\/agora.xtec.cat\/ieslaromanica\/wp-json\/wp\/v2\/posts\/20579\/revisions"}],"predecessor-version":[{"id":20595,"href":"https:\/\/agora.xtec.cat\/ieslaromanica\/wp-json\/wp\/v2\/posts\/20579\/revisions\/20595"}],"wp:featuredmedia":[{"embeddable":true,"href":"https:\/\/agora.xtec.cat\/ieslaromanica\/wp-json\/wp\/v2\/media\/20589"}],"wp:attachment":[{"href":"https:\/\/agora.xtec.cat\/ieslaromanica\/wp-json\/wp\/v2\/media?parent=20579"}],"wp:term":[{"taxonomy":"category","embeddable":true,"href":"https:\/\/agora.xtec.cat\/ieslaromanica\/wp-json\/wp\/v2\/categories?post=20579"},{"taxonomy":"post_tag","embeddable":true,"href":"https:\/\/agora.xtec.cat\/ieslaromanica\/wp-json\/wp\/v2\/tags?post=20579"}],"curies":[{"name":"wp","href":"https:\/\/api.w.org\/{rel}","templated":true}]}}