{"id":20501,"date":"2021-12-13T11:52:02","date_gmt":"2021-12-13T10:52:02","guid":{"rendered":"https:\/\/agora.xtec.cat\/ieslaromanica\/?p=20501"},"modified":"2021-12-13T17:43:24","modified_gmt":"2021-12-13T16:43:24","slug":"les-paneres-ja-son-aqui","status":"publish","type":"post","link":"https:\/\/agora.xtec.cat\/ieslaromanica\/general\/les-paneres-ja-son-aqui\/","title":{"rendered":"Les paneres ja s\u00f3n aqu\u00ed!"},"content":{"rendered":"<p class=\"p1\"><span class=\"s1\">Els alumnes de tercer han col\u00b7laborat en el muntatge i creaci\u00f3 de les paneres de Nadal seleccionant i organitzant els aliments que tots els alumnes i professors del centre han donat. Ara, aquestes paneres se sortejaran! <\/span><\/p>\n<p class=\"p1\"><span class=\"s1\">Per participar en el sorteig d&#8217;una de les paneres podeu comprar una papereta a consergeria a partir de les 14.45 hores o els dijous i divendres a l&#8217;hora del pati. El preu \u00e9s 1\u202f\u20ac i tot el que recaptem ser\u00e0 donat a la Marat\u00f3 de TV3! Teniu fins al 17 de desembre per comprar el vostre n\u00famero i els guanyadors podran recollir la seva panera fins al dia 22 de desembre! El\u00a0sorteig\u00a0es realitzar\u00e0 el mateix dia de la <a href=\"https:\/\/agora.xtec.cat\/ieslaromanica\/general\/amb-la-marato-de-tv3-jornada-solidaria\/\">jornada solid\u00e0ria<\/a>, el dissabte 18 de desembre.<\/span><\/p>\n<p class=\"p1\"><span class=\"s1\">Animeu-vos a comprar el vostre n\u00famero!<\/span><\/p>\n<table style=\"border-collapse: collapse; width: 58.8496%; height: 18px;\">\n<tbody>\n<tr>\n<td style=\"width: 52.6316%;\"><a href=\"https:\/\/agora.xtec.cat\/ieslaromanica\/wp-content\/uploads\/usu857\/2021\/12\/Panera-1.jpg\"><img loading=\"lazy\" decoding=\"async\" class=\"alignleft wp-image-20503\" src=\"https:\/\/agora.xtec.cat\/ieslaromanica\/wp-content\/uploads\/usu857\/2021\/12\/Panera-1-300x230.jpg\" alt=\"\" width=\"307\" height=\"232\" \/><\/a><\/td>\n<td style=\"width: 33.5803%;\"><a href=\"https:\/\/agora.xtec.cat\/ieslaromanica\/wp-content\/uploads\/usu857\/2021\/12\/Panera-2.jpg\"><img loading=\"lazy\" decoding=\"async\" class=\"alignleft wp-image-20504\" src=\"https:\/\/agora.xtec.cat\/ieslaromanica\/wp-content\/uploads\/usu857\/2021\/12\/Panera-2-237x300.jpg\" alt=\"\" width=\"189\" height=\"240\" srcset=\"https:\/\/agora.xtec.cat\/ieslaromanica\/wp-content\/uploads\/usu857\/2021\/12\/Panera-2-237x300.jpg 237w, https:\/\/agora.xtec.cat\/ieslaromanica\/wp-content\/uploads\/usu857\/2021\/12\/Panera-2-810x1024.jpg 810w, https:\/\/agora.xtec.cat\/ieslaromanica\/wp-content\/uploads\/usu857\/2021\/12\/Panera-2-768x971.jpg 768w, https:\/\/agora.xtec.cat\/ieslaromanica\/wp-content\/uploads\/usu857\/2021\/12\/Panera-2-1215x1536.jpg 1215w, https:\/\/agora.xtec.cat\/ieslaromanica\/wp-content\/uploads\/usu857\/2021\/12\/Panera-2.jpg 1463w\" sizes=\"auto, (max-width: 189px) 100vw, 189px\" \/><\/a><\/td>\n<\/tr>\n<\/tbody>\n<\/table>\n","protected":false},"excerpt":{"rendered":"<p>Els alumnes de tercer han col\u00b7laborat en el muntatge i creaci\u00f3 de les paneres de Nadal seleccionant i organitzant els aliments que tots els alumnes i professors del centre han donat. Ara, aquestes paneres se sortejaran!<br \/>\nPer participar en el sorteig d&#8217;una de les paneres&hellip;  <a href=\"https:\/\/agora.xtec.cat\/ieslaromanica\/general\/les-paneres-ja-son-aqui\/\" title=\"Read Les paneres ja s\u00f3n aqu\u00ed!\">Llegeix m\u00e9s\u00bb<\/a><\/p>\n","protected":false},"author":6,"featured_media":20503,"comment_status":"open","ping_status":"closed","sticky":false,"template":"","format":"standard","meta":{"_bbp_topic_count":0,"_bbp_reply_count":0,"_bbp_total_topic_count":0,"_bbp_total_reply_count":0,"_bbp_voice_count":0,"_bbp_anonymous_reply_count":0,"_bbp_topic_count_hidden":0,"_bbp_reply_count_hidden":0,"_bbp_forum_subforum_count":0,"footnotes":""},"categories":[314,1,29],"tags":[306,358,363],"class_list":["post-20501","post","type-post","status-publish","format-standard","has-post-thumbnail","hentry","category-activitats-extraescolars","category-general","category-portada","tag-amb-la-marato-de-tv3","tag-curs-2021-2022","tag-projecte-aprenentatge-i-servei"],"post_mailing_queue_ids":[],"_links":{"self":[{"href":"https:\/\/agora.xtec.cat\/ieslaromanica\/wp-json\/wp\/v2\/posts\/20501","targetHints":{"allow":["GET"]}}],"collection":[{"href":"https:\/\/agora.xtec.cat\/ieslaromanica\/wp-json\/wp\/v2\/posts"}],"about":[{"href":"https:\/\/agora.xtec.cat\/ieslaromanica\/wp-json\/wp\/v2\/types\/post"}],"author":[{"embeddable":true,"href":"https:\/\/agora.xtec.cat\/ieslaromanica\/wp-json\/wp\/v2\/users\/6"}],"replies":[{"embeddable":true,"href":"https:\/\/agora.xtec.cat\/ieslaromanica\/wp-json\/wp\/v2\/comments?post=20501"}],"version-history":[{"count":3,"href":"https:\/\/agora.xtec.cat\/ieslaromanica\/wp-json\/wp\/v2\/posts\/20501\/revisions"}],"predecessor-version":[{"id":20530,"href":"https:\/\/agora.xtec.cat\/ieslaromanica\/wp-json\/wp\/v2\/posts\/20501\/revisions\/20530"}],"wp:featuredmedia":[{"embeddable":true,"href":"https:\/\/agora.xtec.cat\/ieslaromanica\/wp-json\/wp\/v2\/media\/20503"}],"wp:attachment":[{"href":"https:\/\/agora.xtec.cat\/ieslaromanica\/wp-json\/wp\/v2\/media?parent=20501"}],"wp:term":[{"taxonomy":"category","embeddable":true,"href":"https:\/\/agora.xtec.cat\/ieslaromanica\/wp-json\/wp\/v2\/categories?post=20501"},{"taxonomy":"post_tag","embeddable":true,"href":"https:\/\/agora.xtec.cat\/ieslaromanica\/wp-json\/wp\/v2\/tags?post=20501"}],"curies":[{"name":"wp","href":"https:\/\/api.w.org\/{rel}","templated":true}]}}