{"id":20495,"date":"2021-12-13T10:32:08","date_gmt":"2021-12-13T09:32:08","guid":{"rendered":"https:\/\/agora.xtec.cat\/ieslaromanica\/?p=20495"},"modified":"2021-12-13T10:56:16","modified_gmt":"2021-12-13T09:56:16","slug":"amb-la-marato-de-tv3-jornada-solidaria","status":"publish","type":"post","link":"https:\/\/agora.xtec.cat\/ieslaromanica\/general\/amb-la-marato-de-tv3-jornada-solidaria\/","title":{"rendered":"Amb la Marat\u00f3 de\u00a0TV3: Jornada solid\u00e0ria"},"content":{"rendered":"<p><strong>El dissabte 18 de desembre<\/strong> farem una <strong>jornada solid\u00e0ria oberta a tots els p\u00fablics<\/strong>. Una jornada d\u2019espectacle de la comunitat educativa del centre on totes les fam\u00edlies i amistats podran assistir per gaudir d\u2019actuacions de la coral del centre, peces interpretades amb <span class=\"hiddenSpellError\">ukelele<\/span>\u00a0a trav\u00e9s del taller impulsat des del centre, i mostres de la cultura popular de l\u2019institut (aix\u00ed com de la ciutat).<\/p>\n<p>Tot plegat es dur\u00e0 a terme seguint la normativa COVID actual i les mesures corresponents.<\/p>\n<p>A les\u00a011\u202fh\u00a0hi haur\u00e0 l&#8217;obertura de portes a tota persona que vulgui assistir com a p\u00fablic. No cal entrada pr\u00e8via. Hi ha una entrada solid\u00e0ria de\u00a02\u202f\u20ac\u00a0+ la voluntat.<\/p>\n<p>Tots els beneficis recaptats a trav\u00e9s d&#8217;aquesta entrada solid\u00e0ria aniran destinats \u00edntegrament a La Marat\u00f3 de TV3.<\/p>\n<p>Us esperem el\u00a0dissabte vinent\u00a0a l\u2019institut La Rom\u00e0nica<\/p>\n<p>Veure l&#8217;anunci a l&#8217;<a href=\"https:\/\/www.instagram.com\/p\/CXZdP24IiTa\/\">Instagram de l&#8217;institut<\/a>.<\/p>\n<table style=\"border-collapse: collapse; width: 35.7002%; height: 23px;\">\n<tbody>\n<tr>\n<td style=\"width: 100%;\"><a href=\"https:\/\/agora.xtec.cat\/ieslaromanica\/wp-content\/uploads\/usu857\/2021\/12\/Espectacle-solidari-Marato\u0301.png\"><img loading=\"lazy\" decoding=\"async\" class=\"alignleft size-medium wp-image-20497\" src=\"https:\/\/agora.xtec.cat\/ieslaromanica\/wp-content\/uploads\/usu857\/2021\/12\/Espectacle-solidari-Marato\u0301-300x211.png\" alt=\"\" width=\"300\" height=\"211\" srcset=\"https:\/\/agora.xtec.cat\/ieslaromanica\/wp-content\/uploads\/usu857\/2021\/12\/Espectacle-solidari-Marato\u0301-300x211.png 300w, https:\/\/agora.xtec.cat\/ieslaromanica\/wp-content\/uploads\/usu857\/2021\/12\/Espectacle-solidari-Marato\u0301-1024x719.png 1024w, https:\/\/agora.xtec.cat\/ieslaromanica\/wp-content\/uploads\/usu857\/2021\/12\/Espectacle-solidari-Marato\u0301-768x539.png 768w, https:\/\/agora.xtec.cat\/ieslaromanica\/wp-content\/uploads\/usu857\/2021\/12\/Espectacle-solidari-Marato\u0301.png 1531w\" sizes=\"auto, (max-width: 300px) 100vw, 300px\" \/><\/a><\/td>\n<\/tr>\n<\/tbody>\n<\/table>\n","protected":false},"excerpt":{"rendered":"<p>El dissabte 18 de desembre farem una jornada solid\u00e0ria oberta a tots els p\u00fablics. Una jornada d\u2019espectacle de la comunitat educativa del centre on totes les fam\u00edlies i amistats podran assistir per gaudir d\u2019actuacions de la coral del centre, peces interpretades amb ukelele\u00a0a trav\u00e9s del&hellip;  <a href=\"https:\/\/agora.xtec.cat\/ieslaromanica\/general\/amb-la-marato-de-tv3-jornada-solidaria\/\" title=\"Read Amb la Marat\u00f3 de\u00a0TV3: Jornada solid\u00e0ria\">Llegeix m\u00e9s\u00bb<\/a><\/p>\n","protected":false},"author":6,"featured_media":20497,"comment_status":"open","ping_status":"closed","sticky":false,"template":"","format":"standard","meta":{"_bbp_topic_count":0,"_bbp_reply_count":0,"_bbp_total_topic_count":0,"_bbp_total_reply_count":0,"_bbp_voice_count":0,"_bbp_anonymous_reply_count":0,"_bbp_topic_count_hidden":0,"_bbp_reply_count_hidden":0,"_bbp_forum_subforum_count":0,"footnotes":""},"categories":[314,1,29],"tags":[306,358,370,311],"class_list":["post-20495","post","type-post","status-publish","format-standard","has-post-thumbnail","hentry","category-activitats-extraescolars","category-general","category-portada","tag-amb-la-marato-de-tv3","tag-curs-2021-2022","tag-instagram","tag-projecte-cultura-popular"],"post_mailing_queue_ids":[],"_links":{"self":[{"href":"https:\/\/agora.xtec.cat\/ieslaromanica\/wp-json\/wp\/v2\/posts\/20495","targetHints":{"allow":["GET"]}}],"collection":[{"href":"https:\/\/agora.xtec.cat\/ieslaromanica\/wp-json\/wp\/v2\/posts"}],"about":[{"href":"https:\/\/agora.xtec.cat\/ieslaromanica\/wp-json\/wp\/v2\/types\/post"}],"author":[{"embeddable":true,"href":"https:\/\/agora.xtec.cat\/ieslaromanica\/wp-json\/wp\/v2\/users\/6"}],"replies":[{"embeddable":true,"href":"https:\/\/agora.xtec.cat\/ieslaromanica\/wp-json\/wp\/v2\/comments?post=20495"}],"version-history":[{"count":3,"href":"https:\/\/agora.xtec.cat\/ieslaromanica\/wp-json\/wp\/v2\/posts\/20495\/revisions"}],"predecessor-version":[{"id":20500,"href":"https:\/\/agora.xtec.cat\/ieslaromanica\/wp-json\/wp\/v2\/posts\/20495\/revisions\/20500"}],"wp:featuredmedia":[{"embeddable":true,"href":"https:\/\/agora.xtec.cat\/ieslaromanica\/wp-json\/wp\/v2\/media\/20497"}],"wp:attachment":[{"href":"https:\/\/agora.xtec.cat\/ieslaromanica\/wp-json\/wp\/v2\/media?parent=20495"}],"wp:term":[{"taxonomy":"category","embeddable":true,"href":"https:\/\/agora.xtec.cat\/ieslaromanica\/wp-json\/wp\/v2\/categories?post=20495"},{"taxonomy":"post_tag","embeddable":true,"href":"https:\/\/agora.xtec.cat\/ieslaromanica\/wp-json\/wp\/v2\/tags?post=20495"}],"curies":[{"name":"wp","href":"https:\/\/api.w.org\/{rel}","templated":true}]}}