{"id":20476,"date":"2021-12-09T20:59:42","date_gmt":"2021-12-09T19:59:42","guid":{"rendered":"https:\/\/agora.xtec.cat\/ieslaromanica\/?p=20476"},"modified":"2021-12-13T09:21:47","modified_gmt":"2021-12-13T08:21:47","slug":"curset-de-natacio-a-1r-deso","status":"publish","type":"post","link":"https:\/\/agora.xtec.cat\/ieslaromanica\/general\/curset-de-natacio-a-1r-deso\/","title":{"rendered":"Curset de nataci\u00f3 a 1r d&#8217;ESO"},"content":{"rendered":"<p>Els grups de 1r d&#8217;ESO C i F estan acabant de gaudir del curset de nataci\u00f3 que realitzen a les instal\u00b7lacions municipals Maria Reverter. Des del departament d&#8217;Educaci\u00f3 F\u00edsica volem destacar el bon progr\u00e9s t\u00e8cnic de cada noi i noia.<br \/>\nPassades les festes nadalenques, aquests grups passen el relleu en el torn als alumnes de 1r d&#8217;ESO B i E.<\/p>\n<table style=\"border-collapse: collapse; width: 73.7832%; height: 36px;\">\n<tbody>\n<tr>\n<td style=\"width: 50%;\"><a href=\"https:\/\/agora.xtec.cat\/ieslaromanica\/wp-content\/uploads\/usu857\/2021\/12\/foto3-natacio-2bis-2mg.jpg\"><img loading=\"lazy\" decoding=\"async\" class=\"size-medium wp-image-20483 aligncenter\" src=\"https:\/\/agora.xtec.cat\/ieslaromanica\/wp-content\/uploads\/usu857\/2021\/12\/foto3-natacio-2bis-2mg-300x224.jpg\" alt=\"\" width=\"300\" height=\"224\" srcset=\"https:\/\/agora.xtec.cat\/ieslaromanica\/wp-content\/uploads\/usu857\/2021\/12\/foto3-natacio-2bis-2mg-300x224.jpg 300w, https:\/\/agora.xtec.cat\/ieslaromanica\/wp-content\/uploads\/usu857\/2021\/12\/foto3-natacio-2bis-2mg-1024x763.jpg 1024w, https:\/\/agora.xtec.cat\/ieslaromanica\/wp-content\/uploads\/usu857\/2021\/12\/foto3-natacio-2bis-2mg-768x572.jpg 768w, https:\/\/agora.xtec.cat\/ieslaromanica\/wp-content\/uploads\/usu857\/2021\/12\/foto3-natacio-2bis-2mg-1536x1145.jpg 1536w, https:\/\/agora.xtec.cat\/ieslaromanica\/wp-content\/uploads\/usu857\/2021\/12\/foto3-natacio-2bis-2mg-200x150.jpg 200w, https:\/\/agora.xtec.cat\/ieslaromanica\/wp-content\/uploads\/usu857\/2021\/12\/foto3-natacio-2bis-2mg.jpg 1814w\" sizes=\"auto, (max-width: 300px) 100vw, 300px\" \/><\/a><\/td>\n<td style=\"width: 50%;\"><a href=\"https:\/\/agora.xtec.cat\/ieslaromanica\/wp-content\/uploads\/usu857\/2021\/12\/foto1-natacio-1bis-2mg.jpg\"><img loading=\"lazy\" decoding=\"async\" class=\"wp-image-20482 aligncenter\" src=\"https:\/\/agora.xtec.cat\/ieslaromanica\/wp-content\/uploads\/usu857\/2021\/12\/foto1-natacio-1bis-2mg-300x217.jpg\" alt=\"\" width=\"307\" height=\"222\" srcset=\"https:\/\/agora.xtec.cat\/ieslaromanica\/wp-content\/uploads\/usu857\/2021\/12\/foto1-natacio-1bis-2mg-300x217.jpg 300w, https:\/\/agora.xtec.cat\/ieslaromanica\/wp-content\/uploads\/usu857\/2021\/12\/foto1-natacio-1bis-2mg-1024x739.jpg 1024w, https:\/\/agora.xtec.cat\/ieslaromanica\/wp-content\/uploads\/usu857\/2021\/12\/foto1-natacio-1bis-2mg-768x555.jpg 768w, https:\/\/agora.xtec.cat\/ieslaromanica\/wp-content\/uploads\/usu857\/2021\/12\/foto1-natacio-1bis-2mg-1536x1109.jpg 1536w, https:\/\/agora.xtec.cat\/ieslaromanica\/wp-content\/uploads\/usu857\/2021\/12\/foto1-natacio-1bis-2mg.jpg 1814w\" sizes=\"auto, (max-width: 307px) 100vw, 307px\" \/><\/a><\/td>\n<\/tr>\n<\/tbody>\n<\/table>\n<p>Podeu veure m\u00e9s imatges a l&#8217;<a href=\"https:\/\/www.instagram.com\/p\/CV5Y3p5ID2S\/\">Instagram de l&#8217;institut.<\/a><\/p>\n","protected":false},"excerpt":{"rendered":"<p>Els grups de 1r d&#8217;ESO C i F estan acabant de gaudir del curset de nataci\u00f3 que realitzen a les instal\u00b7lacions municipals Maria Reverter. Des del departament d&#8217;Educaci\u00f3 F\u00edsica volem destacar el bon progr\u00e9s t\u00e8cnic de cada noi i noia.<br \/>\nPassades les festes nadalenques, aquests grups&hellip;  <a href=\"https:\/\/agora.xtec.cat\/ieslaromanica\/general\/curset-de-natacio-a-1r-deso\/\" title=\"Read Curset de nataci\u00f3 a 1r d&#8217;ESO\">Llegeix m\u00e9s\u00bb<\/a><\/p>\n","protected":false},"author":6,"featured_media":20484,"comment_status":"open","ping_status":"closed","sticky":false,"template":"","format":"standard","meta":{"_bbp_topic_count":0,"_bbp_reply_count":0,"_bbp_total_topic_count":0,"_bbp_total_reply_count":0,"_bbp_voice_count":0,"_bbp_anonymous_reply_count":0,"_bbp_topic_count_hidden":0,"_bbp_reply_count_hidden":0,"_bbp_forum_subforum_count":0,"footnotes":""},"categories":[4,11,63,1,29],"tags":[336,358],"class_list":["post-20476","post","type-post","status-publish","format-standard","has-post-thumbnail","hentry","category-eso-1","category-eso-1c","category-eso-1f","category-general","category-portada","tag-ambit-educacio-fisica","tag-curs-2021-2022"],"post_mailing_queue_ids":[],"_links":{"self":[{"href":"https:\/\/agora.xtec.cat\/ieslaromanica\/wp-json\/wp\/v2\/posts\/20476","targetHints":{"allow":["GET"]}}],"collection":[{"href":"https:\/\/agora.xtec.cat\/ieslaromanica\/wp-json\/wp\/v2\/posts"}],"about":[{"href":"https:\/\/agora.xtec.cat\/ieslaromanica\/wp-json\/wp\/v2\/types\/post"}],"author":[{"embeddable":true,"href":"https:\/\/agora.xtec.cat\/ieslaromanica\/wp-json\/wp\/v2\/users\/6"}],"replies":[{"embeddable":true,"href":"https:\/\/agora.xtec.cat\/ieslaromanica\/wp-json\/wp\/v2\/comments?post=20476"}],"version-history":[{"count":3,"href":"https:\/\/agora.xtec.cat\/ieslaromanica\/wp-json\/wp\/v2\/posts\/20476\/revisions"}],"predecessor-version":[{"id":20487,"href":"https:\/\/agora.xtec.cat\/ieslaromanica\/wp-json\/wp\/v2\/posts\/20476\/revisions\/20487"}],"wp:featuredmedia":[{"embeddable":true,"href":"https:\/\/agora.xtec.cat\/ieslaromanica\/wp-json\/wp\/v2\/media\/20484"}],"wp:attachment":[{"href":"https:\/\/agora.xtec.cat\/ieslaromanica\/wp-json\/wp\/v2\/media?parent=20476"}],"wp:term":[{"taxonomy":"category","embeddable":true,"href":"https:\/\/agora.xtec.cat\/ieslaromanica\/wp-json\/wp\/v2\/categories?post=20476"},{"taxonomy":"post_tag","embeddable":true,"href":"https:\/\/agora.xtec.cat\/ieslaromanica\/wp-json\/wp\/v2\/tags?post=20476"}],"curies":[{"name":"wp","href":"https:\/\/api.w.org\/{rel}","templated":true}]}}