{"id":20470,"date":"2021-12-09T19:25:21","date_gmt":"2021-12-09T18:25:21","guid":{"rendered":"https:\/\/agora.xtec.cat\/ieslaromanica\/?p=20470"},"modified":"2021-12-09T20:00:58","modified_gmt":"2021-12-09T19:00:58","slug":"introduccio-dels-escacs-a-linstitut","status":"publish","type":"post","link":"https:\/\/agora.xtec.cat\/ieslaromanica\/general\/introduccio-dels-escacs-a-linstitut\/","title":{"rendered":"Introducci\u00f3 dels escacs a l&#8217;Institut"},"content":{"rendered":"<p>Aquest curs 21-22 volem destacar la incorporaci\u00f3 dels escacs com a eina educativa en el nostre centre. El seu aprenentatge s&#8217;est\u00e0 impartint mitjan\u00e7ant un projecte a 2n d&#8217;ESO que integra compet\u00e8ncies a assolir presents a diferents \u00e0mbits. \u00c9s un recurs que potencia el desenvolupament de les estructures cognitives, el raonament i el pensament logicomatem\u00e0tic, les habilitats ling\u00fc\u00edstiques i els h\u00e0bits de conducta.<br \/>\n<em>&#8220;En els escacs, qui perd \u00e9s qui m\u00e9s apr\u00e8n&#8221; &#8211;\u00a0<\/em> <span class=\"hiddenSpellError\">Leontxo<\/span>\u00a0<span class=\"hiddenSpellError\">Garc\u00eda.<\/span><br \/>\nDurant aquests dies\u00a0prefestius\u00a0s&#8217;est\u00e0 duent a terme el torneig de Nadal\u00a0<span class=\"hiddenSpellError\">intra<\/span>-classe.<br \/>\nProperament,\u00a0us informarem de m\u00e9s novetats relacionades amb els Escacs!!!<\/p>\n<table style=\"border-collapse: collapse; width: 70.1327%; height: 26px;\">\n<tbody>\n<tr>\n<td style=\"width: 50%;\"><a href=\"https:\/\/agora.xtec.cat\/ieslaromanica\/wp-content\/uploads\/usu857\/2021\/12\/foto-escacs1-2mg.jpg\"><img loading=\"lazy\" decoding=\"async\" class=\"alignleft size-medium wp-image-20472\" src=\"https:\/\/agora.xtec.cat\/ieslaromanica\/wp-content\/uploads\/usu857\/2021\/12\/foto-escacs1-2mg-300x225.jpg\" alt=\"\" width=\"300\" height=\"225\" srcset=\"https:\/\/agora.xtec.cat\/ieslaromanica\/wp-content\/uploads\/usu857\/2021\/12\/foto-escacs1-2mg-300x225.jpg 300w, https:\/\/agora.xtec.cat\/ieslaromanica\/wp-content\/uploads\/usu857\/2021\/12\/foto-escacs1-2mg-1024x768.jpg 1024w, https:\/\/agora.xtec.cat\/ieslaromanica\/wp-content\/uploads\/usu857\/2021\/12\/foto-escacs1-2mg-768x576.jpg 768w, https:\/\/agora.xtec.cat\/ieslaromanica\/wp-content\/uploads\/usu857\/2021\/12\/foto-escacs1-2mg-1536x1152.jpg 1536w, https:\/\/agora.xtec.cat\/ieslaromanica\/wp-content\/uploads\/usu857\/2021\/12\/foto-escacs1-2mg-200x150.jpg 200w, https:\/\/agora.xtec.cat\/ieslaromanica\/wp-content\/uploads\/usu857\/2021\/12\/foto-escacs1-2mg.jpg 1701w\" sizes=\"auto, (max-width: 300px) 100vw, 300px\" \/><\/a><\/td>\n<td style=\"width: 50%;\"><a href=\"https:\/\/agora.xtec.cat\/ieslaromanica\/wp-content\/uploads\/usu857\/2021\/12\/foto-escacs-2-2mg.jpg\"><img loading=\"lazy\" decoding=\"async\" class=\"alignleft size-medium wp-image-20471\" src=\"https:\/\/agora.xtec.cat\/ieslaromanica\/wp-content\/uploads\/usu857\/2021\/12\/foto-escacs-2-2mg-300x225.jpg\" alt=\"\" width=\"300\" height=\"225\" srcset=\"https:\/\/agora.xtec.cat\/ieslaromanica\/wp-content\/uploads\/usu857\/2021\/12\/foto-escacs-2-2mg-300x225.jpg 300w, https:\/\/agora.xtec.cat\/ieslaromanica\/wp-content\/uploads\/usu857\/2021\/12\/foto-escacs-2-2mg-1024x768.jpg 1024w, https:\/\/agora.xtec.cat\/ieslaromanica\/wp-content\/uploads\/usu857\/2021\/12\/foto-escacs-2-2mg-768x576.jpg 768w, https:\/\/agora.xtec.cat\/ieslaromanica\/wp-content\/uploads\/usu857\/2021\/12\/foto-escacs-2-2mg-1536x1152.jpg 1536w, https:\/\/agora.xtec.cat\/ieslaromanica\/wp-content\/uploads\/usu857\/2021\/12\/foto-escacs-2-2mg-200x150.jpg 200w, https:\/\/agora.xtec.cat\/ieslaromanica\/wp-content\/uploads\/usu857\/2021\/12\/foto-escacs-2-2mg.jpg 1701w\" sizes=\"auto, (max-width: 300px) 100vw, 300px\" \/><\/a><\/td>\n<\/tr>\n<\/tbody>\n<\/table>\n","protected":false},"excerpt":{"rendered":"<p>Aquest curs 21-22 volem destacar la incorporaci\u00f3 dels escacs com a eina educativa en el nostre centre. El seu aprenentatge s&#8217;est\u00e0 impartint mitjan\u00e7ant un projecte a 2n d&#8217;ESO que integra compet\u00e8ncies a assolir presents a diferents \u00e0mbits. \u00c9s un recurs que potencia el desenvolupament de&hellip;  <a href=\"https:\/\/agora.xtec.cat\/ieslaromanica\/general\/introduccio-dels-escacs-a-linstitut\/\" title=\"Read Introducci\u00f3 dels escacs a l&#8217;Institut\">Llegeix m\u00e9s\u00bb<\/a><\/p>\n","protected":false},"author":6,"featured_media":20472,"comment_status":"open","ping_status":"closed","sticky":false,"template":"","format":"standard","meta":{"_bbp_topic_count":0,"_bbp_reply_count":0,"_bbp_total_topic_count":0,"_bbp_total_reply_count":0,"_bbp_voice_count":0,"_bbp_anonymous_reply_count":0,"_bbp_topic_count_hidden":0,"_bbp_reply_count_hidden":0,"_bbp_forum_subforum_count":0,"footnotes":""},"categories":[5,1,29],"tags":[336,358,368],"class_list":["post-20470","post","type-post","status-publish","format-standard","has-post-thumbnail","hentry","category-eso-2","category-general","category-portada","tag-ambit-educacio-fisica","tag-curs-2021-2022","tag-projecte-escacs"],"post_mailing_queue_ids":[],"_links":{"self":[{"href":"https:\/\/agora.xtec.cat\/ieslaromanica\/wp-json\/wp\/v2\/posts\/20470","targetHints":{"allow":["GET"]}}],"collection":[{"href":"https:\/\/agora.xtec.cat\/ieslaromanica\/wp-json\/wp\/v2\/posts"}],"about":[{"href":"https:\/\/agora.xtec.cat\/ieslaromanica\/wp-json\/wp\/v2\/types\/post"}],"author":[{"embeddable":true,"href":"https:\/\/agora.xtec.cat\/ieslaromanica\/wp-json\/wp\/v2\/users\/6"}],"replies":[{"embeddable":true,"href":"https:\/\/agora.xtec.cat\/ieslaromanica\/wp-json\/wp\/v2\/comments?post=20470"}],"version-history":[{"count":3,"href":"https:\/\/agora.xtec.cat\/ieslaromanica\/wp-json\/wp\/v2\/posts\/20470\/revisions"}],"predecessor-version":[{"id":20481,"href":"https:\/\/agora.xtec.cat\/ieslaromanica\/wp-json\/wp\/v2\/posts\/20470\/revisions\/20481"}],"wp:featuredmedia":[{"embeddable":true,"href":"https:\/\/agora.xtec.cat\/ieslaromanica\/wp-json\/wp\/v2\/media\/20472"}],"wp:attachment":[{"href":"https:\/\/agora.xtec.cat\/ieslaromanica\/wp-json\/wp\/v2\/media?parent=20470"}],"wp:term":[{"taxonomy":"category","embeddable":true,"href":"https:\/\/agora.xtec.cat\/ieslaromanica\/wp-json\/wp\/v2\/categories?post=20470"},{"taxonomy":"post_tag","embeddable":true,"href":"https:\/\/agora.xtec.cat\/ieslaromanica\/wp-json\/wp\/v2\/tags?post=20470"}],"curies":[{"name":"wp","href":"https:\/\/api.w.org\/{rel}","templated":true}]}}