{"id":20410,"date":"2021-11-26T10:09:25","date_gmt":"2021-11-26T09:09:25","guid":{"rendered":"https:\/\/agora.xtec.cat\/ieslaromanica\/?p=20410"},"modified":"2021-11-26T10:20:54","modified_gmt":"2021-11-26T09:20:54","slug":"per-una-vida-lliure-de-violencies-masclistes","status":"publish","type":"post","link":"https:\/\/agora.xtec.cat\/ieslaromanica\/general\/per-una-vida-lliure-de-violencies-masclistes\/","title":{"rendered":"25N-Per una vida lliure de viol\u00e8ncies masclistes!"},"content":{"rendered":"<p>Ahir, 25 de novembre de 2021, v\u00e0rem commemorar el Dia internacional per l&#8217;eliminaci\u00f3 de la viol\u00e8ncia vers les dones i volem que totes les accions i actes que es generen al voltant d&#8217;aquesta data s&#8217;estenguin a\u00a0<span class=\"hiddenSuggestion\">tots els dies<\/span>\u00a0de l&#8217;any. La lluita per una vida lliure de viol\u00e8ncies ha de ser di\u00e0ria.<\/p>\n<p>Amb aquest fragment s&#8217;iniciava el manifest aprovat per les administracions i institucions del pa\u00eds, el qual hem compartit i dif\u00f3s a la nostra comunitat educativa i a la ciutadania de Barber\u00e0 del Vall\u00e8s.<\/p>\n<p>Davant de l&#8217;Ajuntament, quatre alumnes representants dels quatre instituts de Barber\u00e0 del Vall\u00e8s, acompanyades pel regidor de cultura i l&#8217;alcalde del municipi, han reafirmat que la nostra ciutat \u00e9s una ciutat feminista i que per a totes nosaltres el 25N \u00e9s tots i cadascun dels dies de l&#8217;any. Tot un honor haver compartit aquest espai de reivindicaci\u00f3 i reafirmaci\u00f3 de valors amb l&#8217;Institut Can\u00a0<span class=\"hiddenSpellError\">Planas<\/span>, l&#8217;Institut Bit\u00e0cola i l&#8217;Institut Escola Can Llobet.<\/p>\n<p>Paral\u00b7lelament, a la mateixa hora, la nostra comunitat educativa es concentrava al pati per sentir el text del manifest a trav\u00e9s de nou alumnes de diferents cursos del centre.<\/p>\n<p>Des d&#8217;aqu\u00ed\u00a0volem reiterar tot el suport i la nostra empatia a les supervivents i el seu entorn. No podem continuar consentint que les dones visquin amb por, amb la llibertat coartada per l&#8217;amena\u00e7a d&#8217;unes agressions sexuals que ja haurien d&#8217;estar desterrades d&#8217;una societat democr\u00e0tica i lliure. Les viol\u00e8ncies sexuals atemptem contra el principi de llibertat individual.<\/p>\n<p>Per una vida lliure de viol\u00e8ncies masclistes!<\/p>\n<table style=\"border-collapse: collapse; width: 73.2301%; height: 62px;\">\n<tbody>\n<tr>\n<td style=\"width: 50%;\"><a href=\"https:\/\/agora.xtec.cat\/ieslaromanica\/wp-content\/uploads\/usu857\/2021\/11\/IMG_20211125_223741_046.jpg\"><img loading=\"lazy\" decoding=\"async\" class=\"alignleft size-medium wp-image-20414\" src=\"https:\/\/agora.xtec.cat\/ieslaromanica\/wp-content\/uploads\/usu857\/2021\/11\/IMG_20211125_223741_046-300x284.jpg\" alt=\"\" width=\"300\" height=\"284\" srcset=\"https:\/\/agora.xtec.cat\/ieslaromanica\/wp-content\/uploads\/usu857\/2021\/11\/IMG_20211125_223741_046-300x284.jpg 300w, https:\/\/agora.xtec.cat\/ieslaromanica\/wp-content\/uploads\/usu857\/2021\/11\/IMG_20211125_223741_046-1024x969.jpg 1024w, https:\/\/agora.xtec.cat\/ieslaromanica\/wp-content\/uploads\/usu857\/2021\/11\/IMG_20211125_223741_046-768x726.jpg 768w, https:\/\/agora.xtec.cat\/ieslaromanica\/wp-content\/uploads\/usu857\/2021\/11\/IMG_20211125_223741_046.jpg 1440w\" sizes=\"auto, (max-width: 300px) 100vw, 300px\" \/><\/a><\/td>\n<td style=\"width: 50%;\"><a href=\"https:\/\/agora.xtec.cat\/ieslaromanica\/wp-content\/uploads\/usu857\/2021\/11\/IMG_20211125_223741_094-Portada.jpg\"><img loading=\"lazy\" decoding=\"async\" class=\"alignleft size-medium wp-image-20415\" src=\"https:\/\/agora.xtec.cat\/ieslaromanica\/wp-content\/uploads\/usu857\/2021\/11\/IMG_20211125_223741_094-Portada-300x284.jpg\" alt=\"\" width=\"300\" height=\"284\" srcset=\"https:\/\/agora.xtec.cat\/ieslaromanica\/wp-content\/uploads\/usu857\/2021\/11\/IMG_20211125_223741_094-Portada-300x284.jpg 300w, https:\/\/agora.xtec.cat\/ieslaromanica\/wp-content\/uploads\/usu857\/2021\/11\/IMG_20211125_223741_094-Portada-1024x969.jpg 1024w, https:\/\/agora.xtec.cat\/ieslaromanica\/wp-content\/uploads\/usu857\/2021\/11\/IMG_20211125_223741_094-Portada-768x726.jpg 768w, https:\/\/agora.xtec.cat\/ieslaromanica\/wp-content\/uploads\/usu857\/2021\/11\/IMG_20211125_223741_094-Portada.jpg 1440w\" sizes=\"auto, (max-width: 300px) 100vw, 300px\" \/><\/a><\/td>\n<\/tr>\n<tr>\n<td style=\"width: 50%;\"><a href=\"https:\/\/agora.xtec.cat\/ieslaromanica\/wp-content\/uploads\/usu857\/2021\/11\/IMG_20211125_223741_105.jpg\"><img loading=\"lazy\" decoding=\"async\" class=\"alignleft size-medium wp-image-20416\" src=\"https:\/\/agora.xtec.cat\/ieslaromanica\/wp-content\/uploads\/usu857\/2021\/11\/IMG_20211125_223741_105-300x284.jpg\" alt=\"\" width=\"300\" height=\"284\" srcset=\"https:\/\/agora.xtec.cat\/ieslaromanica\/wp-content\/uploads\/usu857\/2021\/11\/IMG_20211125_223741_105-300x284.jpg 300w, https:\/\/agora.xtec.cat\/ieslaromanica\/wp-content\/uploads\/usu857\/2021\/11\/IMG_20211125_223741_105-1024x969.jpg 1024w, https:\/\/agora.xtec.cat\/ieslaromanica\/wp-content\/uploads\/usu857\/2021\/11\/IMG_20211125_223741_105-768x727.jpg 768w, https:\/\/agora.xtec.cat\/ieslaromanica\/wp-content\/uploads\/usu857\/2021\/11\/IMG_20211125_223741_105.jpg 1139w\" sizes=\"auto, (max-width: 300px) 100vw, 300px\" \/><\/a><\/td>\n<td style=\"width: 50%;\"><a href=\"https:\/\/agora.xtec.cat\/ieslaromanica\/wp-content\/uploads\/usu857\/2021\/11\/IMG_20211125_223741_113.jpg\"><img loading=\"lazy\" decoding=\"async\" class=\"alignleft size-medium wp-image-20417\" src=\"https:\/\/agora.xtec.cat\/ieslaromanica\/wp-content\/uploads\/usu857\/2021\/11\/IMG_20211125_223741_113-300x284.jpg\" alt=\"\" width=\"300\" height=\"284\" srcset=\"https:\/\/agora.xtec.cat\/ieslaromanica\/wp-content\/uploads\/usu857\/2021\/11\/IMG_20211125_223741_113-300x284.jpg 300w, https:\/\/agora.xtec.cat\/ieslaromanica\/wp-content\/uploads\/usu857\/2021\/11\/IMG_20211125_223741_113-1024x969.jpg 1024w, https:\/\/agora.xtec.cat\/ieslaromanica\/wp-content\/uploads\/usu857\/2021\/11\/IMG_20211125_223741_113-768x727.jpg 768w, https:\/\/agora.xtec.cat\/ieslaromanica\/wp-content\/uploads\/usu857\/2021\/11\/IMG_20211125_223741_113.jpg 1268w\" sizes=\"auto, (max-width: 300px) 100vw, 300px\" \/><\/a><\/td>\n<\/tr>\n<\/tbody>\n<\/table>\n","protected":false},"excerpt":{"rendered":"<p>Ahir, 25 de novembre de 2021, v\u00e0rem commemorar el Dia internacional per l&#8217;eliminaci\u00f3 de la viol\u00e8ncia vers les dones i volem que totes les accions i actes que es generen al voltant d&#8217;aquesta data s&#8217;estenguin a\u00a0tots els dies\u00a0de l&#8217;any. La lluita per una vida lliure&hellip;  <a href=\"https:\/\/agora.xtec.cat\/ieslaromanica\/general\/per-una-vida-lliure-de-violencies-masclistes\/\" title=\"Read 25N-Per una vida lliure de viol\u00e8ncies masclistes!\">Llegeix m\u00e9s\u00bb<\/a><\/p>\n","protected":false},"author":6,"featured_media":20421,"comment_status":"open","ping_status":"closed","sticky":false,"template":"","format":"standard","meta":{"_bbp_topic_count":0,"_bbp_reply_count":0,"_bbp_total_topic_count":0,"_bbp_total_reply_count":0,"_bbp_voice_count":0,"_bbp_anonymous_reply_count":0,"_bbp_topic_count_hidden":0,"_bbp_reply_count_hidden":0,"_bbp_forum_subforum_count":0,"footnotes":""},"categories":[314,1,29],"tags":[364,365,358],"class_list":["post-20410","post","type-post","status-publish","format-standard","has-post-thumbnail","hentry","category-activitats-extraescolars","category-general","category-portada","tag-25n","tag-ajuntament-de-barbera","tag-curs-2021-2022"],"post_mailing_queue_ids":[],"_links":{"self":[{"href":"https:\/\/agora.xtec.cat\/ieslaromanica\/wp-json\/wp\/v2\/posts\/20410","targetHints":{"allow":["GET"]}}],"collection":[{"href":"https:\/\/agora.xtec.cat\/ieslaromanica\/wp-json\/wp\/v2\/posts"}],"about":[{"href":"https:\/\/agora.xtec.cat\/ieslaromanica\/wp-json\/wp\/v2\/types\/post"}],"author":[{"embeddable":true,"href":"https:\/\/agora.xtec.cat\/ieslaromanica\/wp-json\/wp\/v2\/users\/6"}],"replies":[{"embeddable":true,"href":"https:\/\/agora.xtec.cat\/ieslaromanica\/wp-json\/wp\/v2\/comments?post=20410"}],"version-history":[{"count":3,"href":"https:\/\/agora.xtec.cat\/ieslaromanica\/wp-json\/wp\/v2\/posts\/20410\/revisions"}],"predecessor-version":[{"id":20419,"href":"https:\/\/agora.xtec.cat\/ieslaromanica\/wp-json\/wp\/v2\/posts\/20410\/revisions\/20419"}],"wp:featuredmedia":[{"embeddable":true,"href":"https:\/\/agora.xtec.cat\/ieslaromanica\/wp-json\/wp\/v2\/media\/20421"}],"wp:attachment":[{"href":"https:\/\/agora.xtec.cat\/ieslaromanica\/wp-json\/wp\/v2\/media?parent=20410"}],"wp:term":[{"taxonomy":"category","embeddable":true,"href":"https:\/\/agora.xtec.cat\/ieslaromanica\/wp-json\/wp\/v2\/categories?post=20410"},{"taxonomy":"post_tag","embeddable":true,"href":"https:\/\/agora.xtec.cat\/ieslaromanica\/wp-json\/wp\/v2\/tags?post=20410"}],"curies":[{"name":"wp","href":"https:\/\/api.w.org\/{rel}","templated":true}]}}