{"id":2032,"date":"2017-10-19T10:20:06","date_gmt":"2017-10-19T08:20:06","guid":{"rendered":"http:\/\/agora.xtec.cat\/ieslaromanica\/?p=2032"},"modified":"2017-10-19T10:25:17","modified_gmt":"2017-10-19T08:25:17","slug":"ciutats-defensores-dels-drets-humans-2017","status":"publish","type":"post","link":"https:\/\/agora.xtec.cat\/ieslaromanica\/general\/ciutats-defensores-dels-drets-humans-2017\/","title":{"rendered":"CIUTATS DEFENSORES DELS DRETS HUMANS 2017"},"content":{"rendered":"<p style=\"text-align: center;\"><a href=\"http:\/\/agora.xtec.cat\/ieslaromanica\/wp-content\/uploads\/usu857\/2017\/10\/DHU-0078.jpg\"><img loading=\"lazy\" decoding=\"async\" class=\"alignnone size-full wp-image-2146\" src=\"http:\/\/agora.xtec.cat\/ieslaromanica\/wp-content\/uploads\/usu857\/2017\/10\/DHU-0078.jpg\" alt=\"\" width=\"800\" height=\"533\" srcset=\"https:\/\/agora.xtec.cat\/ieslaromanica\/wp-content\/uploads\/usu857\/2017\/10\/DHU-0078.jpg 800w, https:\/\/agora.xtec.cat\/ieslaromanica\/wp-content\/uploads\/usu857\/2017\/10\/DHU-0078-300x200.jpg 300w, https:\/\/agora.xtec.cat\/ieslaromanica\/wp-content\/uploads\/usu857\/2017\/10\/DHU-0078-768x512.jpg 768w\" sizes=\"auto, (max-width: 800px) 100vw, 800px\" \/><\/a><\/p>\n<p style=\"text-align: justify;\">Amb l&#8217;objectiu de conscienciar el nostre jovent de la necessitat de defensar els Drets Humans, el passat divendres 29 de setembre de 2017, l&#8217;alumnat de Batxillerat de l&#8217;Institut Can Planas i del nostre centre van poder gaudir d&#8217;una nova edici\u00f3 del Projecte &#8220;Ciutats Defensores dels Drets Humans&#8221; al Teatre Municipal Cooperativa.<\/p>\n<p style=\"text-align: justify;\">Enguany, la confer\u00e8ncia ha versat sobre el tema &#8220;Drets de les dones i igualtat de g\u00e8nere&#8221; i la persona convidada per l&#8217;Ajuntament de Barber\u00e0 ha estat la cantant colombiana Diana Avella.<\/p>\n<p style=\"text-align: justify;\"><a href=\"http:\/\/agora.xtec.cat\/ieslaromanica\/wp-content\/uploads\/usu857\/2017\/10\/DHU-0049.jpg\"><img loading=\"lazy\" decoding=\"async\" class=\"size-full wp-image-2141 aligncenter\" src=\"http:\/\/agora.xtec.cat\/ieslaromanica\/wp-content\/uploads\/usu857\/2017\/10\/DHU-0049.jpg\" alt=\"\" width=\"800\" height=\"533\" srcset=\"https:\/\/agora.xtec.cat\/ieslaromanica\/wp-content\/uploads\/usu857\/2017\/10\/DHU-0049.jpg 800w, https:\/\/agora.xtec.cat\/ieslaromanica\/wp-content\/uploads\/usu857\/2017\/10\/DHU-0049-300x200.jpg 300w, https:\/\/agora.xtec.cat\/ieslaromanica\/wp-content\/uploads\/usu857\/2017\/10\/DHU-0049-768x512.jpg 768w\" sizes=\"auto, (max-width: 800px) 100vw, 800px\" \/><\/a><\/p>\n<p style=\"text-align: justify;\">Diana Avella, que ella mateixa es defineix com a artista del Hip-Hop, llicenciada en Llengua Castellana i mare, \u00e9s una reconeguda cantant i activista a favor dels drets de les dones i dels Drets Humans en general. Des de ben jove, ha lluitat per obrir-se cam\u00ed en un m\u00f3n d&#8217;homes, el de la m\u00fasica Hip-Hop.<\/p>\n<p style=\"text-align: center;\"><a href=\"http:\/\/agora.xtec.cat\/ieslaromanica\/wp-content\/uploads\/usu857\/2017\/10\/DHU-0079.jpg\"><img loading=\"lazy\" decoding=\"async\" class=\"alignnone size-full wp-image-2145\" src=\"http:\/\/agora.xtec.cat\/ieslaromanica\/wp-content\/uploads\/usu857\/2017\/10\/DHU-0079.jpg\" alt=\"\" width=\"800\" height=\"533\" srcset=\"https:\/\/agora.xtec.cat\/ieslaromanica\/wp-content\/uploads\/usu857\/2017\/10\/DHU-0079.jpg 800w, https:\/\/agora.xtec.cat\/ieslaromanica\/wp-content\/uploads\/usu857\/2017\/10\/DHU-0079-300x200.jpg 300w, https:\/\/agora.xtec.cat\/ieslaromanica\/wp-content\/uploads\/usu857\/2017\/10\/DHU-0079-768x512.jpg 768w\" sizes=\"auto, (max-width: 800px) 100vw, 800px\" \/><\/a><\/p>\n<p style=\"text-align: justify;\">Durant l&#8217;acte, la Diana va oferir al nostre alumnat la seva experi\u00e8ncia en la lluita com activista a favor dels Drets Humans i un concert de Hip-Hop on ens va mostrar com el contingut de les lletres de les seves can\u00e7ons s\u00f3n la base de la seva lluita.<\/p>\n<p style=\"text-align: justify;\"><a href=\"http:\/\/agora.xtec.cat\/ieslaromanica\/wp-content\/uploads\/usu857\/2017\/10\/DHU-0108.jpg\"><img loading=\"lazy\" decoding=\"async\" class=\"size-full wp-image-2143 aligncenter\" src=\"http:\/\/agora.xtec.cat\/ieslaromanica\/wp-content\/uploads\/usu857\/2017\/10\/DHU-0108.jpg\" alt=\"\" width=\"800\" height=\"533\" srcset=\"https:\/\/agora.xtec.cat\/ieslaromanica\/wp-content\/uploads\/usu857\/2017\/10\/DHU-0108.jpg 800w, https:\/\/agora.xtec.cat\/ieslaromanica\/wp-content\/uploads\/usu857\/2017\/10\/DHU-0108-300x200.jpg 300w, https:\/\/agora.xtec.cat\/ieslaromanica\/wp-content\/uploads\/usu857\/2017\/10\/DHU-0108-768x512.jpg 768w\" sizes=\"auto, (max-width: 800px) 100vw, 800px\" \/><\/a><\/p>\n<p style=\"text-align: center;\"><a href=\"http:\/\/agora.xtec.cat\/ieslaromanica\/wp-content\/uploads\/usu857\/2017\/10\/DHU-0137-reduida.jpg\"><img loading=\"lazy\" decoding=\"async\" class=\"alignnone wp-image-2147\" src=\"http:\/\/agora.xtec.cat\/ieslaromanica\/wp-content\/uploads\/usu857\/2017\/10\/DHU-0137-reduida.jpg\" alt=\"\" width=\"737\" height=\"423\" srcset=\"https:\/\/agora.xtec.cat\/ieslaromanica\/wp-content\/uploads\/usu857\/2017\/10\/DHU-0137-reduida.jpg 627w, https:\/\/agora.xtec.cat\/ieslaromanica\/wp-content\/uploads\/usu857\/2017\/10\/DHU-0137-reduida-300x172.jpg 300w\" sizes=\"auto, (max-width: 737px) 100vw, 737px\" \/><\/a><\/p>\n<p style=\"text-align: justify;\">El talent de la Diana l&#8217;ha portada a saber utilitzar la m\u00fasica per reivindicar els drets de les dones, denunciar el masclisme imperant i defensar els valors, la Pau i els Drets Humans.<\/p>\n<p style=\"text-align: justify;\">En una de les teves can\u00e7ons m\u00e9s conegudes ens diu &#8220;Nac\u00ed mujer&#8221;. I nosaltres li diem: gracias por nacer mujer.<\/p>\n","protected":false},"excerpt":{"rendered":"<p><a href=\"http:\/\/agora.xtec.cat\/ieslaromanica\/wp-content\/uploads\/usu857\/2017\/10\/DHU-0078.jpg\"><\/a><br \/>\nAmb l&#8217;objectiu de conscienciar el nostre jovent de la necessitat de defensar els Drets Humans, el passat divendres 29 de setembre de 2017, l&#8217;alumnat de Batxillerat de l&#8217;Institut Can Planas i del nostre centre van poder gaudir d&#8217;una nova edici\u00f3 del Projecte &#8220;Ciutats Defensores&hellip;  <a href=\"https:\/\/agora.xtec.cat\/ieslaromanica\/general\/ciutats-defensores-dels-drets-humans-2017\/\" title=\"Read CIUTATS DEFENSORES DELS DRETS HUMANS 2017\">Llegeix m\u00e9s\u00bb<\/a><\/p>\n","protected":false},"author":3,"featured_media":2146,"comment_status":"open","ping_status":"closed","sticky":false,"template":"","format":"standard","meta":{"_bbp_topic_count":0,"_bbp_reply_count":0,"_bbp_total_topic_count":0,"_bbp_total_reply_count":0,"_bbp_voice_count":0,"_bbp_anonymous_reply_count":0,"_bbp_topic_count_hidden":0,"_bbp_reply_count_hidden":0,"_bbp_forum_subforum_count":0,"footnotes":""},"categories":[73,8,1,29],"tags":[109],"class_list":["post-2032","post","type-post","status-publish","format-standard","has-post-thumbnail","hentry","category-2-batx","category-batxillerat","category-general","category-portada","tag-ciutats-defensores-dels-drets-humans"],"post_mailing_queue_ids":[],"_links":{"self":[{"href":"https:\/\/agora.xtec.cat\/ieslaromanica\/wp-json\/wp\/v2\/posts\/2032","targetHints":{"allow":["GET"]}}],"collection":[{"href":"https:\/\/agora.xtec.cat\/ieslaromanica\/wp-json\/wp\/v2\/posts"}],"about":[{"href":"https:\/\/agora.xtec.cat\/ieslaromanica\/wp-json\/wp\/v2\/types\/post"}],"author":[{"embeddable":true,"href":"https:\/\/agora.xtec.cat\/ieslaromanica\/wp-json\/wp\/v2\/users\/3"}],"replies":[{"embeddable":true,"href":"https:\/\/agora.xtec.cat\/ieslaromanica\/wp-json\/wp\/v2\/comments?post=2032"}],"version-history":[{"count":3,"href":"https:\/\/agora.xtec.cat\/ieslaromanica\/wp-json\/wp\/v2\/posts\/2032\/revisions"}],"predecessor-version":[{"id":2151,"href":"https:\/\/agora.xtec.cat\/ieslaromanica\/wp-json\/wp\/v2\/posts\/2032\/revisions\/2151"}],"wp:featuredmedia":[{"embeddable":true,"href":"https:\/\/agora.xtec.cat\/ieslaromanica\/wp-json\/wp\/v2\/media\/2146"}],"wp:attachment":[{"href":"https:\/\/agora.xtec.cat\/ieslaromanica\/wp-json\/wp\/v2\/media?parent=2032"}],"wp:term":[{"taxonomy":"category","embeddable":true,"href":"https:\/\/agora.xtec.cat\/ieslaromanica\/wp-json\/wp\/v2\/categories?post=2032"},{"taxonomy":"post_tag","embeddable":true,"href":"https:\/\/agora.xtec.cat\/ieslaromanica\/wp-json\/wp\/v2\/tags?post=2032"}],"curies":[{"name":"wp","href":"https:\/\/api.w.org\/{rel}","templated":true}]}}