{"id":2030,"date":"2018-01-11T09:35:24","date_gmt":"2018-01-11T08:35:24","guid":{"rendered":"http:\/\/agora.xtec.cat\/ieslaromanica\/?p=2030"},"modified":"2018-01-11T09:35:24","modified_gmt":"2018-01-11T08:35:24","slug":"taller-de-primers-auxilis","status":"publish","type":"post","link":"https:\/\/agora.xtec.cat\/ieslaromanica\/general\/taller-de-primers-auxilis\/","title":{"rendered":"Taller de primers auxilis"},"content":{"rendered":"<p style=\"text-align: center;\"><a href=\"http:\/\/agora.xtec.cat\/ieslaromanica\/wp-content\/uploads\/usu857\/2017\/12\/taller-RCP.jpg\"><img loading=\"lazy\" decoding=\"async\" class=\"alignnone size-full wp-image-2480\" src=\"http:\/\/agora.xtec.cat\/ieslaromanica\/wp-content\/uploads\/usu857\/2017\/12\/taller-RCP.jpg\" alt=\"\" width=\"1223\" height=\"1741\" srcset=\"https:\/\/agora.xtec.cat\/ieslaromanica\/wp-content\/uploads\/usu857\/2017\/12\/taller-RCP.jpg 1223w, https:\/\/agora.xtec.cat\/ieslaromanica\/wp-content\/uploads\/usu857\/2017\/12\/taller-RCP-211x300.jpg 211w, https:\/\/agora.xtec.cat\/ieslaromanica\/wp-content\/uploads\/usu857\/2017\/12\/taller-RCP-768x1093.jpg 768w, https:\/\/agora.xtec.cat\/ieslaromanica\/wp-content\/uploads\/usu857\/2017\/12\/taller-RCP-719x1024.jpg 719w\" sizes=\"auto, (max-width: 1223px) 100vw, 1223px\" \/><\/a><\/p>\n<p style=\"text-align: justify;\">L&#8217;alumnat de 4t d&#8217;ESO han dut a terme durant el primer trimestre del curs un taller d&#8217;autoprotecci\u00f3 i primers auxilis.<\/p>\n<p style=\"text-align: justify;\">El taller comprenia el protocol a seguir sobre la protecci\u00f3, l&#8217;alerta i com soc\u00f2rrer una persona ferida, el reconeixement dels signes vitals i s\u00edmptomes, la valoraci\u00f3 prim\u00e0ria i secund\u00e0ria, el tractament de les ferides, hemorr\u00e0gies, fractures i cremades, per\u00f2 un apartat molt important dels tallers ha consistit en el coneixement i la pr\u00e0ctica de t\u00e8cniques b\u00e0siques de suport vital i RCP (Reanimaci\u00f3 Cardiopulmonar) tot utilitzant el material espec\u00edfic necessari.<\/p>\n<p style=\"text-align: justify;\">Des s&#8217;aquest curs, el nostre centre compta amb una unitat de RCP.<\/p>\n","protected":false},"excerpt":{"rendered":"<p><a href=\"http:\/\/agora.xtec.cat\/ieslaromanica\/wp-content\/uploads\/usu857\/2017\/12\/taller-RCP.jpg\"><\/a><br \/>\nL&#8217;alumnat de 4t d&#8217;ESO han dut a terme durant el primer trimestre del curs un taller d&#8217;autoprotecci\u00f3 i primers auxilis.<br \/>\nEl taller comprenia el protocol a seguir sobre la protecci\u00f3, l&#8217;alerta i com soc\u00f2rrer una persona ferida, el reconeixement dels signes vitals i s\u00edmptomes, la&hellip;  <a href=\"https:\/\/agora.xtec.cat\/ieslaromanica\/general\/taller-de-primers-auxilis\/\" title=\"Read Taller de primers auxilis\">Llegeix m\u00e9s\u00bb<\/a><\/p>\n","protected":false},"author":3,"featured_media":2480,"comment_status":"open","ping_status":"closed","sticky":false,"template":"","format":"standard","meta":{"_bbp_topic_count":0,"_bbp_reply_count":0,"_bbp_total_topic_count":0,"_bbp_total_reply_count":0,"_bbp_voice_count":0,"_bbp_anonymous_reply_count":0,"_bbp_topic_count_hidden":0,"_bbp_reply_count_hidden":0,"_bbp_forum_subforum_count":0,"footnotes":""},"categories":[3,7,1,29],"tags":[153,187],"class_list":["post-2030","post","type-post","status-publish","format-standard","has-post-thumbnail","hentry","category-eso","category-eso-4","category-general","category-portada","tag-rcp","tag-taller"],"post_mailing_queue_ids":[],"_links":{"self":[{"href":"https:\/\/agora.xtec.cat\/ieslaromanica\/wp-json\/wp\/v2\/posts\/2030","targetHints":{"allow":["GET"]}}],"collection":[{"href":"https:\/\/agora.xtec.cat\/ieslaromanica\/wp-json\/wp\/v2\/posts"}],"about":[{"href":"https:\/\/agora.xtec.cat\/ieslaromanica\/wp-json\/wp\/v2\/types\/post"}],"author":[{"embeddable":true,"href":"https:\/\/agora.xtec.cat\/ieslaromanica\/wp-json\/wp\/v2\/users\/3"}],"replies":[{"embeddable":true,"href":"https:\/\/agora.xtec.cat\/ieslaromanica\/wp-json\/wp\/v2\/comments?post=2030"}],"version-history":[{"count":3,"href":"https:\/\/agora.xtec.cat\/ieslaromanica\/wp-json\/wp\/v2\/posts\/2030\/revisions"}],"predecessor-version":[{"id":2559,"href":"https:\/\/agora.xtec.cat\/ieslaromanica\/wp-json\/wp\/v2\/posts\/2030\/revisions\/2559"}],"wp:featuredmedia":[{"embeddable":true,"href":"https:\/\/agora.xtec.cat\/ieslaromanica\/wp-json\/wp\/v2\/media\/2480"}],"wp:attachment":[{"href":"https:\/\/agora.xtec.cat\/ieslaromanica\/wp-json\/wp\/v2\/media?parent=2030"}],"wp:term":[{"taxonomy":"category","embeddable":true,"href":"https:\/\/agora.xtec.cat\/ieslaromanica\/wp-json\/wp\/v2\/categories?post=2030"},{"taxonomy":"post_tag","embeddable":true,"href":"https:\/\/agora.xtec.cat\/ieslaromanica\/wp-json\/wp\/v2\/tags?post=2030"}],"curies":[{"name":"wp","href":"https:\/\/api.w.org\/{rel}","templated":true}]}}