{"id":20208,"date":"2021-10-28T13:37:38","date_gmt":"2021-10-28T11:37:38","guid":{"rendered":"https:\/\/agora.xtec.cat\/ieslaromanica\/?p=20208"},"modified":"2021-11-10T19:57:39","modified_gmt":"2021-11-10T18:57:39","slug":"1as-xerrades-daprenentatge-i-servei-comunitari","status":"publish","type":"post","link":"https:\/\/agora.xtec.cat\/ieslaromanica\/general\/1as-xerrades-daprenentatge-i-servei-comunitari\/","title":{"rendered":"Primera jornada d&#8217;aprenentatge i servei comunitari"},"content":{"rendered":"<p><img loading=\"lazy\" decoding=\"async\" class=\"wp-image-20214 aligncenter\" src=\"https:\/\/agora.xtec.cat\/ieslaromanica\/wp-content\/uploads\/usu857\/2021\/10\/Voluntaris-cat-bis-300x58.jpg\" alt=\"\" width=\"248\" height=\"48\" srcset=\"https:\/\/agora.xtec.cat\/ieslaromanica\/wp-content\/uploads\/usu857\/2021\/10\/Voluntaris-cat-bis-300x58.jpg 300w, https:\/\/agora.xtec.cat\/ieslaromanica\/wp-content\/uploads\/usu857\/2021\/10\/Voluntaris-cat-bis.jpg 750w\" sizes=\"auto, (max-width: 248px) 100vw, 248px\" \/><\/p>\n<p>Des d\u2019Aprenentatge servei, l\u2019alumnat de 3r ESO ha pogut gaudir d\u2019una jornada de sensibilitzaci\u00f3 envers el voluntariat de la m\u00e0 de Marina L\u00f3pez, t\u00e8cnica de promoci\u00f3 comunit\u00e0ria del voluntariat.<\/p>\n<p>La xerrada s\u2019ha fet de forma telem\u00e0tica i ha suposat una forma nova,\u00a0per l\u2019alumnat i per a nosaltres els docents, de col\u00b7laborar en temps de pand\u00e8mia.<\/p>\n<table style=\"border-collapse: collapse; width: 70.9071%;\">\n<tbody>\n<tr>\n<td style=\"width: 34.1608%;\"><img loading=\"lazy\" decoding=\"async\" class=\"alignleft size-medium wp-image-20212\" src=\"https:\/\/agora.xtec.cat\/ieslaromanica\/wp-content\/uploads\/usu857\/2021\/10\/Comunicacio\u0301-2bis-300x223.jpg\" alt=\"\" width=\"300\" height=\"223\" srcset=\"https:\/\/agora.xtec.cat\/ieslaromanica\/wp-content\/uploads\/usu857\/2021\/10\/Comunicacio\u0301-2bis-300x223.jpg 300w, https:\/\/agora.xtec.cat\/ieslaromanica\/wp-content\/uploads\/usu857\/2021\/10\/Comunicacio\u0301-2bis-200x150.jpg 200w, https:\/\/agora.xtec.cat\/ieslaromanica\/wp-content\/uploads\/usu857\/2021\/10\/Comunicacio\u0301-2bis.jpg 452w\" sizes=\"auto, (max-width: 300px) 100vw, 300px\" \/><\/td>\n<td style=\"width: 34.6284%;\"><img loading=\"lazy\" decoding=\"async\" class=\"alignleft size-medium wp-image-20211\" src=\"https:\/\/agora.xtec.cat\/ieslaromanica\/wp-content\/uploads\/usu857\/2021\/10\/Comunicacio\u0301-1bis-300x224.jpg\" alt=\"\" width=\"300\" height=\"224\" srcset=\"https:\/\/agora.xtec.cat\/ieslaromanica\/wp-content\/uploads\/usu857\/2021\/10\/Comunicacio\u0301-1bis-300x224.jpg 300w, https:\/\/agora.xtec.cat\/ieslaromanica\/wp-content\/uploads\/usu857\/2021\/10\/Comunicacio\u0301-1bis-200x150.jpg 200w, https:\/\/agora.xtec.cat\/ieslaromanica\/wp-content\/uploads\/usu857\/2021\/10\/Comunicacio\u0301-1bis.jpg 452w\" sizes=\"auto, (max-width: 300px) 100vw, 300px\" \/><\/td>\n<\/tr>\n<tr>\n<td style=\"width: 68.7892%; text-align: center;\" colspan=\"2\">Alumnat de 3r ESO durant la Jornada.<\/td>\n<\/tr>\n<\/tbody>\n<\/table>\n<p>A l\u2019acabament de la jornada l\u2019alumnat va omplir un q\u00fcestionari de satisfacci\u00f3 amb la\u00a0iniciativa\u00a0i els resultats van ser prou satisfactoris.<\/p>\n<table style=\"border-collapse: collapse; width: 71.1283%;\">\n<tbody>\n<tr>\n<td style=\"width: 100%;\"><a href=\"https:\/\/agora.xtec.cat\/ieslaromanica\/wp-content\/uploads\/usu857\/2021\/10\/Comunicacio\u0301-3-gra\u0300fic-bis.jpg\"><img loading=\"lazy\" decoding=\"async\" class=\"wp-image-20213 aligncenter\" src=\"https:\/\/agora.xtec.cat\/ieslaromanica\/wp-content\/uploads\/usu857\/2021\/10\/Comunicacio\u0301-3-gra\u0300fic-bis-300x113.jpg\" alt=\"\" width=\"504\" height=\"190\" srcset=\"https:\/\/agora.xtec.cat\/ieslaromanica\/wp-content\/uploads\/usu857\/2021\/10\/Comunicacio\u0301-3-gra\u0300fic-bis-300x113.jpg 300w, https:\/\/agora.xtec.cat\/ieslaromanica\/wp-content\/uploads\/usu857\/2021\/10\/Comunicacio\u0301-3-gra\u0300fic-bis-768x288.jpg 768w, https:\/\/agora.xtec.cat\/ieslaromanica\/wp-content\/uploads\/usu857\/2021\/10\/Comunicacio\u0301-3-gra\u0300fic-bis.jpg 941w\" sizes=\"auto, (max-width: 504px) 100vw, 504px\" \/><\/a><\/td>\n<\/tr>\n<\/tbody>\n<\/table>\n<p>Pregunt\u00e0vem tamb\u00e9 que era el que m\u00e9s els havia\u00a0agradat:<\/p>\n<table style=\"border-collapse: collapse; width: 71.3496%;\">\n<tbody>\n<tr>\n<td style=\"width: 100%;\">\u201cVa\u00a0ser una sessi\u00f3 diferent,\u00a0a mi em va agradar perqu\u00e8 ten\u00edem contacte directe per la trucada i pod\u00edem preguntar qualsevol dubte que tingu\u00e9ssim\u201d<\/td>\n<\/tr>\n<tr>\n<td style=\"width: 100%;\">\u201cHa\u00a0servit per motivar a molts alumnes i ha estat b\u00e9 la xerrada\u201d<\/td>\n<\/tr>\n<tr>\n<td style=\"width: 100%;\">\u201cM&#8217;ha agradat\u00a0la presentaci\u00f3, crec que \u00e9s una bona forma d&#8217;informar els\u00a0alumnes d&#8217;aquests voluntariats i que ells tamb\u00e9 poden canviar aquest m\u00f3n fent voluntariat.\u201d<\/td>\n<\/tr>\n<\/tbody>\n<\/table>\n<p>I tamb\u00e9, per millorar, que no els havia agradat:<\/p>\n<table style=\"border-collapse: collapse; width: 71.5691%;\">\n<tbody>\n<tr>\n<td style=\"width: 100%;\">\u201cProblemes\u00a0t\u00e8cnics,\u201d<\/td>\n<\/tr>\n<tr>\n<td style=\"width: 100%;\">\u201cNo\u00a0tothom podia participar\u201d<\/td>\n<\/tr>\n<\/tbody>\n<\/table>\n<p>&nbsp;<\/p>\n<p>Des d\u2019<span class=\"hiddenSpellError\">APS<\/span> tornareu a tenir not\u00edcies pr\u00f2ximament quan sapiguem el grup guanyador el Logo i esl\u00f2gan del projecte.<\/p>\n<p>Fins aviat!<\/p>\n<p>&nbsp;<\/p>\n","protected":false},"excerpt":{"rendered":"<p>Des d\u2019Aprenentatge servei, l\u2019alumnat de 3r ESO ha pogut gaudir d\u2019una jornada de sensibilitzaci\u00f3 envers el voluntariat de la m\u00e0 de Marina L\u00f3pez, t\u00e8cnica de promoci\u00f3 comunit\u00e0ria del voluntariat.<br \/>\nLa xerrada s\u2019ha fet de forma telem\u00e0tica i ha suposat una forma nova,\u00a0per l\u2019alumnat i per a&hellip;  <a href=\"https:\/\/agora.xtec.cat\/ieslaromanica\/general\/1as-xerrades-daprenentatge-i-servei-comunitari\/\" title=\"Read Primera jornada d&#8217;aprenentatge i servei comunitari\">Llegeix m\u00e9s\u00bb<\/a><\/p>\n","protected":false},"author":6,"featured_media":20211,"comment_status":"open","ping_status":"closed","sticky":false,"template":"","format":"standard","meta":{"_bbp_topic_count":0,"_bbp_reply_count":0,"_bbp_total_topic_count":0,"_bbp_total_reply_count":0,"_bbp_voice_count":0,"_bbp_anonymous_reply_count":0,"_bbp_topic_count_hidden":0,"_bbp_reply_count_hidden":0,"_bbp_forum_subforum_count":0,"footnotes":""},"categories":[6,1,29],"tags":[358,363],"class_list":["post-20208","post","type-post","status-publish","format-standard","has-post-thumbnail","hentry","category-eso-3","category-general","category-portada","tag-curs-2021-2022","tag-projecte-aprenentatge-i-servei"],"post_mailing_queue_ids":[],"_links":{"self":[{"href":"https:\/\/agora.xtec.cat\/ieslaromanica\/wp-json\/wp\/v2\/posts\/20208","targetHints":{"allow":["GET"]}}],"collection":[{"href":"https:\/\/agora.xtec.cat\/ieslaromanica\/wp-json\/wp\/v2\/posts"}],"about":[{"href":"https:\/\/agora.xtec.cat\/ieslaromanica\/wp-json\/wp\/v2\/types\/post"}],"author":[{"embeddable":true,"href":"https:\/\/agora.xtec.cat\/ieslaromanica\/wp-json\/wp\/v2\/users\/6"}],"replies":[{"embeddable":true,"href":"https:\/\/agora.xtec.cat\/ieslaromanica\/wp-json\/wp\/v2\/comments?post=20208"}],"version-history":[{"count":3,"href":"https:\/\/agora.xtec.cat\/ieslaromanica\/wp-json\/wp\/v2\/posts\/20208\/revisions"}],"predecessor-version":[{"id":20317,"href":"https:\/\/agora.xtec.cat\/ieslaromanica\/wp-json\/wp\/v2\/posts\/20208\/revisions\/20317"}],"wp:featuredmedia":[{"embeddable":true,"href":"https:\/\/agora.xtec.cat\/ieslaromanica\/wp-json\/wp\/v2\/media\/20211"}],"wp:attachment":[{"href":"https:\/\/agora.xtec.cat\/ieslaromanica\/wp-json\/wp\/v2\/media?parent=20208"}],"wp:term":[{"taxonomy":"category","embeddable":true,"href":"https:\/\/agora.xtec.cat\/ieslaromanica\/wp-json\/wp\/v2\/categories?post=20208"},{"taxonomy":"post_tag","embeddable":true,"href":"https:\/\/agora.xtec.cat\/ieslaromanica\/wp-json\/wp\/v2\/tags?post=20208"}],"curies":[{"name":"wp","href":"https:\/\/api.w.org\/{rel}","templated":true}]}}