{"id":20099,"date":"2021-10-02T11:14:52","date_gmt":"2021-10-02T09:14:52","guid":{"rendered":"https:\/\/agora.xtec.cat\/ieslaromanica\/?p=20099"},"modified":"2021-11-08T12:47:49","modified_gmt":"2021-11-08T11:47:49","slug":"extraescolars-a-linstitut-la-romanica","status":"publish","type":"post","link":"https:\/\/agora.xtec.cat\/ieslaromanica\/general\/extraescolars-a-linstitut-la-romanica\/","title":{"rendered":"Extraescolars a l&#8217;institut La Rom\u00e0nica!"},"content":{"rendered":"<p>Des de l&#8217;AMPA \/ AFA de l&#8217;Institut La Rom\u00e0nica (\u00e9s a dir, les mares i pares de l&#8217;alumnat del centre) s&#8217;est\u00e0 impulsant fer extraescolars aqu\u00ed en el centre! Activitats com hip hop, voleibol, b\u00e0squet, acroesport\u00a0i refor\u00e7 escolar.<\/p>\n<p>Teniu tota la informaci\u00f3 en el document adjunt. Mireu el document i comenteu-lo a casa si esteu interessades o interessats.\u00a0 Donen temps fins al dia 14 d&#8217;octubre per inscriure-us a les diferents activitats proposades. L&#8217;empresa avisar\u00e0 a les fam\u00edlies el dia 15 d&#8217;octubre i les activitats comen\u00e7aran el 18 d&#8217;octubre.<\/p>\n<p>L&#8217;enlla\u00e7 per fer la inscripci\u00f3 \u00e9s\u00a0<a href=\"https:\/\/cutt.ly\/Institut-La-Romanica\" target=\"_blank\" rel=\"noopener\" data-saferedirecturl=\"https:\/\/www.google.com\/url?q=https:\/\/cutt.ly\/Institut-La-Romanica&amp;source=gmail&amp;ust=1633246884026000&amp;usg=AFQjCNHXqH7Gz8_6om9aT9SB8RyGcGocPw\">https:\/\/cutt.ly\/Institut-La-<wbr \/>Romanica<\/a>\u00a0el qual est\u00e0 en la portada del document, igual que els tel\u00e8fons on podeu trucar per fer les consultes pertinents.<\/p>\n<p>Moltes gr\u00e0cies! Esperem que us agradi i us engresqui aquesta proposta de l&#8217;AMPA del nostre institut!<\/p>\n<p>Clica la imatge per veure el PDF.<\/p>\n<p><a href=\"https:\/\/agora.xtec.cat\/ieslaromanica\/wp-content\/uploads\/usu857\/2021\/10\/Activitats-extraescolars-2021-22-LR.pdf\"><img loading=\"lazy\" decoding=\"async\" class=\"alignleft wp-image-20098\" src=\"https:\/\/agora.xtec.cat\/ieslaromanica\/wp-content\/uploads\/usu857\/2021\/10\/Informacio\u0301-Extraescolars-Ins-LR-1-2mg-212x300.jpg\" alt=\"\" width=\"368\" height=\"520\" srcset=\"https:\/\/agora.xtec.cat\/ieslaromanica\/wp-content\/uploads\/usu857\/2021\/10\/Informacio\u0301-Extraescolars-Ins-LR-1-2mg-212x300.jpg 212w, https:\/\/agora.xtec.cat\/ieslaromanica\/wp-content\/uploads\/usu857\/2021\/10\/Informacio\u0301-Extraescolars-Ins-LR-1-2mg-723x1024.jpg 723w, https:\/\/agora.xtec.cat\/ieslaromanica\/wp-content\/uploads\/usu857\/2021\/10\/Informacio\u0301-Extraescolars-Ins-LR-1-2mg-768x1088.jpg 768w, https:\/\/agora.xtec.cat\/ieslaromanica\/wp-content\/uploads\/usu857\/2021\/10\/Informacio\u0301-Extraescolars-Ins-LR-1-2mg-1084x1536.jpg 1084w\" sizes=\"auto, (max-width: 368px) 100vw, 368px\" \/><\/a><\/p>\n<p>&nbsp;<\/p>\n<p>&nbsp;<\/p>\n<p>&nbsp;<\/p>\n<p>&nbsp;<\/p>\n<p>&nbsp;<\/p>\n<p>&nbsp;<\/p>\n<p>&nbsp;<\/p>\n<p>&nbsp;<\/p>\n<p>&nbsp;<\/p>\n<p>&nbsp;<\/p>\n<p>&nbsp;<\/p>\n<p>&nbsp;<\/p>\n<p>&nbsp;<\/p>\n","protected":false},"excerpt":{"rendered":"<p>Des de l&#8217;AMPA \/ AFA de l&#8217;Institut La Rom\u00e0nica (\u00e9s a dir, les mares i pares de l&#8217;alumnat del centre) s&#8217;est\u00e0 impulsant fer extraescolars aqu\u00ed en el centre! Activitats com hip hop, voleibol, b\u00e0squet, acroesport\u00a0i refor\u00e7 escolar.<br \/>\nTeniu tota la informaci\u00f3 en el document adjunt. Mireu&hellip;  <a href=\"https:\/\/agora.xtec.cat\/ieslaromanica\/general\/extraescolars-a-linstitut-la-romanica\/\" title=\"Read Extraescolars a l&#8217;institut La Rom\u00e0nica!\">Llegeix m\u00e9s\u00bb<\/a><\/p>\n","protected":false},"author":6,"featured_media":20097,"comment_status":"open","ping_status":"closed","sticky":false,"template":"","format":"standard","meta":{"_bbp_topic_count":0,"_bbp_reply_count":0,"_bbp_total_topic_count":0,"_bbp_total_reply_count":0,"_bbp_voice_count":0,"_bbp_anonymous_reply_count":0,"_bbp_topic_count_hidden":0,"_bbp_reply_count_hidden":0,"_bbp_forum_subforum_count":0,"footnotes":""},"categories":[314,31,1,29],"tags":[359,154,358],"class_list":["post-20099","post","type-post","status-publish","format-standard","has-post-thumbnail","hentry","category-activitats-extraescolars","category-afa","category-general","category-portada","tag-afa","tag-ampa","tag-curs-2021-2022"],"post_mailing_queue_ids":[],"_links":{"self":[{"href":"https:\/\/agora.xtec.cat\/ieslaromanica\/wp-json\/wp\/v2\/posts\/20099","targetHints":{"allow":["GET"]}}],"collection":[{"href":"https:\/\/agora.xtec.cat\/ieslaromanica\/wp-json\/wp\/v2\/posts"}],"about":[{"href":"https:\/\/agora.xtec.cat\/ieslaromanica\/wp-json\/wp\/v2\/types\/post"}],"author":[{"embeddable":true,"href":"https:\/\/agora.xtec.cat\/ieslaromanica\/wp-json\/wp\/v2\/users\/6"}],"replies":[{"embeddable":true,"href":"https:\/\/agora.xtec.cat\/ieslaromanica\/wp-json\/wp\/v2\/comments?post=20099"}],"version-history":[{"count":3,"href":"https:\/\/agora.xtec.cat\/ieslaromanica\/wp-json\/wp\/v2\/posts\/20099\/revisions"}],"predecessor-version":[{"id":20112,"href":"https:\/\/agora.xtec.cat\/ieslaromanica\/wp-json\/wp\/v2\/posts\/20099\/revisions\/20112"}],"wp:featuredmedia":[{"embeddable":true,"href":"https:\/\/agora.xtec.cat\/ieslaromanica\/wp-json\/wp\/v2\/media\/20097"}],"wp:attachment":[{"href":"https:\/\/agora.xtec.cat\/ieslaromanica\/wp-json\/wp\/v2\/media?parent=20099"}],"wp:term":[{"taxonomy":"category","embeddable":true,"href":"https:\/\/agora.xtec.cat\/ieslaromanica\/wp-json\/wp\/v2\/categories?post=20099"},{"taxonomy":"post_tag","embeddable":true,"href":"https:\/\/agora.xtec.cat\/ieslaromanica\/wp-json\/wp\/v2\/tags?post=20099"}],"curies":[{"name":"wp","href":"https:\/\/api.w.org\/{rel}","templated":true}]}}