{"id":20088,"date":"2021-10-04T14:57:01","date_gmt":"2021-10-04T12:57:01","guid":{"rendered":"https:\/\/agora.xtec.cat\/ieslaromanica\/?p=20088"},"modified":"2021-11-02T17:35:01","modified_gmt":"2021-11-02T16:35:01","slug":"linstitut-la-romanica-present-a-italia","status":"publish","type":"post","link":"https:\/\/agora.xtec.cat\/ieslaromanica\/general\/linstitut-la-romanica-present-a-italia\/","title":{"rendered":"L&#8217;Institut La Rom\u00e0nica present a It\u00e0lia"},"content":{"rendered":"<div>\n<p>Entre els dies 24 i 27 de setembre es va dur a terme el 33\u00e8 APLEC INTERNACIONAL organitzat per\u00a0<span class=\"hiddenSpellError\">ADIFOLK<\/span>, amb la col\u00b7laboraci\u00f3 del Govern de la Generalitat de Catalunya, a la ciutat de l&#8217;Alguer (Sardenya). Una mostra de la cultura popular es va despla\u00e7ar fins a la ciutat italiana. Amb desenes de grups i m\u00e9s d&#8217;un miler de participants, alumnes de l&#8217;Institut La Rom\u00e0nica van ser presents en l&#8217;esdeveniment representant a Catalunya.<\/p>\n<p>A trav\u00e9s del projecte de Cultura Popular del centre educatiu, part de la cultura popular barberenca ha establit lligams amb la del municipi de Salou, promovent intercanvis des de l&#8217;any 2017. L&#8217;\u00faltim ha estat precisament la participaci\u00f3 d&#8217;alumnes de l&#8217;Institut La Rom\u00e0nica en aquest esdeveniment, a trav\u00e9s del Ball de Bastons de Salou.<\/p>\n<p>Unes jornades \u00faniques carregades d&#8217;il\u00b7lusi\u00f3 i que, a m\u00e9s, reforcen el projecte de Cultura Popular encetat al centre educatiu de Barber\u00e0 del Vall\u00e8s el qual ha portat a alumnes d&#8217;aquest centre a altres indrets de Catalunya per\u00f2 tamb\u00e9 del m\u00f3n, representant aix\u00ed el seu institut i el seu municipi.<\/p>\n<table style=\"border-collapse: collapse; width: 73.7832%; height: 28px;\">\n<tbody>\n<tr>\n<td style=\"width: 48.5007%;\">De cam\u00ed:<\/td>\n<td style=\"width: 51.4993%;\">Actuaci\u00f3:<\/td>\n<\/tr>\n<tr>\n<td style=\"width: 48.5007%;\"><a href=\"https:\/\/agora.xtec.cat\/ieslaromanica\/wp-content\/uploads\/usu857\/2021\/09\/Institut-La-Roma\u0300nica-de-cami\u0301.jpg\"><img loading=\"lazy\" decoding=\"async\" class=\"aligncenter size-large wp-image-20087\" src=\"https:\/\/agora.xtec.cat\/ieslaromanica\/wp-content\/uploads\/usu857\/2021\/09\/Institut-La-Roma\u0300nica-de-cami\u0301-1024x768.jpg\" alt=\"\" width=\"1024\" height=\"768\" srcset=\"https:\/\/agora.xtec.cat\/ieslaromanica\/wp-content\/uploads\/usu857\/2021\/09\/Institut-La-Roma\u0300nica-de-cami\u0301-1024x768.jpg 1024w, https:\/\/agora.xtec.cat\/ieslaromanica\/wp-content\/uploads\/usu857\/2021\/09\/Institut-La-Roma\u0300nica-de-cami\u0301-300x225.jpg 300w, https:\/\/agora.xtec.cat\/ieslaromanica\/wp-content\/uploads\/usu857\/2021\/09\/Institut-La-Roma\u0300nica-de-cami\u0301-768x576.jpg 768w, https:\/\/agora.xtec.cat\/ieslaromanica\/wp-content\/uploads\/usu857\/2021\/09\/Institut-La-Roma\u0300nica-de-cami\u0301-1536x1152.jpg 1536w, https:\/\/agora.xtec.cat\/ieslaromanica\/wp-content\/uploads\/usu857\/2021\/09\/Institut-La-Roma\u0300nica-de-cami\u0301-200x150.jpg 200w, https:\/\/agora.xtec.cat\/ieslaromanica\/wp-content\/uploads\/usu857\/2021\/09\/Institut-La-Roma\u0300nica-de-cami\u0301.jpg 2048w\" sizes=\"auto, (max-width: 1024px) 100vw, 1024px\" \/><\/a><\/td>\n<td style=\"width: 51.4993%;\"><a href=\"https:\/\/agora.xtec.cat\/ieslaromanica\/wp-content\/uploads\/usu857\/2021\/09\/Actuacio\u0301.jpg\"><img loading=\"lazy\" decoding=\"async\" class=\"aligncenter size-full wp-image-20084\" src=\"https:\/\/agora.xtec.cat\/ieslaromanica\/wp-content\/uploads\/usu857\/2021\/09\/Actuacio\u0301.jpg\" alt=\"\" width=\"911\" height=\"639\" srcset=\"https:\/\/agora.xtec.cat\/ieslaromanica\/wp-content\/uploads\/usu857\/2021\/09\/Actuacio\u0301.jpg 911w, https:\/\/agora.xtec.cat\/ieslaromanica\/wp-content\/uploads\/usu857\/2021\/09\/Actuacio\u0301-300x210.jpg 300w, https:\/\/agora.xtec.cat\/ieslaromanica\/wp-content\/uploads\/usu857\/2021\/09\/Actuacio\u0301-768x539.jpg 768w\" sizes=\"auto, (max-width: 911px) 100vw, 911px\" \/><\/a><\/td>\n<\/tr>\n<\/tbody>\n<\/table>\n<table style=\"border-collapse: collapse; width: 73.6726%; height: 47px;\">\n<tbody>\n<tr>\n<td style=\"width: 50%;\">Fam\u00edlia bastonera:<\/td>\n<td style=\"width: 50%;\">Fam\u00edlia Barber\u00e0\/Salou:<\/td>\n<\/tr>\n<tr>\n<td style=\"width: 50%;\"><img loading=\"lazy\" decoding=\"async\" class=\"aligncenter size-large wp-image-20086\" src=\"https:\/\/agora.xtec.cat\/ieslaromanica\/wp-content\/uploads\/usu857\/2021\/09\/Foto-fami\u0301lia-bastonera-768x1024.jpg\" alt=\"\" width=\"768\" height=\"1024\" srcset=\"https:\/\/agora.xtec.cat\/ieslaromanica\/wp-content\/uploads\/usu857\/2021\/09\/Foto-fami\u0301lia-bastonera-768x1024.jpg 768w, https:\/\/agora.xtec.cat\/ieslaromanica\/wp-content\/uploads\/usu857\/2021\/09\/Foto-fami\u0301lia-bastonera-225x300.jpg 225w, https:\/\/agora.xtec.cat\/ieslaromanica\/wp-content\/uploads\/usu857\/2021\/09\/Foto-fami\u0301lia-bastonera-1152x1536.jpg 1152w, https:\/\/agora.xtec.cat\/ieslaromanica\/wp-content\/uploads\/usu857\/2021\/09\/Foto-fami\u0301lia-bastonera.jpg 1536w\" sizes=\"auto, (max-width: 768px) 100vw, 768px\" \/><\/td>\n<td style=\"width: 50%;\"><a href=\"https:\/\/agora.xtec.cat\/ieslaromanica\/wp-content\/uploads\/usu857\/2021\/09\/Foto-fami\u0301lia-Barbera\u0300-i-Salou.jpg\"><img loading=\"lazy\" decoding=\"async\" class=\"aligncenter size-large wp-image-20085\" src=\"https:\/\/agora.xtec.cat\/ieslaromanica\/wp-content\/uploads\/usu857\/2021\/09\/Foto-fami\u0301lia-Barbera\u0300-i-Salou-768x1024.jpg\" alt=\"\" width=\"768\" height=\"1024\" srcset=\"https:\/\/agora.xtec.cat\/ieslaromanica\/wp-content\/uploads\/usu857\/2021\/09\/Foto-fami\u0301lia-Barbera\u0300-i-Salou-768x1024.jpg 768w, https:\/\/agora.xtec.cat\/ieslaromanica\/wp-content\/uploads\/usu857\/2021\/09\/Foto-fami\u0301lia-Barbera\u0300-i-Salou-225x300.jpg 225w, https:\/\/agora.xtec.cat\/ieslaromanica\/wp-content\/uploads\/usu857\/2021\/09\/Foto-fami\u0301lia-Barbera\u0300-i-Salou-1152x1536.jpg 1152w, https:\/\/agora.xtec.cat\/ieslaromanica\/wp-content\/uploads\/usu857\/2021\/09\/Foto-fami\u0301lia-Barbera\u0300-i-Salou.jpg 1368w\" sizes=\"auto, (max-width: 768px) 100vw, 768px\" \/><\/a><\/td>\n<\/tr>\n<\/tbody>\n<\/table>\n<\/div>\n<div class=\"gmail_default\">Podreu trobar un videoresum del 33\u00e8 APLEC INTERNACIONAL a:\u00a0<a href=\"https:\/\/fb.watch\/8jRtjyzeCS\/\" target=\"_blank\" rel=\"noopener\" data-saferedirecturl=\"https:\/\/www.google.com\/url?q=https:\/\/fb.watch\/8jRtjyzeCS\/&amp;source=gmail&amp;ust=1633022685390000&amp;usg=AFQjCNECrbvziaKPB9R_q2-0qXLGOjYMIQ\">https:\/\/fb.watch\/<wbr \/>8jRtjyzeCS\/<\/a><\/div>\n<div>aix\u00ed com una <a href=\"https:\/\/www.diarisantquirze.cat\/linstitut-la-romanica-de-barbera-del-valles-present-al-33e-aplec-internacional-a-italia\">not\u00edcia al diari de Sant Quirze.<\/a><\/div>\n<div><\/div>\n<div>VISCA L&#8217;INSTITUT LA ROM\u00c0NICA! ARA I SEMPRE!<\/div>\n","protected":false},"excerpt":{"rendered":"<p>Entre els dies 24 i 27 de setembre es va dur a terme el 33\u00e8 APLEC INTERNACIONAL organitzat per\u00a0ADIFOLK, amb la col\u00b7laboraci\u00f3 del Govern de la Generalitat de Catalunya, a la ciutat de l&#8217;Alguer (Sardenya). Una mostra de la cultura popular es va despla\u00e7ar fins&hellip;  <a href=\"https:\/\/agora.xtec.cat\/ieslaromanica\/general\/linstitut-la-romanica-present-a-italia\/\" title=\"Read L&#8217;Institut La Rom\u00e0nica present a It\u00e0lia\">Llegeix m\u00e9s\u00bb<\/a><\/p>\n","protected":false},"author":6,"featured_media":20084,"comment_status":"open","ping_status":"closed","sticky":false,"template":"","format":"standard","meta":{"_bbp_topic_count":0,"_bbp_reply_count":0,"_bbp_total_topic_count":0,"_bbp_total_reply_count":0,"_bbp_voice_count":0,"_bbp_anonymous_reply_count":0,"_bbp_topic_count_hidden":0,"_bbp_reply_count_hidden":0,"_bbp_forum_subforum_count":0,"footnotes":""},"categories":[4,1,29],"tags":[358,311,198],"class_list":["post-20088","post","type-post","status-publish","format-standard","has-post-thumbnail","hentry","category-eso-1","category-general","category-portada","tag-curs-2021-2022","tag-projecte-cultura-popular","tag-viatge"],"post_mailing_queue_ids":[],"_links":{"self":[{"href":"https:\/\/agora.xtec.cat\/ieslaromanica\/wp-json\/wp\/v2\/posts\/20088","targetHints":{"allow":["GET"]}}],"collection":[{"href":"https:\/\/agora.xtec.cat\/ieslaromanica\/wp-json\/wp\/v2\/posts"}],"about":[{"href":"https:\/\/agora.xtec.cat\/ieslaromanica\/wp-json\/wp\/v2\/types\/post"}],"author":[{"embeddable":true,"href":"https:\/\/agora.xtec.cat\/ieslaromanica\/wp-json\/wp\/v2\/users\/6"}],"replies":[{"embeddable":true,"href":"https:\/\/agora.xtec.cat\/ieslaromanica\/wp-json\/wp\/v2\/comments?post=20088"}],"version-history":[{"count":3,"href":"https:\/\/agora.xtec.cat\/ieslaromanica\/wp-json\/wp\/v2\/posts\/20088\/revisions"}],"predecessor-version":[{"id":20131,"href":"https:\/\/agora.xtec.cat\/ieslaromanica\/wp-json\/wp\/v2\/posts\/20088\/revisions\/20131"}],"wp:featuredmedia":[{"embeddable":true,"href":"https:\/\/agora.xtec.cat\/ieslaromanica\/wp-json\/wp\/v2\/media\/20084"}],"wp:attachment":[{"href":"https:\/\/agora.xtec.cat\/ieslaromanica\/wp-json\/wp\/v2\/media?parent=20088"}],"wp:term":[{"taxonomy":"category","embeddable":true,"href":"https:\/\/agora.xtec.cat\/ieslaromanica\/wp-json\/wp\/v2\/categories?post=20088"},{"taxonomy":"post_tag","embeddable":true,"href":"https:\/\/agora.xtec.cat\/ieslaromanica\/wp-json\/wp\/v2\/tags?post=20088"}],"curies":[{"name":"wp","href":"https:\/\/api.w.org\/{rel}","templated":true}]}}