{"id":19678,"date":"2021-07-05T11:36:02","date_gmt":"2021-07-05T09:36:02","guid":{"rendered":"http:\/\/agora.xtec.cat\/ieslaromanica\/?p=19678"},"modified":"2022-03-28T20:45:45","modified_gmt":"2022-03-28T18:45:45","slug":"premis-graduacions-i-bons-desitjos-2021","status":"publish","type":"post","link":"https:\/\/agora.xtec.cat\/ieslaromanica\/general\/premis-graduacions-i-bons-desitjos-2021\/","title":{"rendered":"Premis, graduacions i bons desitjos 2021"},"content":{"rendered":"<p>El passat dimarts, 29 de juny de 2021, es va celebrar l&#8217;acte de graduaci\u00f3 de l&#8217;alumnat de 4t d&#8217;ESO (promoci\u00f3 2017-2021) i de 2n de Batxillerat (promoci\u00f3 2015-2021) al pati de l&#8217;institut. Es va organitzar en tres torns per tal de mantenir les condicions de seguretat necess\u00e0ries: el primer per a Batxillerat i el segon (grups A, B i D) i tercer (grups C i E) per a 4t d&#8217;ESO.<\/p>\n<p class=\"p1\"><span class=\"s1\">El programa per a 4t d\u2019ESO es va iniciar amb la visualitzaci\u00f3 d\u2019un v\u00eddeo al gimn\u00e0s que resumia la traject\u00f2ria de l\u2019estada de l\u2019alumnat a l\u2019Institut, un moment molt emotiu per a tots, per passar al pati i a les intervencions c\u00e0lides i properes de la directora, de les coordinadores, dels tutors i representants dels alumnes. Posteriorment es van lliurar les orles de cada grup per finalitzar amb les sessions fotogr\u00e0fiques.<\/span><\/p>\n<table style=\"width: 740px;\">\n<tbody>\n<tr>\n<td style=\"width: 239.56px;\">\n<p style=\"text-align: center;\">4t d&#8217;ESO<\/p>\n<p style=\"text-align: center;\">Promoci\u00f3 2017-2021<\/p>\n<\/td>\n<td style=\"width: 245.582px;\"><a href=\"https:\/\/agora.xtec.cat\/ieslaromanica\/wp-content\/uploads\/usu857\/2021\/07\/4t-ESO-A-2mg.jpg\"><img loading=\"lazy\" decoding=\"async\" class=\"aligncenter size-large wp-image-19690\" src=\"https:\/\/agora.xtec.cat\/ieslaromanica\/wp-content\/uploads\/usu857\/2021\/07\/4t-ESO-A-2mg-1024x768.jpg\" alt=\"\" width=\"1024\" height=\"768\" srcset=\"https:\/\/agora.xtec.cat\/ieslaromanica\/wp-content\/uploads\/usu857\/2021\/07\/4t-ESO-A-2mg-1024x768.jpg 1024w, https:\/\/agora.xtec.cat\/ieslaromanica\/wp-content\/uploads\/usu857\/2021\/07\/4t-ESO-A-2mg-300x225.jpg 300w, https:\/\/agora.xtec.cat\/ieslaromanica\/wp-content\/uploads\/usu857\/2021\/07\/4t-ESO-A-2mg-768x576.jpg 768w, https:\/\/agora.xtec.cat\/ieslaromanica\/wp-content\/uploads\/usu857\/2021\/07\/4t-ESO-A-2mg-200x150.jpg 200w, https:\/\/agora.xtec.cat\/ieslaromanica\/wp-content\/uploads\/usu857\/2021\/07\/4t-ESO-A-2mg.jpg 1654w\" sizes=\"auto, (max-width: 1024px) 100vw, 1024px\" \/><\/a><\/td>\n<td style=\"width: 245.597px;\"><a href=\"https:\/\/agora.xtec.cat\/ieslaromanica\/wp-content\/uploads\/usu857\/2021\/07\/4t-ESO-B-2mg.jpg\"><img loading=\"lazy\" decoding=\"async\" class=\"aligncenter size-large wp-image-19691\" src=\"https:\/\/agora.xtec.cat\/ieslaromanica\/wp-content\/uploads\/usu857\/2021\/07\/4t-ESO-B-2mg-1024x768.jpg\" alt=\"\" width=\"1024\" height=\"768\" srcset=\"https:\/\/agora.xtec.cat\/ieslaromanica\/wp-content\/uploads\/usu857\/2021\/07\/4t-ESO-B-2mg-1024x768.jpg 1024w, https:\/\/agora.xtec.cat\/ieslaromanica\/wp-content\/uploads\/usu857\/2021\/07\/4t-ESO-B-2mg-300x225.jpg 300w, https:\/\/agora.xtec.cat\/ieslaromanica\/wp-content\/uploads\/usu857\/2021\/07\/4t-ESO-B-2mg-768x576.jpg 768w, https:\/\/agora.xtec.cat\/ieslaromanica\/wp-content\/uploads\/usu857\/2021\/07\/4t-ESO-B-2mg-200x150.jpg 200w, https:\/\/agora.xtec.cat\/ieslaromanica\/wp-content\/uploads\/usu857\/2021\/07\/4t-ESO-B-2mg.jpg 1701w\" sizes=\"auto, (max-width: 1024px) 100vw, 1024px\" \/><\/a><\/td>\n<\/tr>\n<tr>\n<td style=\"width: 239.56px;\"><a href=\"https:\/\/agora.xtec.cat\/ieslaromanica\/wp-content\/uploads\/usu857\/2021\/07\/4t-ESO-C-2mg.jpg\"><img loading=\"lazy\" decoding=\"async\" class=\"aligncenter size-large wp-image-19692\" src=\"https:\/\/agora.xtec.cat\/ieslaromanica\/wp-content\/uploads\/usu857\/2021\/07\/4t-ESO-C-2mg-1024x768.jpg\" alt=\"\" width=\"1024\" height=\"768\" srcset=\"https:\/\/agora.xtec.cat\/ieslaromanica\/wp-content\/uploads\/usu857\/2021\/07\/4t-ESO-C-2mg-1024x768.jpg 1024w, https:\/\/agora.xtec.cat\/ieslaromanica\/wp-content\/uploads\/usu857\/2021\/07\/4t-ESO-C-2mg-300x225.jpg 300w, https:\/\/agora.xtec.cat\/ieslaromanica\/wp-content\/uploads\/usu857\/2021\/07\/4t-ESO-C-2mg-768x576.jpg 768w, https:\/\/agora.xtec.cat\/ieslaromanica\/wp-content\/uploads\/usu857\/2021\/07\/4t-ESO-C-2mg-200x150.jpg 200w, https:\/\/agora.xtec.cat\/ieslaromanica\/wp-content\/uploads\/usu857\/2021\/07\/4t-ESO-C-2mg.jpg 1654w\" sizes=\"auto, (max-width: 1024px) 100vw, 1024px\" \/><\/a><\/td>\n<td style=\"width: 245.582px;\"><a href=\"https:\/\/agora.xtec.cat\/ieslaromanica\/wp-content\/uploads\/usu857\/2021\/07\/4t-ESO-D-2mg.jpg\"><img loading=\"lazy\" decoding=\"async\" class=\"aligncenter size-large wp-image-19693\" src=\"https:\/\/agora.xtec.cat\/ieslaromanica\/wp-content\/uploads\/usu857\/2021\/07\/4t-ESO-D-2mg-1024x768.jpg\" alt=\"\" width=\"1024\" height=\"768\" srcset=\"https:\/\/agora.xtec.cat\/ieslaromanica\/wp-content\/uploads\/usu857\/2021\/07\/4t-ESO-D-2mg-1024x768.jpg 1024w, https:\/\/agora.xtec.cat\/ieslaromanica\/wp-content\/uploads\/usu857\/2021\/07\/4t-ESO-D-2mg-300x225.jpg 300w, https:\/\/agora.xtec.cat\/ieslaromanica\/wp-content\/uploads\/usu857\/2021\/07\/4t-ESO-D-2mg-768x576.jpg 768w, https:\/\/agora.xtec.cat\/ieslaromanica\/wp-content\/uploads\/usu857\/2021\/07\/4t-ESO-D-2mg-200x150.jpg 200w, https:\/\/agora.xtec.cat\/ieslaromanica\/wp-content\/uploads\/usu857\/2021\/07\/4t-ESO-D-2mg.jpg 1654w\" sizes=\"auto, (max-width: 1024px) 100vw, 1024px\" \/><\/a><\/td>\n<td style=\"width: 245.597px;\"><a href=\"https:\/\/agora.xtec.cat\/ieslaromanica\/wp-content\/uploads\/usu857\/2021\/07\/4t-ESO-E-2mg.jpg\"><img loading=\"lazy\" decoding=\"async\" class=\"aligncenter size-large wp-image-19694\" src=\"https:\/\/agora.xtec.cat\/ieslaromanica\/wp-content\/uploads\/usu857\/2021\/07\/4t-ESO-E-2mg-1024x768.jpg\" alt=\"\" width=\"1024\" height=\"768\" srcset=\"https:\/\/agora.xtec.cat\/ieslaromanica\/wp-content\/uploads\/usu857\/2021\/07\/4t-ESO-E-2mg-1024x768.jpg 1024w, https:\/\/agora.xtec.cat\/ieslaromanica\/wp-content\/uploads\/usu857\/2021\/07\/4t-ESO-E-2mg-300x225.jpg 300w, https:\/\/agora.xtec.cat\/ieslaromanica\/wp-content\/uploads\/usu857\/2021\/07\/4t-ESO-E-2mg-768x576.jpg 768w, https:\/\/agora.xtec.cat\/ieslaromanica\/wp-content\/uploads\/usu857\/2021\/07\/4t-ESO-E-2mg-200x150.jpg 200w, https:\/\/agora.xtec.cat\/ieslaromanica\/wp-content\/uploads\/usu857\/2021\/07\/4t-ESO-E-2mg.jpg 1654w\" sizes=\"auto, (max-width: 1024px) 100vw, 1024px\" \/><\/a><\/td>\n<\/tr>\n<tr>\n<td style=\"width: 239.56px;\">\n<p style=\"text-align: center;\">2n de Batxillerat<\/p>\n<p style=\"text-align: center;\">Promoci\u00f3 2015-2021<\/p>\n<\/td>\n<td style=\"width: 245.582px;\"><a href=\"https:\/\/agora.xtec.cat\/ieslaromanica\/wp-content\/uploads\/usu857\/2021\/07\/2n-Batxi-A-2mg.jpg\"><img loading=\"lazy\" decoding=\"async\" class=\"aligncenter size-large wp-image-19688\" src=\"https:\/\/agora.xtec.cat\/ieslaromanica\/wp-content\/uploads\/usu857\/2021\/07\/2n-Batxi-A-2mg-1024x768.jpg\" alt=\"\" width=\"1024\" height=\"768\" srcset=\"https:\/\/agora.xtec.cat\/ieslaromanica\/wp-content\/uploads\/usu857\/2021\/07\/2n-Batxi-A-2mg-1024x768.jpg 1024w, https:\/\/agora.xtec.cat\/ieslaromanica\/wp-content\/uploads\/usu857\/2021\/07\/2n-Batxi-A-2mg-300x225.jpg 300w, https:\/\/agora.xtec.cat\/ieslaromanica\/wp-content\/uploads\/usu857\/2021\/07\/2n-Batxi-A-2mg-768x576.jpg 768w, https:\/\/agora.xtec.cat\/ieslaromanica\/wp-content\/uploads\/usu857\/2021\/07\/2n-Batxi-A-2mg-200x150.jpg 200w, https:\/\/agora.xtec.cat\/ieslaromanica\/wp-content\/uploads\/usu857\/2021\/07\/2n-Batxi-A-2mg.jpg 1654w\" sizes=\"auto, (max-width: 1024px) 100vw, 1024px\" \/><\/a><\/td>\n<td style=\"width: 245.597px;\"><a href=\"https:\/\/agora.xtec.cat\/ieslaromanica\/wp-content\/uploads\/usu857\/2021\/07\/2n-Batxi-B-2mg.jpg\"><img loading=\"lazy\" decoding=\"async\" class=\"aligncenter size-large wp-image-19689\" src=\"https:\/\/agora.xtec.cat\/ieslaromanica\/wp-content\/uploads\/usu857\/2021\/07\/2n-Batxi-B-2mg-1024x768.jpg\" alt=\"\" width=\"1024\" height=\"768\" srcset=\"https:\/\/agora.xtec.cat\/ieslaromanica\/wp-content\/uploads\/usu857\/2021\/07\/2n-Batxi-B-2mg-1024x768.jpg 1024w, https:\/\/agora.xtec.cat\/ieslaromanica\/wp-content\/uploads\/usu857\/2021\/07\/2n-Batxi-B-2mg-300x225.jpg 300w, https:\/\/agora.xtec.cat\/ieslaromanica\/wp-content\/uploads\/usu857\/2021\/07\/2n-Batxi-B-2mg-768x576.jpg 768w, https:\/\/agora.xtec.cat\/ieslaromanica\/wp-content\/uploads\/usu857\/2021\/07\/2n-Batxi-B-2mg-200x150.jpg 200w, https:\/\/agora.xtec.cat\/ieslaromanica\/wp-content\/uploads\/usu857\/2021\/07\/2n-Batxi-B-2mg.jpg 1654w\" sizes=\"auto, (max-width: 1024px) 100vw, 1024px\" \/><\/a><\/td>\n<\/tr>\n<tr>\n<td style=\"width: 734.375px;\" colspan=\"3\">Si voleu les imatges amb m\u00e9s definici\u00f3, cliqueu els seg\u00fcents enlla\u00e7os: <a href=\"https:\/\/drive.google.com\/file\/d\/1xYpckFzwK3Ee0DyBYsRtBdUSjfFY76E2\/view?usp=sharing\">4A<\/a>, <a href=\"https:\/\/drive.google.com\/file\/d\/1zYFlIhIK0IE8uwBEU33pG72c7SA4HevX\/view?usp=sharing\">4B<\/a>, <a href=\"https:\/\/drive.google.com\/file\/d\/1qCEuXRhiypZvkYOHlxGg_SpGcWrTTtRB\/view?usp=sharing\">4C<\/a>, <a href=\"https:\/\/drive.google.com\/file\/d\/148dNjcVqXWoEo80SfJ_YVFpwPT3xqvHh\/view?usp=sharing\">4D<\/a>, <a href=\"https:\/\/drive.google.com\/file\/d\/1eJpslAlXWEL5Q7Yi6CFGIRpKctx7_2-I\/view?usp=sharing\">4E<\/a> &#8211; <a href=\"https:\/\/drive.google.com\/file\/d\/1-pPI5eWXjDxuLL4jrWDkKQ8yOIHk0P6u\/view?usp=sharing\">2Batx A<\/a>, <a href=\"https:\/\/drive.google.com\/file\/d\/1k35MpbEGRaV5YkMnjuOufWRpDTxK-9t0\/view?usp=sharing\">2Barx B<\/a><\/td>\n<\/tr>\n<\/tbody>\n<\/table>\n<p class=\"p1\"><span class=\"s1\">Pel que fa a 2n de batxillerat, a m\u00e9s de l\u2019entrega de les Orles i les fotografies de grup, es va lliurar el premi d\u2019<a href=\"https:\/\/agora.xtec.cat\/ieslaromanica\/?s=Carles+Garcia\">Excel\u00b7l\u00e8ncia Carles Garcia<\/a> propi de l\u2019Institut i recon\u00e8ixer de nou als guardonats del <a href=\"https:\/\/agora.xtec.cat\/ieslaromanica\/general\/premis-minerva-2021\/\">premi Minerva<\/a>, diplomes atorgats anteriorment pels Ajuntaments de Barber\u00e0 i Badia.<\/span><\/p>\n<table style=\"width: 740px;\">\n<tbody>\n<tr>\n<td style=\"width: 366.776px;\"><a href=\"https:\/\/agora.xtec.cat\/ieslaromanica\/wp-content\/uploads\/usu857\/2021\/07\/IMG_2922-2mg.jpg\"><img loading=\"lazy\" decoding=\"async\" class=\"aligncenter size-large wp-image-19686\" src=\"https:\/\/agora.xtec.cat\/ieslaromanica\/wp-content\/uploads\/usu857\/2021\/07\/IMG_2922-2mg-1024x768.jpg\" alt=\"\" width=\"1024\" height=\"768\" srcset=\"https:\/\/agora.xtec.cat\/ieslaromanica\/wp-content\/uploads\/usu857\/2021\/07\/IMG_2922-2mg-1024x768.jpg 1024w, https:\/\/agora.xtec.cat\/ieslaromanica\/wp-content\/uploads\/usu857\/2021\/07\/IMG_2922-2mg-300x225.jpg 300w, https:\/\/agora.xtec.cat\/ieslaromanica\/wp-content\/uploads\/usu857\/2021\/07\/IMG_2922-2mg-768x576.jpg 768w, https:\/\/agora.xtec.cat\/ieslaromanica\/wp-content\/uploads\/usu857\/2021\/07\/IMG_2922-2mg-200x150.jpg 200w, https:\/\/agora.xtec.cat\/ieslaromanica\/wp-content\/uploads\/usu857\/2021\/07\/IMG_2922-2mg.jpg 1701w\" sizes=\"auto, (max-width: 1024px) 100vw, 1024px\" \/><\/a><\/td>\n<td style=\"width: 365.781px;\"><a href=\"https:\/\/agora.xtec.cat\/ieslaromanica\/wp-content\/uploads\/usu857\/2021\/07\/IMG_2932-2mg.jpg\"><img loading=\"lazy\" decoding=\"async\" class=\"aligncenter size-large wp-image-19687\" src=\"https:\/\/agora.xtec.cat\/ieslaromanica\/wp-content\/uploads\/usu857\/2021\/07\/IMG_2932-2mg-1024x768.jpg\" alt=\"\" width=\"1024\" height=\"768\" srcset=\"https:\/\/agora.xtec.cat\/ieslaromanica\/wp-content\/uploads\/usu857\/2021\/07\/IMG_2932-2mg-1024x768.jpg 1024w, https:\/\/agora.xtec.cat\/ieslaromanica\/wp-content\/uploads\/usu857\/2021\/07\/IMG_2932-2mg-300x225.jpg 300w, https:\/\/agora.xtec.cat\/ieslaromanica\/wp-content\/uploads\/usu857\/2021\/07\/IMG_2932-2mg-768x576.jpg 768w, https:\/\/agora.xtec.cat\/ieslaromanica\/wp-content\/uploads\/usu857\/2021\/07\/IMG_2932-2mg-200x150.jpg 200w, https:\/\/agora.xtec.cat\/ieslaromanica\/wp-content\/uploads\/usu857\/2021\/07\/IMG_2932-2mg.jpg 1701w\" sizes=\"auto, (max-width: 1024px) 100vw, 1024px\" \/><\/a><\/td>\n<\/tr>\n<tr>\n<td style=\"width: 734.375px;\" colspan=\"2\">Si voleu les imatges amb m\u00e9s definici\u00f3, cliqueu els seg\u00fcents enlla\u00e7os: <a href=\"https:\/\/drive.google.com\/file\/d\/180VXwtms2p8_dSHA_nXa3JpWqb05XPjX\/view?usp=sharing\">Guardonats MInerva<\/a>, <a href=\"https:\/\/drive.google.com\/file\/d\/1jv9Aad6VbYkmODzCvja2bZ6EGLs4yDZM\/view?usp=sharing\">Premi Carles Garcia<\/a><\/td>\n<\/tr>\n<\/tbody>\n<\/table>\n<p>Tota la comunitat educativa us desitja a tots i totes, un cam\u00ed conscient de nous aprenentatges i de desenvolupament personal, aix\u00ed com molta sort per a la nova etapa que just comen\u00e7a ara. Desitjant que us vagi molt b\u00e9 a la vida, us donem l&#8217;Enhorabona.<\/p>\n","protected":false},"excerpt":{"rendered":"<p>El passat dimarts, 29 de juny de 2021, es va celebrar l&#8217;acte de graduaci\u00f3 de l&#8217;alumnat de 4t d&#8217;ESO (promoci\u00f3 2017-2021) i de 2n de Batxillerat (promoci\u00f3 2015-2021) al pati de l&#8217;institut. Es va organitzar en tres torns per tal de mantenir les condicions de&hellip;  <a href=\"https:\/\/agora.xtec.cat\/ieslaromanica\/general\/premis-graduacions-i-bons-desitjos-2021\/\" title=\"Read Premis, graduacions i bons desitjos 2021\">Llegeix m\u00e9s\u00bb<\/a><\/p>\n","protected":false},"author":6,"featured_media":19685,"comment_status":"open","ping_status":"closed","sticky":false,"template":"","format":"standard","meta":{"_bbp_topic_count":0,"_bbp_reply_count":0,"_bbp_total_topic_count":0,"_bbp_total_reply_count":0,"_bbp_voice_count":0,"_bbp_anonymous_reply_count":0,"_bbp_topic_count_hidden":0,"_bbp_reply_count_hidden":0,"_bbp_forum_subforum_count":0,"footnotes":""},"categories":[314,8,3,1,29],"tags":[376,290,166,108,334,161],"class_list":["post-19678","post","type-post","status-publish","format-standard","has-post-thumbnail","hentry","category-activitats-extraescolars","category-batxillerat","category-eso","category-general","category-portada","tag-graduacions","tag-graduacions-2n-de-batxillerat","tag-graduacions-4t-eso","tag-premi-carles-garcia","tag-premis-i-concursos","tag-premis-minerva"],"post_mailing_queue_ids":[],"_links":{"self":[{"href":"https:\/\/agora.xtec.cat\/ieslaromanica\/wp-json\/wp\/v2\/posts\/19678","targetHints":{"allow":["GET"]}}],"collection":[{"href":"https:\/\/agora.xtec.cat\/ieslaromanica\/wp-json\/wp\/v2\/posts"}],"about":[{"href":"https:\/\/agora.xtec.cat\/ieslaromanica\/wp-json\/wp\/v2\/types\/post"}],"author":[{"embeddable":true,"href":"https:\/\/agora.xtec.cat\/ieslaromanica\/wp-json\/wp\/v2\/users\/6"}],"replies":[{"embeddable":true,"href":"https:\/\/agora.xtec.cat\/ieslaromanica\/wp-json\/wp\/v2\/comments?post=19678"}],"version-history":[{"count":4,"href":"https:\/\/agora.xtec.cat\/ieslaromanica\/wp-json\/wp\/v2\/posts\/19678\/revisions"}],"predecessor-version":[{"id":19703,"href":"https:\/\/agora.xtec.cat\/ieslaromanica\/wp-json\/wp\/v2\/posts\/19678\/revisions\/19703"}],"wp:featuredmedia":[{"embeddable":true,"href":"https:\/\/agora.xtec.cat\/ieslaromanica\/wp-json\/wp\/v2\/media\/19685"}],"wp:attachment":[{"href":"https:\/\/agora.xtec.cat\/ieslaromanica\/wp-json\/wp\/v2\/media?parent=19678"}],"wp:term":[{"taxonomy":"category","embeddable":true,"href":"https:\/\/agora.xtec.cat\/ieslaromanica\/wp-json\/wp\/v2\/categories?post=19678"},{"taxonomy":"post_tag","embeddable":true,"href":"https:\/\/agora.xtec.cat\/ieslaromanica\/wp-json\/wp\/v2\/tags?post=19678"}],"curies":[{"name":"wp","href":"https:\/\/api.w.org\/{rel}","templated":true}]}}