{"id":19616,"date":"2021-06-22T19:34:52","date_gmt":"2021-06-22T17:34:52","guid":{"rendered":"http:\/\/agora.xtec.cat\/ieslaromanica\/?p=19616"},"modified":"2021-06-25T13:24:16","modified_gmt":"2021-06-25T11:24:16","slug":"jubilacions-en-temps-de-pandemia","status":"publish","type":"post","link":"https:\/\/agora.xtec.cat\/ieslaromanica\/general\/jubilacions-en-temps-de-pandemia\/","title":{"rendered":"Jubilacions en temps de pand\u00e8mia"},"content":{"rendered":"<p style=\"text-align: justify;\">El confinament i les mesures preses a causa de la pand\u00e8mia de la COVID-19 han fet que les jubilacions, potser, hagin passat una mica desapercebudes.<\/p>\n<p style=\"text-align: justify;\">Ara que som a final de curs, volem fer un merescut homenatge als quatre membres del professorat de l\u2019Institut La Rom\u00e0nica que s\u2019han jubilat en temps de pand\u00e8mia. Quatre magn\u00edfiques persones que han deixat una forta petjada en el nostre alumnat i en tota la comunitat educativa.<\/p>\n<h5><\/h5>\n<h5><\/h5>\n<h5><strong>Lourdes Ferran Boleda<\/strong><\/h5>\n<p>&nbsp;<\/p>\n<table style=\"height: 517px;\" width=\"772\">\n<tbody>\n<tr>\n<td style=\"width: 766px;\"><a href=\"https:\/\/agora.xtec.cat\/ieslaromanica\/wp-content\/uploads\/usu857\/2021\/06\/DSC_0050.jpg\"><img loading=\"lazy\" decoding=\"async\" class=\"alignnone wp-image-19621\" src=\"https:\/\/agora.xtec.cat\/ieslaromanica\/wp-content\/uploads\/usu857\/2021\/06\/DSC_0050.jpg\" alt=\"\" width=\"771\" height=\"640\" srcset=\"https:\/\/agora.xtec.cat\/ieslaromanica\/wp-content\/uploads\/usu857\/2021\/06\/DSC_0050.jpg 1085w, https:\/\/agora.xtec.cat\/ieslaromanica\/wp-content\/uploads\/usu857\/2021\/06\/DSC_0050-300x250.jpg 300w, https:\/\/agora.xtec.cat\/ieslaromanica\/wp-content\/uploads\/usu857\/2021\/06\/DSC_0050-768x638.jpg 768w, https:\/\/agora.xtec.cat\/ieslaromanica\/wp-content\/uploads\/usu857\/2021\/06\/DSC_0050-1024x850.jpg 1024w\" sizes=\"auto, (max-width: 771px) 100vw, 771px\" \/><\/a><\/td>\n<\/tr>\n<\/tbody>\n<\/table>\n<p style=\"text-align: justify;\">La Lourdes, del Departament d\u2019Educaci\u00f3 Visual i Pl\u00e0stica, \u00e9s Llicenciada en Belles Arts i clar\u00edssimament ha estat, per molts motius, un pal de paller del nostre centre.<\/p>\n<p style=\"text-align: justify;\">Segur que tots i totes la recordem per haver estat durant molts i molts anys la coordinadora de les activitats extraescolars, la persona que ha dinamitzat i organitzat totes les festes del centre, des dels tallers de la Castanyada i de Nadal, passant pel moment \u00e0lgid i apote\u00f2sic de Carnestoltes i les activitats de Sant Jordi, fins a les graduacions de 4t d\u2019ESO i 2n de Batxillerat, les orles de l\u2019alumnat i professorat, aix\u00ed com l\u2019organitzaci\u00f3 de les sortides, les col\u00f2nies i viatges tant de l\u2019ESO com de Batxillerat. Ah, i tamb\u00e9 les festes per al professorat de Nadal i de final de curs, aix\u00ed com els tradicionals \u201cViatges Sorpresa\u201d. Deu n\u2019hi do com l\u2019estem trobant a faltar!<\/p>\n<p style=\"text-align: justify;\">Com sabeu, la Lourdes ha estat una persona activa, din\u00e0mica, creativa, una artista amb una gran capacitat de treball en vers tota la comunitat educativa, des de que va arribar al centre el 1998.<\/p>\n<p style=\"text-align: justify;\">Des d\u2019aleshores, ha desenvolupat diversos c\u00e0rrecs importants, com ser la cap del Departament d\u2019Educaci\u00f3 Visual i Pl\u00e0stica en diverses ocasions, aix\u00ed com la directora de l\u2019Institut La Rom\u00e0nica des de 2001 fins a 2005.<\/p>\n<p style=\"text-align: justify;\">El confinament decretat el mar\u00e7 de 2020 va fer que no es poguessin dur a terme els actes de graduaci\u00f3 de 4t d\u2019ESO i 2n de Batxillerat presencialment o els actes de Commemoraci\u00f3 del 40\u00e8 Aniversari de l\u2019Institut La Rom\u00e0nica que amb tanta dedicaci\u00f3 havia organitzat.<\/p>\n<p style=\"text-align: justify;\">Des d\u2019aquestes l\u00ednies volem mostrar l\u2019etern agra\u00efment per tot all\u00f2 que durant anys ha aportat al centre, per la seva vitalitat i per la capacitat per fer-nos part\u00edcips de mil i una activitats i experi\u00e8ncies.<\/p>\n<p style=\"text-align: justify;\">Lourdes, gr\u00e0cies per aquests 22 anys de dedicaci\u00f3 al centre i per omplir de color les nostres vides.<\/p>\n<p>&nbsp;<\/p>\n<h5 style=\"text-align: justify;\"><strong>Antonia Heras Vergel<\/strong><\/h5>\n<p>&nbsp;<\/p>\n<table style=\"height: 436px;\" width=\"771\">\n<tbody>\n<tr>\n<td style=\"width: 765px;\"><a href=\"https:\/\/agora.xtec.cat\/ieslaromanica\/wp-content\/uploads\/usu857\/2021\/06\/IMG_20190808_121700.jpg\"><img loading=\"lazy\" decoding=\"async\" class=\"alignnone wp-image-19622\" src=\"https:\/\/agora.xtec.cat\/ieslaromanica\/wp-content\/uploads\/usu857\/2021\/06\/IMG_20190808_121700.jpg\" alt=\"\" width=\"767\" height=\"576\" srcset=\"https:\/\/agora.xtec.cat\/ieslaromanica\/wp-content\/uploads\/usu857\/2021\/06\/IMG_20190808_121700.jpg 2400w, https:\/\/agora.xtec.cat\/ieslaromanica\/wp-content\/uploads\/usu857\/2021\/06\/IMG_20190808_121700-300x225.jpg 300w, https:\/\/agora.xtec.cat\/ieslaromanica\/wp-content\/uploads\/usu857\/2021\/06\/IMG_20190808_121700-768x576.jpg 768w, https:\/\/agora.xtec.cat\/ieslaromanica\/wp-content\/uploads\/usu857\/2021\/06\/IMG_20190808_121700-1024x768.jpg 1024w, https:\/\/agora.xtec.cat\/ieslaromanica\/wp-content\/uploads\/usu857\/2021\/06\/IMG_20190808_121700-200x150.jpg 200w\" sizes=\"auto, (max-width: 767px) 100vw, 767px\" \/><\/a><\/td>\n<\/tr>\n<\/tbody>\n<\/table>\n<p style=\"text-align: justify;\">L\u2019Antonia ha estat una professora de dilatada traject\u00f2ria al nostre institut, tradicionalment vinculada al Departament de Llengua Castellana, per\u00f2 qu\u00e8 tots i totes la coneixem per haver estat la professora de llat\u00ed.<\/p>\n<p style=\"text-align: justify;\">Llicenciada en Lleng\u00fces Cl\u00e0ssiques, va arribar al centre el 1985 com a professora de llat\u00ed i de grec i ha estat la Catedr\u00e0tica de Grec de Batxillerat. Eren altres temps, quan aquest era l\u2019institut de Batxillerat de Barber\u00e0 del Vall\u00e8s.<\/p>\n<p style=\"text-align: justify;\">Durant anys, va desenvolupar c\u00e0rrecs com Cap de Seminari de Grec, cap de Seminari Addicional de Lleng\u00fces Cl\u00e0ssiques, tutora o cap de Departament de Llengua Castellana.<\/p>\n<p style=\"text-align: justify;\">Ha estat una professora tradicionalment vinculada a Batxillerat, per\u00f2 tamb\u00e9 a l\u2019ESO, molt estimada i valorada per l\u2019alumnat i per tot el professorat. L\u2019Antonia ha acostat durant d\u00e8cades l\u2019alumnat de Barber\u00e0 a la Cultura Cl\u00e0ssica, en maj\u00fascules.<\/p>\n<p style=\"text-align: justify;\">Discreta i culte, honesta i amable, elegant i de tracte exquisit, una gran lectora que ha fet estimar els llibres, les lleng\u00fces \u201cmortes\u201d i vives, la mitologia i la cultura al nostre alumnat, plantant la llavor del <em>sapere aude.<\/em><\/p>\n<p style=\"text-align: justify;\">Antonia, gr\u00e0cies per aquests 35 anys de dedicaci\u00f3 a l\u2019Institut La Rom\u00e0nica i pel teu <em>savoir faire<\/em>. <em>Carpe diem.<\/em><\/p>\n<p>&nbsp;<\/p>\n<h5 style=\"text-align: justify;\"><strong>Josep Cano Ruiz<\/strong><\/h5>\n<p>&nbsp;<\/p>\n<table style=\"height: 420px;\" width=\"764\">\n<tbody>\n<tr>\n<td style=\"width: 758px;\"><a href=\"https:\/\/agora.xtec.cat\/ieslaromanica\/wp-content\/uploads\/usu857\/2021\/06\/josep-3.png\"><img loading=\"lazy\" decoding=\"async\" class=\"alignnone wp-image-19619\" src=\"https:\/\/agora.xtec.cat\/ieslaromanica\/wp-content\/uploads\/usu857\/2021\/06\/josep-3.png\" alt=\"\" width=\"760\" height=\"564\" srcset=\"https:\/\/agora.xtec.cat\/ieslaromanica\/wp-content\/uploads\/usu857\/2021\/06\/josep-3.png 697w, https:\/\/agora.xtec.cat\/ieslaromanica\/wp-content\/uploads\/usu857\/2021\/06\/josep-3-300x223.png 300w\" sizes=\"auto, (max-width: 760px) 100vw, 760px\" \/><\/a><\/td>\n<\/tr>\n<\/tbody>\n<\/table>\n<p style=\"text-align: justify;\">El Josep va arribar al centre l\u2019any 2006 com a professor del Departament de Ci\u00e8ncies Socials. Llicenciat en Geografia, ha impartit al nostre institut mat\u00e8ries de Geografia i d\u2019Hist\u00f2ria a l\u2019ESO i a Batxillerat.<\/p>\n<p style=\"text-align: justify;\">Ha tingut diversos c\u00e0rrecs, com tutor d\u2019ESO, coordinador de 2n d\u2019ESO, coordinador del Pr\u00e0cticum M\u00e0ster de Professorat de Secund\u00e0ria i cap del Departament de Ci\u00e8ncies Socials en diverses ocasions.<\/p>\n<p>Durant els anys de doc\u00e8ncia al nostre institut ha encap\u00e7alat diversos projectes, com el Projecte de l\u2019estaci\u00f3 meteorol\u00f2gica, per\u00f2 que la pand\u00e8mia no li va permetre desenvolupar.<\/p>\n<p style=\"text-align: justify;\">Esportista i viatger, pacient i observador, reivindicatiu i lluitador, meticul\u00f3s i just, de posat seri\u00f3s per qui no el coneix i alhora amb un gran sentit de la ironia, un professor interdisciplinari i de tracte proper a l\u2019alumnat, i una aut\u00e8ntica caixa de sorpreses.<\/p>\n<p style=\"text-align: justify;\">El Josep durant aquests anys ha estat una persona que, sense fer gaire soroll, quan s\u2019ha al\u00e7at i ha parlat ha estat escoltat i respectat. Un gran professor i company a qui trobem a faltar.<\/p>\n<p style=\"text-align: justify;\">Josep, gr\u00e0cies per aquests 14 anys al centre i per tota una vida dedicada a l\u2019ensenyament.<\/p>\n<p>&nbsp;<\/p>\n<h5 style=\"text-align: justify;\"><strong>Maria \u00c1ngeles Pina Carilla<\/strong><\/h5>\n<p>&nbsp;<\/p>\n<table style=\"height: 405px;\" width=\"778\">\n<tbody>\n<tr>\n<td style=\"width: 772px;\"><a href=\"https:\/\/agora.xtec.cat\/ieslaromanica\/wp-content\/uploads\/usu857\/2021\/06\/IMG-0442.jpg\"><img loading=\"lazy\" decoding=\"async\" class=\"alignnone wp-image-19620\" src=\"https:\/\/agora.xtec.cat\/ieslaromanica\/wp-content\/uploads\/usu857\/2021\/06\/IMG-0442.jpg\" alt=\"\" width=\"772\" height=\"834\" srcset=\"https:\/\/agora.xtec.cat\/ieslaromanica\/wp-content\/uploads\/usu857\/2021\/06\/IMG-0442.jpg 2463w, https:\/\/agora.xtec.cat\/ieslaromanica\/wp-content\/uploads\/usu857\/2021\/06\/IMG-0442-278x300.jpg 278w, https:\/\/agora.xtec.cat\/ieslaromanica\/wp-content\/uploads\/usu857\/2021\/06\/IMG-0442-768x829.jpg 768w, https:\/\/agora.xtec.cat\/ieslaromanica\/wp-content\/uploads\/usu857\/2021\/06\/IMG-0442-949x1024.jpg 949w\" sizes=\"auto, (max-width: 772px) 100vw, 772px\" \/><\/a><\/td>\n<\/tr>\n<\/tbody>\n<\/table>\n<p style=\"text-align: justify;\">La Mari \u00c1ngeles va arribar al centre l\u2019any 2019 i nom\u00e9s hem pogut gaudir de la seva estada durant el curs passat i el primer trimestre del present curs.<\/p>\n<p style=\"text-align: justify;\">Tot i que ha desenvolupat la seva tasca docent al nostre centre com a professora de llengua anglesa, formant part del Departament de Lleng\u00fces Estrangeres, la Maria \u00c1ngeles \u00e9s Llicenciada en Hist\u00f2ria.<\/p>\n<p style=\"text-align: justify;\">La seva dilatada carrera parteix de l\u2019ensenyament privat, on ha estat docent durant 34 anys. Al nostre institut ha estat tutora i s\u2019ha guanyat r\u00e0pidament l\u2019estima i el respecte de l\u2019alumnat.<\/p>\n<p style=\"text-align: justify;\">Una professora amb un gran dinamisme i versatilitat, dol\u00e7a i intu\u00eftiva, pragm\u00e0tica i resolutiva, extravertida i amb un gran sentit de l\u2019humor. Una professora amb el do de la saviesa popular per tenir sempre un refrany als llavis per a cada ocasi\u00f3.<\/p>\n<p style=\"text-align: justify;\">Mari \u00c1ngeles, gr\u00e0cies pel temps que has compartit amb nosaltres i per ser una gran companya i persona.<\/p>\n<p>&nbsp;<\/p>\n<h5 style=\"text-align: justify;\">Lourdes, Antonia, Josep i Maria \u00c1ngeles, tota la comunitat educativa de l\u2019Institut La Rom\u00e0nica vol transmetre-us, a m\u00e9s a m\u00e9s d\u2019un profund agra\u00efment, el nostre desig de qu\u00e8 els nous camins i reptes que ja heu comen\u00e7at a dibuixar durant aquests mesos, ara els pugueu comen\u00e7ar a caminar amb pas ferm.<\/h5>\n<p>&nbsp;<\/p>\n<h5 style=\"text-align: justify;\">Ah!&#8230;. i no oblideu mai que aquesta \u00e9s casa vostra.<\/h5>\n<h5 style=\"text-align: justify;\">SORT!!!<\/h5>\n<p>&nbsp;<\/p>\n<p>&nbsp;<\/p>\n","protected":false},"excerpt":{"rendered":"<p>El confinament i les mesures preses a causa de la pand\u00e8mia de la COVID-19 han fet que les jubilacions, potser, hagin passat una mica desapercebudes.<br \/>\nAra que som a final de curs, volem fer un merescut homenatge als quatre membres del professorat de l\u2019Institut La Rom\u00e0nica&hellip;  <a href=\"https:\/\/agora.xtec.cat\/ieslaromanica\/general\/jubilacions-en-temps-de-pandemia\/\" title=\"Read Jubilacions en temps de pand\u00e8mia\">Llegeix m\u00e9s\u00bb<\/a><\/p>\n","protected":false},"author":3,"featured_media":19635,"comment_status":"open","ping_status":"closed","sticky":false,"template":"","format":"standard","meta":{"_bbp_topic_count":0,"_bbp_reply_count":0,"_bbp_total_topic_count":0,"_bbp_total_reply_count":0,"_bbp_voice_count":0,"_bbp_anonymous_reply_count":0,"_bbp_topic_count_hidden":0,"_bbp_reply_count_hidden":0,"_bbp_forum_subforum_count":0,"footnotes":""},"categories":[1,29],"tags":[343,318],"class_list":["post-19616","post","type-post","status-publish","format-standard","has-post-thumbnail","hentry","category-general","category-portada","tag-curs-2020-2021","tag-jubilacions"],"post_mailing_queue_ids":[],"_links":{"self":[{"href":"https:\/\/agora.xtec.cat\/ieslaromanica\/wp-json\/wp\/v2\/posts\/19616","targetHints":{"allow":["GET"]}}],"collection":[{"href":"https:\/\/agora.xtec.cat\/ieslaromanica\/wp-json\/wp\/v2\/posts"}],"about":[{"href":"https:\/\/agora.xtec.cat\/ieslaromanica\/wp-json\/wp\/v2\/types\/post"}],"author":[{"embeddable":true,"href":"https:\/\/agora.xtec.cat\/ieslaromanica\/wp-json\/wp\/v2\/users\/3"}],"replies":[{"embeddable":true,"href":"https:\/\/agora.xtec.cat\/ieslaromanica\/wp-json\/wp\/v2\/comments?post=19616"}],"version-history":[{"count":4,"href":"https:\/\/agora.xtec.cat\/ieslaromanica\/wp-json\/wp\/v2\/posts\/19616\/revisions"}],"predecessor-version":[{"id":19645,"href":"https:\/\/agora.xtec.cat\/ieslaromanica\/wp-json\/wp\/v2\/posts\/19616\/revisions\/19645"}],"wp:featuredmedia":[{"embeddable":true,"href":"https:\/\/agora.xtec.cat\/ieslaromanica\/wp-json\/wp\/v2\/media\/19635"}],"wp:attachment":[{"href":"https:\/\/agora.xtec.cat\/ieslaromanica\/wp-json\/wp\/v2\/media?parent=19616"}],"wp:term":[{"taxonomy":"category","embeddable":true,"href":"https:\/\/agora.xtec.cat\/ieslaromanica\/wp-json\/wp\/v2\/categories?post=19616"},{"taxonomy":"post_tag","embeddable":true,"href":"https:\/\/agora.xtec.cat\/ieslaromanica\/wp-json\/wp\/v2\/tags?post=19616"}],"curies":[{"name":"wp","href":"https:\/\/api.w.org\/{rel}","templated":true}]}}