{"id":19268,"date":"2021-05-31T15:33:45","date_gmt":"2021-05-31T13:33:45","guid":{"rendered":"http:\/\/agora.xtec.cat\/ieslaromanica\/?p=19268"},"modified":"2021-06-04T19:33:54","modified_gmt":"2021-06-04T17:33:54","slug":"viatjar-virtualment-tambe-es-viatjar-per-aprendre","status":"publish","type":"post","link":"https:\/\/agora.xtec.cat\/ieslaromanica\/general\/viatjar-virtualment-tambe-es-viatjar-per-aprendre\/","title":{"rendered":"Viatjar -virtualment- tamb\u00e9 \u00e9s viatjar per aprendre"},"content":{"rendered":"<p>,<a href=\"https:\/\/agora.xtec.cat\/ieslaromanica\/wp-content\/uploads\/usu857\/2021\/05\/Sense-t\u00edtol-1.png\"><img loading=\"lazy\" decoding=\"async\" class=\"alignnone wp-image-19269\" src=\"https:\/\/agora.xtec.cat\/ieslaromanica\/wp-content\/uploads\/usu857\/2021\/05\/Sense-t\u00edtol-1.png\" alt=\"\" width=\"666\" height=\"375\" srcset=\"https:\/\/agora.xtec.cat\/ieslaromanica\/wp-content\/uploads\/usu857\/2021\/05\/Sense-t\u00edtol-1.png 1269w, https:\/\/agora.xtec.cat\/ieslaromanica\/wp-content\/uploads\/usu857\/2021\/05\/Sense-t\u00edtol-1-300x169.png 300w, https:\/\/agora.xtec.cat\/ieslaromanica\/wp-content\/uploads\/usu857\/2021\/05\/Sense-t\u00edtol-1-768x433.png 768w, https:\/\/agora.xtec.cat\/ieslaromanica\/wp-content\/uploads\/usu857\/2021\/05\/Sense-t\u00edtol-1-1024x577.png 1024w\" sizes=\"auto, (max-width: 666px) 100vw, 666px\" \/><\/a><\/p>\n<p style=\"text-align: justify;\">L&#8217;alumnat de 2n de Batxillerat de l&#8217;Institut La Rom\u00e0nica ha viatjat virtualment aquest curs al Godelieve College, de Gistel (B\u00e8lgica) i han obert les portes de casa nostra (tamb\u00e9 virtualment) als estudiants belgues per tal de con\u00e8ixer i donar a con\u00e8ixer com som (l\u2019institut), com vivim (Barber\u00e0), d\u2019on venim (el nostre patrimoni cultural) i qu\u00e8 ens agrada (festivitats, m\u00fasica, gastronomia).<\/p>\n<p style=\"text-align: justify;\">Han perfeccionat les seves destresses comunicatives en llengua anglesa al temps que han gaudit pensant, decidint, creant, gravant, editant\u2026 els v\u00eddeos col.laboratius que us deixem a continuaci\u00f3 per tal que tamb\u00e9 vosaltres entreu a casa nostra i casa seva. Esperem gaudiu veient els nostres v\u00eddeos tant com nosaltres hem gaudint enllestint-los:<\/p>\n<p>El primer \u00e9s el v\u00eddeo nostre i el segon el de B\u00e8lgica:<\/p>\n<p><a href=\"https:\/\/youtu.be\/Mvk5cJ3GaKY\"><img loading=\"lazy\" decoding=\"async\" class=\"alignnone wp-image-19302\" src=\"https:\/\/agora.xtec.cat\/ieslaromanica\/wp-content\/uploads\/usu857\/2021\/05\/InsLR.jpg\" alt=\"\" width=\"664\" height=\"664\" srcset=\"https:\/\/agora.xtec.cat\/ieslaromanica\/wp-content\/uploads\/usu857\/2021\/05\/InsLR.jpg 1260w, https:\/\/agora.xtec.cat\/ieslaromanica\/wp-content\/uploads\/usu857\/2021\/05\/InsLR-150x150.jpg 150w, https:\/\/agora.xtec.cat\/ieslaromanica\/wp-content\/uploads\/usu857\/2021\/05\/InsLR-300x300.jpg 300w, https:\/\/agora.xtec.cat\/ieslaromanica\/wp-content\/uploads\/usu857\/2021\/05\/InsLR-768x768.jpg 768w, https:\/\/agora.xtec.cat\/ieslaromanica\/wp-content\/uploads\/usu857\/2021\/05\/InsLR-1024x1024.jpg 1024w\" sizes=\"auto, (max-width: 664px) 100vw, 664px\" \/><\/a><\/p>\n<p>&nbsp;<\/p>\n<p><a href=\"https:\/\/www.youtube.com\/watch?v=RNwP5eSLzUM\"><img loading=\"lazy\" decoding=\"async\" class=\"alignnone wp-image-19303\" src=\"https:\/\/agora.xtec.cat\/ieslaromanica\/wp-content\/uploads\/usu857\/2021\/05\/InsB.png\" alt=\"\" width=\"653\" height=\"526\" srcset=\"https:\/\/agora.xtec.cat\/ieslaromanica\/wp-content\/uploads\/usu857\/2021\/05\/InsB.png 1612w, https:\/\/agora.xtec.cat\/ieslaromanica\/wp-content\/uploads\/usu857\/2021\/05\/InsB-300x242.png 300w, https:\/\/agora.xtec.cat\/ieslaromanica\/wp-content\/uploads\/usu857\/2021\/05\/InsB-768x619.png 768w, https:\/\/agora.xtec.cat\/ieslaromanica\/wp-content\/uploads\/usu857\/2021\/05\/InsB-1024x825.png 1024w\" sizes=\"auto, (max-width: 653px) 100vw, 653px\" \/><\/a><\/p>\n<p>&nbsp;<\/p>\n<p style=\"text-align: justify;\">Aquest projecte d\u2019intercanvi ling\u00fc\u00edstic i cultural neix de la convicci\u00f3 que l\u2019aprenentatge de lleng\u00fces entre els nostres alumnes els ha de permetre una major autonomia i alhora mobilitat en el que ser\u00e0 el seu espai de treball: la Uni\u00f3 Europea. I est\u00e0 emmarcat en un projecte d\u2019internacionalitzaci\u00f3 en el que el Departament de Lleng\u00fces estrangeres venim treballant des de 2019 per potenciar i millorar el pluriling\u00fcisme.<\/p>\n","protected":false},"excerpt":{"rendered":"<p>,<a href=\"https:\/\/agora.xtec.cat\/ieslaromanica\/wp-content\/uploads\/usu857\/2021\/05\/Sense-t\u00edtol-1.png\"><\/a><br \/>\nL&#8217;alumnat de 2n de Batxillerat de l&#8217;Institut La Rom\u00e0nica ha viatjat virtualment aquest curs al Godelieve College, de Gistel (B\u00e8lgica) i han obert les portes de casa nostra (tamb\u00e9 virtualment) als estudiants belgues per tal de con\u00e8ixer i donar a con\u00e8ixer com som (l\u2019institut),&hellip;  <a href=\"https:\/\/agora.xtec.cat\/ieslaromanica\/general\/viatjar-virtualment-tambe-es-viatjar-per-aprendre\/\" title=\"Read Viatjar -virtualment- tamb\u00e9 \u00e9s viatjar per aprendre\">Llegeix m\u00e9s\u00bb<\/a><\/p>\n","protected":false},"author":3,"featured_media":19269,"comment_status":"open","ping_status":"closed","sticky":false,"template":"","format":"standard","meta":{"_bbp_topic_count":0,"_bbp_reply_count":0,"_bbp_total_topic_count":0,"_bbp_total_reply_count":0,"_bbp_voice_count":0,"_bbp_anonymous_reply_count":0,"_bbp_topic_count_hidden":0,"_bbp_reply_count_hidden":0,"_bbp_forum_subforum_count":0,"footnotes":""},"categories":[73,8,1,29],"tags":[348,343,200],"class_list":["post-19268","post","type-post","status-publish","format-standard","has-post-thumbnail","hentry","category-2-batx","category-batxillerat","category-general","category-portada","tag-ambit-linguistic","tag-curs-2020-2021","tag-departament-de-llengues-estrangeres"],"post_mailing_queue_ids":[],"_links":{"self":[{"href":"https:\/\/agora.xtec.cat\/ieslaromanica\/wp-json\/wp\/v2\/posts\/19268","targetHints":{"allow":["GET"]}}],"collection":[{"href":"https:\/\/agora.xtec.cat\/ieslaromanica\/wp-json\/wp\/v2\/posts"}],"about":[{"href":"https:\/\/agora.xtec.cat\/ieslaromanica\/wp-json\/wp\/v2\/types\/post"}],"author":[{"embeddable":true,"href":"https:\/\/agora.xtec.cat\/ieslaromanica\/wp-json\/wp\/v2\/users\/3"}],"replies":[{"embeddable":true,"href":"https:\/\/agora.xtec.cat\/ieslaromanica\/wp-json\/wp\/v2\/comments?post=19268"}],"version-history":[{"count":3,"href":"https:\/\/agora.xtec.cat\/ieslaromanica\/wp-json\/wp\/v2\/posts\/19268\/revisions"}],"predecessor-version":[{"id":19340,"href":"https:\/\/agora.xtec.cat\/ieslaromanica\/wp-json\/wp\/v2\/posts\/19268\/revisions\/19340"}],"wp:featuredmedia":[{"embeddable":true,"href":"https:\/\/agora.xtec.cat\/ieslaromanica\/wp-json\/wp\/v2\/media\/19269"}],"wp:attachment":[{"href":"https:\/\/agora.xtec.cat\/ieslaromanica\/wp-json\/wp\/v2\/media?parent=19268"}],"wp:term":[{"taxonomy":"category","embeddable":true,"href":"https:\/\/agora.xtec.cat\/ieslaromanica\/wp-json\/wp\/v2\/categories?post=19268"},{"taxonomy":"post_tag","embeddable":true,"href":"https:\/\/agora.xtec.cat\/ieslaromanica\/wp-json\/wp\/v2\/tags?post=19268"}],"curies":[{"name":"wp","href":"https:\/\/api.w.org\/{rel}","templated":true}]}}