{"id":19225,"date":"2021-05-28T13:37:39","date_gmt":"2021-05-28T11:37:39","guid":{"rendered":"http:\/\/agora.xtec.cat\/ieslaromanica\/?p=19225"},"modified":"2021-05-28T18:14:10","modified_gmt":"2021-05-28T16:14:10","slug":"premis-minerva-2021","status":"publish","type":"post","link":"https:\/\/agora.xtec.cat\/ieslaromanica\/general\/premis-minerva-2021\/","title":{"rendered":"Premis MINERVA 2021"},"content":{"rendered":"<p><a href=\"https:\/\/agora.xtec.cat\/ieslaromanica\/wp-content\/uploads\/usu857\/2021\/05\/CXDFGH-1.png\"><img loading=\"lazy\" decoding=\"async\" class=\"alignnone wp-image-19228\" src=\"https:\/\/agora.xtec.cat\/ieslaromanica\/wp-content\/uploads\/usu857\/2021\/05\/CXDFGH-1.png\" alt=\"\" width=\"665\" height=\"315\" srcset=\"https:\/\/agora.xtec.cat\/ieslaromanica\/wp-content\/uploads\/usu857\/2021\/05\/CXDFGH-1.png 787w, https:\/\/agora.xtec.cat\/ieslaromanica\/wp-content\/uploads\/usu857\/2021\/05\/CXDFGH-1-300x142.png 300w, https:\/\/agora.xtec.cat\/ieslaromanica\/wp-content\/uploads\/usu857\/2021\/05\/CXDFGH-1-768x364.png 768w\" sizes=\"auto, (max-width: 665px) 100vw, 665px\" \/><\/a><\/p>\n<p style=\"text-align: justify;\">Com cada any, l&#8217;Institut La Rom\u00e0nica ha participat al Certamen Minerva.<\/p>\n<p style=\"text-align: justify;\">Aquest certamen, que est\u00e0 organitzat des del Servei Educatiu del Vall\u00e8s Occidental VII, reconeix cada curs els millors Treballs de Recerca de l\u2019alumnat de Batxillerat dels instituts de la zona educativa de Badia del Vall\u00e8s i Barber\u00e0 del Vall\u00e8s<\/p>\n<p style=\"text-align: justify;\">El seu nom, Minerva, prov\u00e9 de la deessa romana de la saviesa i de les arts. Minerva, sovint apareix representada amb un mussol i el seu culte es va relacionar amb el m\u00f3n de l\u2019ensenyament.<\/p>\n<p style=\"text-align: justify;\">L\u2019acte \u00e9s un reconeixement a la bona feina, tant de l\u2019alumnat com del professorat dels nostres instituts. A m\u00e9s, esdev\u00e9 un mitj\u00e0 per difondre exemples entre els companys i les companyes que, en el futur, hauran de fer els seus propis treballs.<\/p>\n<p style=\"text-align: justify;\">A partir del 18 d&#8217;abril s&#8217;exposen els treballs de recerca i a partir del 15 de maig els Ajuntaments de Barber\u00e0 del Vall\u00e8s i Badia del Vall\u00e8s fan el lliurament dels diplomes. Aquests dos s\u00f3n els treballs guardonats del nostre centre:<\/p>\n<p><a href=\"https:\/\/agora.xtec.cat\/ieslaromanica\/wp-content\/uploads\/usu857\/2021\/05\/JJK.png\"><img loading=\"lazy\" decoding=\"async\" class=\"alignnone wp-image-19229\" src=\"https:\/\/agora.xtec.cat\/ieslaromanica\/wp-content\/uploads\/usu857\/2021\/05\/JJK.png\" alt=\"\" width=\"671\" height=\"440\" srcset=\"https:\/\/agora.xtec.cat\/ieslaromanica\/wp-content\/uploads\/usu857\/2021\/05\/JJK.png 855w, https:\/\/agora.xtec.cat\/ieslaromanica\/wp-content\/uploads\/usu857\/2021\/05\/JJK-300x197.png 300w, https:\/\/agora.xtec.cat\/ieslaromanica\/wp-content\/uploads\/usu857\/2021\/05\/JJK-768x504.png 768w\" sizes=\"auto, (max-width: 671px) 100vw, 671px\" \/><\/a><\/p>\n<p style=\"text-align: justify;\">En motiu de les mesures extraordin\u00e0ries a causa de la pand\u00e8mia de la COVID-19, les presentacions dels treballs s&#8217;han fet de forma telem\u00e0tica. Aqu\u00ed teniu els enlla\u00e7os a les dues presentacions dels treballs de recerca del nostre centre, la del V\u00edctor Pacheco Aznar i la de la Judith D\u00edaz Valenzuela, l&#8217;Helena Parrado Serra i la Sonia Moreno Aguilar.<\/p>\n<p><iframe loading=\"lazy\" title=\"PremisMinerva VictorPacheco\" width=\"500\" height=\"281\" src=\"https:\/\/www.youtube.com\/embed\/pkEMD4jcU8E?feature=oembed\" frameborder=\"0\" allow=\"accelerometer; autoplay; clipboard-write; encrypted-media; gyroscope; picture-in-picture; web-share\" referrerpolicy=\"strict-origin-when-cross-origin\" allowfullscreen><\/iframe><\/p>\n<p><iframe loading=\"lazy\" title=\"Minerva La Maternitat\" width=\"500\" height=\"281\" src=\"https:\/\/www.youtube.com\/embed\/5Guxoo03HrE?feature=oembed\" frameborder=\"0\" allow=\"accelerometer; autoplay; clipboard-write; encrypted-media; gyroscope; picture-in-picture; web-share\" referrerpolicy=\"strict-origin-when-cross-origin\" allowfullscreen><\/iframe><\/p>\n<p>&nbsp;<\/p>\n<h5>La nostra m\u00e9s sincera enhorabona!!!<\/h5>\n","protected":false},"excerpt":{"rendered":"<p><a href=\"https:\/\/agora.xtec.cat\/ieslaromanica\/wp-content\/uploads\/usu857\/2021\/05\/CXDFGH-1.png\"><\/a><br \/>\nCom cada any, l&#8217;Institut La Rom\u00e0nica ha participat al Certamen Minerva.<br \/>\nAquest certamen, que est\u00e0 organitzat des del Servei Educatiu del Vall\u00e8s Occidental VII, reconeix cada curs els millors Treballs de Recerca de l\u2019alumnat de Batxillerat dels instituts de la zona educativa de Badia del&hellip;  <a href=\"https:\/\/agora.xtec.cat\/ieslaromanica\/general\/premis-minerva-2021\/\" title=\"Read Premis MINERVA 2021\">Llegeix m\u00e9s\u00bb<\/a><\/p>\n","protected":false},"author":3,"featured_media":19228,"comment_status":"open","ping_status":"closed","sticky":false,"template":"","format":"standard","meta":{"_bbp_topic_count":0,"_bbp_reply_count":0,"_bbp_total_topic_count":0,"_bbp_total_reply_count":0,"_bbp_voice_count":0,"_bbp_anonymous_reply_count":0,"_bbp_topic_count_hidden":0,"_bbp_reply_count_hidden":0,"_bbp_forum_subforum_count":0,"footnotes":""},"categories":[8,1,29],"tags":[343,334,161],"class_list":["post-19225","post","type-post","status-publish","format-standard","has-post-thumbnail","hentry","category-batxillerat","category-general","category-portada","tag-curs-2020-2021","tag-premis-i-concursos","tag-premis-minerva"],"post_mailing_queue_ids":[],"_links":{"self":[{"href":"https:\/\/agora.xtec.cat\/ieslaromanica\/wp-json\/wp\/v2\/posts\/19225","targetHints":{"allow":["GET"]}}],"collection":[{"href":"https:\/\/agora.xtec.cat\/ieslaromanica\/wp-json\/wp\/v2\/posts"}],"about":[{"href":"https:\/\/agora.xtec.cat\/ieslaromanica\/wp-json\/wp\/v2\/types\/post"}],"author":[{"embeddable":true,"href":"https:\/\/agora.xtec.cat\/ieslaromanica\/wp-json\/wp\/v2\/users\/3"}],"replies":[{"embeddable":true,"href":"https:\/\/agora.xtec.cat\/ieslaromanica\/wp-json\/wp\/v2\/comments?post=19225"}],"version-history":[{"count":3,"href":"https:\/\/agora.xtec.cat\/ieslaromanica\/wp-json\/wp\/v2\/posts\/19225\/revisions"}],"predecessor-version":[{"id":19234,"href":"https:\/\/agora.xtec.cat\/ieslaromanica\/wp-json\/wp\/v2\/posts\/19225\/revisions\/19234"}],"wp:featuredmedia":[{"embeddable":true,"href":"https:\/\/agora.xtec.cat\/ieslaromanica\/wp-json\/wp\/v2\/media\/19228"}],"wp:attachment":[{"href":"https:\/\/agora.xtec.cat\/ieslaromanica\/wp-json\/wp\/v2\/media?parent=19225"}],"wp:term":[{"taxonomy":"category","embeddable":true,"href":"https:\/\/agora.xtec.cat\/ieslaromanica\/wp-json\/wp\/v2\/categories?post=19225"},{"taxonomy":"post_tag","embeddable":true,"href":"https:\/\/agora.xtec.cat\/ieslaromanica\/wp-json\/wp\/v2\/tags?post=19225"}],"curies":[{"name":"wp","href":"https:\/\/api.w.org\/{rel}","templated":true}]}}