{"id":19206,"date":"2021-05-27T13:15:57","date_gmt":"2021-05-27T11:15:57","guid":{"rendered":"http:\/\/agora.xtec.cat\/ieslaromanica\/?p=19206"},"modified":"2021-05-27T13:24:32","modified_gmt":"2021-05-27T11:24:32","slug":"xerrades-informatives-cob-orienta-2021","status":"publish","type":"post","link":"https:\/\/agora.xtec.cat\/ieslaromanica\/general\/xerrades-informatives-cob-orienta-2021\/","title":{"rendered":"Xerrades informatives COB-Orienta 2021"},"content":{"rendered":"<p style=\"text-align: justify;\">Durant la \u00faltima setmana de maig, tot l\u2019alumnat de 3r d\u2019ESO ha rebut unes xerrades informatives per part d\u2019un dels monitors de Barber\u00e0 Promoci\u00f3 per informar-los dels pr\u00f2xims tallers que tindran lloc els propers 9, 10 i 11 de juny, tant a la Torre d\u2019en Gorgs com al nostre centre.<\/p>\n<table style=\"height: 10px; width: 684px;\" width=\"645\">\n<tbody>\n<tr style=\"height: 33px;\">\n<td style=\"height: 10px; width: 345.4px;\"><a href=\"https:\/\/agora.xtec.cat\/ieslaromanica\/wp-content\/uploads\/usu857\/2021\/05\/unnamed-e1622114505707.jpg\"><img loading=\"lazy\" decoding=\"async\" class=\"alignnone wp-image-19211\" src=\"https:\/\/agora.xtec.cat\/ieslaromanica\/wp-content\/uploads\/usu857\/2021\/05\/unnamed-e1622114505707.jpg\" alt=\"\" width=\"328\" height=\"277\" srcset=\"https:\/\/agora.xtec.cat\/ieslaromanica\/wp-content\/uploads\/usu857\/2021\/05\/unnamed-e1622114505707.jpg 1199w, https:\/\/agora.xtec.cat\/ieslaromanica\/wp-content\/uploads\/usu857\/2021\/05\/unnamed-e1622114505707-300x253.jpg 300w, https:\/\/agora.xtec.cat\/ieslaromanica\/wp-content\/uploads\/usu857\/2021\/05\/unnamed-e1622114505707-768x648.jpg 768w, https:\/\/agora.xtec.cat\/ieslaromanica\/wp-content\/uploads\/usu857\/2021\/05\/unnamed-e1622114505707-1024x864.jpg 1024w\" sizes=\"auto, (max-width: 328px) 100vw, 328px\" \/><\/a><\/td>\n<td style=\"height: 10px; width: 330.367px;\"><a href=\"https:\/\/agora.xtec.cat\/ieslaromanica\/wp-content\/uploads\/usu857\/2021\/05\/PHOTO-2021-05-27-10-41-01.jpg\"><img loading=\"lazy\" decoding=\"async\" class=\"alignnone wp-image-19210\" src=\"https:\/\/agora.xtec.cat\/ieslaromanica\/wp-content\/uploads\/usu857\/2021\/05\/PHOTO-2021-05-27-10-41-01.jpg\" alt=\"\" width=\"642\" height=\"575\" srcset=\"https:\/\/agora.xtec.cat\/ieslaromanica\/wp-content\/uploads\/usu857\/2021\/05\/PHOTO-2021-05-27-10-41-01.jpg 1199w, https:\/\/agora.xtec.cat\/ieslaromanica\/wp-content\/uploads\/usu857\/2021\/05\/PHOTO-2021-05-27-10-41-01-300x268.jpg 300w, https:\/\/agora.xtec.cat\/ieslaromanica\/wp-content\/uploads\/usu857\/2021\/05\/PHOTO-2021-05-27-10-41-01-768x687.jpg 768w, https:\/\/agora.xtec.cat\/ieslaromanica\/wp-content\/uploads\/usu857\/2021\/05\/PHOTO-2021-05-27-10-41-01-1024x916.jpg 1024w\" sizes=\"auto, (max-width: 642px) 100vw, 642px\" \/><\/a><\/td>\n<\/tr>\n<\/tbody>\n<\/table>\n<p style=\"text-align: justify;\">L\u2019objectiu d\u2019aquests tallers \u00e9s donar a con\u00e8ixer diferents sectors ocupacionals relacionats amb la rob\u00f2tica, sanitat, imatge personal, qu\u00edmica, serveis socioculturals i a la comunitat, entre d\u2019altres. Com a cloenda, el proper dilluns 14 de juny el nostre alumnat podr\u00e0 connectar-se a un Webinar, de cara a impulsar un projecte laboral amb visi\u00f3 social.<\/p>\n<p>&nbsp;<\/p>\n<p>&nbsp;<\/p>\n","protected":false},"excerpt":{"rendered":"<p>Durant la \u00faltima setmana de maig, tot l\u2019alumnat de 3r d\u2019ESO ha rebut unes xerrades informatives per part d\u2019un dels monitors de Barber\u00e0 Promoci\u00f3 per informar-los dels pr\u00f2xims tallers que tindran lloc els propers 9, 10 i 11 de juny, tant a la Torre d\u2019en&hellip;  <a href=\"https:\/\/agora.xtec.cat\/ieslaromanica\/general\/xerrades-informatives-cob-orienta-2021\/\" title=\"Read Xerrades informatives COB-Orienta 2021\">Llegeix m\u00e9s\u00bb<\/a><\/p>\n","protected":false},"author":3,"featured_media":19211,"comment_status":"open","ping_status":"closed","sticky":false,"template":"","format":"standard","meta":{"_bbp_topic_count":0,"_bbp_reply_count":0,"_bbp_total_topic_count":0,"_bbp_total_reply_count":0,"_bbp_voice_count":0,"_bbp_anonymous_reply_count":0,"_bbp_topic_count_hidden":0,"_bbp_reply_count_hidden":0,"_bbp_forum_subforum_count":0,"footnotes":""},"categories":[6,1,29],"tags":[156,343],"class_list":["post-19206","post","type-post","status-publish","format-standard","has-post-thumbnail","hentry","category-eso-3","category-general","category-portada","tag-cob-orienta","tag-curs-2020-2021"],"post_mailing_queue_ids":[],"_links":{"self":[{"href":"https:\/\/agora.xtec.cat\/ieslaromanica\/wp-json\/wp\/v2\/posts\/19206","targetHints":{"allow":["GET"]}}],"collection":[{"href":"https:\/\/agora.xtec.cat\/ieslaromanica\/wp-json\/wp\/v2\/posts"}],"about":[{"href":"https:\/\/agora.xtec.cat\/ieslaromanica\/wp-json\/wp\/v2\/types\/post"}],"author":[{"embeddable":true,"href":"https:\/\/agora.xtec.cat\/ieslaromanica\/wp-json\/wp\/v2\/users\/3"}],"replies":[{"embeddable":true,"href":"https:\/\/agora.xtec.cat\/ieslaromanica\/wp-json\/wp\/v2\/comments?post=19206"}],"version-history":[{"count":3,"href":"https:\/\/agora.xtec.cat\/ieslaromanica\/wp-json\/wp\/v2\/posts\/19206\/revisions"}],"predecessor-version":[{"id":19215,"href":"https:\/\/agora.xtec.cat\/ieslaromanica\/wp-json\/wp\/v2\/posts\/19206\/revisions\/19215"}],"wp:featuredmedia":[{"embeddable":true,"href":"https:\/\/agora.xtec.cat\/ieslaromanica\/wp-json\/wp\/v2\/media\/19211"}],"wp:attachment":[{"href":"https:\/\/agora.xtec.cat\/ieslaromanica\/wp-json\/wp\/v2\/media?parent=19206"}],"wp:term":[{"taxonomy":"category","embeddable":true,"href":"https:\/\/agora.xtec.cat\/ieslaromanica\/wp-json\/wp\/v2\/categories?post=19206"},{"taxonomy":"post_tag","embeddable":true,"href":"https:\/\/agora.xtec.cat\/ieslaromanica\/wp-json\/wp\/v2\/tags?post=19206"}],"curies":[{"name":"wp","href":"https:\/\/api.w.org\/{rel}","templated":true}]}}