{"id":19186,"date":"2021-05-26T08:59:45","date_gmt":"2021-05-26T06:59:45","guid":{"rendered":"http:\/\/agora.xtec.cat\/ieslaromanica\/?p=19186"},"modified":"2021-05-26T16:19:37","modified_gmt":"2021-05-26T14:19:37","slug":"projecte-dalemany-amb-linstitut-sigo-gistel-belgica","status":"publish","type":"post","link":"https:\/\/agora.xtec.cat\/ieslaromanica\/general\/projecte-dalemany-amb-linstitut-sigo-gistel-belgica\/","title":{"rendered":"Projecte d&#8217;Alemany amb l&#8217;Institut SIGO (Gistel, B\u00e8lgica)"},"content":{"rendered":"<h5><a href=\"https:\/\/agora.xtec.cat\/ieslaromanica\/wp-content\/uploads\/usu857\/2021\/05\/20210128_092458.jpg\"><img loading=\"lazy\" decoding=\"async\" class=\"alignnone wp-image-19195\" src=\"https:\/\/agora.xtec.cat\/ieslaromanica\/wp-content\/uploads\/usu857\/2021\/05\/20210128_092458.jpg\" alt=\"\" width=\"627\" height=\"593\" srcset=\"https:\/\/agora.xtec.cat\/ieslaromanica\/wp-content\/uploads\/usu857\/2021\/05\/20210128_092458.jpg 1800w, https:\/\/agora.xtec.cat\/ieslaromanica\/wp-content\/uploads\/usu857\/2021\/05\/20210128_092458-300x283.jpg 300w, https:\/\/agora.xtec.cat\/ieslaromanica\/wp-content\/uploads\/usu857\/2021\/05\/20210128_092458-768x725.jpg 768w, https:\/\/agora.xtec.cat\/ieslaromanica\/wp-content\/uploads\/usu857\/2021\/05\/20210128_092458-1024x967.jpg 1024w\" sizes=\"auto, (max-width: 627px) 100vw, 627px\" \/><\/a><\/h5>\n<h5>Projecte d&#8217;Alemany entre l&#8217;Institut La Rom\u00e0nica (Barber\u00e0 del Vall\u00e8s) i l&#8217;Institut SIGO (Gistela, B\u00e8lgica)<\/h5>\n<p>&nbsp;<\/p>\n<p style=\"text-align: justify;\">Aquest curs el nostre alumnat de <b>1r de Batxillerat d&#8217;Alemany<\/b> ha tingut l&#8217;oportunitat de posar a prova els seus coneixements comunicatius en aquesta llengua amb els i les alumnes de l&#8217;escola SIGO de Gistel a B\u00e9lgica.<\/p>\n<p style=\"text-align: justify;\">Primer, els i les alumnes han preparat les presentacions i v\u00eddeos per explicar com eren les seves escoles, que posteriorment hem treballat a classe. Tamb\u00e9 hem fet una videotrucada en petits grups, que ha tingut molt d&#8217;\u00e8xit perqu\u00e8 tothom s&#8217;ha pogut con\u00e8ixer de manera &#8220;personal&#8221;. Ara, l&#8217;alumnat manten\u00e9 el contacte de manera virtual per poder obtenir m\u00e9s informaci\u00f3 i fer presentacions parlant dels seus companys i companyes, practicant tant les compet\u00e8ncies escrites com orals sobre els temes quotidians.<\/p>\n<p style=\"text-align: justify;\">Per acabar, farem una trobada m\u00e9s de cloenda d&#8217;aquest projecte. Esperem que els contactes es puguin mantenir.<\/p>\n<p style=\"text-align: justify;\">Aqu\u00ed teniu el video que hem elaborat sobre aquest projecte:<\/p>\n<p><iframe loading=\"lazy\" title=\"Deutsch   SIGO   La Rom\u00e0nica\" width=\"500\" height=\"281\" src=\"https:\/\/www.youtube.com\/embed\/_LnQZraB8Vw?feature=oembed\" frameborder=\"0\" allow=\"accelerometer; autoplay; clipboard-write; encrypted-media; gyroscope; picture-in-picture; web-share\" referrerpolicy=\"strict-origin-when-cross-origin\" allowfullscreen><\/iframe><\/p>\n<p style=\"text-align: justify;\">Com sempre, aquestes experi\u00e8ncies ajuden als alumnes a veure que estudiar una llengua estrangera obra portes per con\u00e8ixer altres persones i la seva cultura. \u00c9s una motivaci\u00f3 molt gran per tothom ja que les emocions que es creen al voltant de les noves experi\u00e8ncies s\u00f3n sovint suficientment positives per poder seguir aprenent un idioma amb esfor\u00e7 i ganes!<\/p>\n<h5><i><strong>Ich gratuliere euch zur guten Arbeit und w\u00fcnsche weiterhin viel Gl\u00fcck und Spa\u00df beim Deutschlernen!<\/strong> <\/i><\/h5>\n<div>\n<div>(Us felicito per la feina molt ben feta i desitjo molta sort i diversi\u00f3 en l&#8217;aprenentatge d&#8217;Alemany!)<span style=\"color: #888888;\"><br \/>\n<\/span><\/div>\n<div><\/div>\n<\/div>\n<div><\/div>\n<div><\/div>\n<div>\n<div><\/div>\n<\/div>\n","protected":false},"excerpt":{"rendered":"<p><a href=\"https:\/\/agora.xtec.cat\/ieslaromanica\/wp-content\/uploads\/usu857\/2021\/05\/20210128_092458.jpg\"><\/a><br \/>\nProjecte d&#8217;Alemany entre l&#8217;Institut La Rom\u00e0nica (Barber\u00e0 del Vall\u00e8s) i l&#8217;Institut SIGO (Gistela, B\u00e8lgica)<br \/>\n&nbsp;<br \/>\nAquest curs el nostre alumnat de 1r de Batxillerat d&#8217;Alemany ha tingut l&#8217;oportunitat de posar a prova els seus coneixements comunicatius en aquesta llengua amb els i les alumnes de l&#8217;escola&hellip;  <a href=\"https:\/\/agora.xtec.cat\/ieslaromanica\/general\/projecte-dalemany-amb-linstitut-sigo-gistel-belgica\/\" title=\"Read Projecte d&#8217;Alemany amb l&#8217;Institut SIGO (Gistel, B\u00e8lgica)\">Llegeix m\u00e9s\u00bb<\/a><\/p>\n","protected":false},"author":3,"featured_media":19195,"comment_status":"open","ping_status":"closed","sticky":false,"template":"","format":"standard","meta":{"_bbp_topic_count":0,"_bbp_reply_count":0,"_bbp_total_topic_count":0,"_bbp_total_reply_count":0,"_bbp_voice_count":0,"_bbp_anonymous_reply_count":0,"_bbp_topic_count_hidden":0,"_bbp_reply_count_hidden":0,"_bbp_forum_subforum_count":0,"footnotes":""},"categories":[72,8,1,29],"tags":[188,348,343,200,247],"class_list":["post-19186","post","type-post","status-publish","format-standard","has-post-thumbnail","hentry","category-1-batx","category-batxillerat","category-general","category-portada","tag-alemany","tag-ambit-linguistic","tag-curs-2020-2021","tag-departament-de-llengues-estrangeres","tag-projecte"],"post_mailing_queue_ids":[],"_links":{"self":[{"href":"https:\/\/agora.xtec.cat\/ieslaromanica\/wp-json\/wp\/v2\/posts\/19186","targetHints":{"allow":["GET"]}}],"collection":[{"href":"https:\/\/agora.xtec.cat\/ieslaromanica\/wp-json\/wp\/v2\/posts"}],"about":[{"href":"https:\/\/agora.xtec.cat\/ieslaromanica\/wp-json\/wp\/v2\/types\/post"}],"author":[{"embeddable":true,"href":"https:\/\/agora.xtec.cat\/ieslaromanica\/wp-json\/wp\/v2\/users\/3"}],"replies":[{"embeddable":true,"href":"https:\/\/agora.xtec.cat\/ieslaromanica\/wp-json\/wp\/v2\/comments?post=19186"}],"version-history":[{"count":3,"href":"https:\/\/agora.xtec.cat\/ieslaromanica\/wp-json\/wp\/v2\/posts\/19186\/revisions"}],"predecessor-version":[{"id":19203,"href":"https:\/\/agora.xtec.cat\/ieslaromanica\/wp-json\/wp\/v2\/posts\/19186\/revisions\/19203"}],"wp:featuredmedia":[{"embeddable":true,"href":"https:\/\/agora.xtec.cat\/ieslaromanica\/wp-json\/wp\/v2\/media\/19195"}],"wp:attachment":[{"href":"https:\/\/agora.xtec.cat\/ieslaromanica\/wp-json\/wp\/v2\/media?parent=19186"}],"wp:term":[{"taxonomy":"category","embeddable":true,"href":"https:\/\/agora.xtec.cat\/ieslaromanica\/wp-json\/wp\/v2\/categories?post=19186"},{"taxonomy":"post_tag","embeddable":true,"href":"https:\/\/agora.xtec.cat\/ieslaromanica\/wp-json\/wp\/v2\/tags?post=19186"}],"curies":[{"name":"wp","href":"https:\/\/api.w.org\/{rel}","templated":true}]}}