{"id":19054,"date":"2021-04-29T13:34:39","date_gmt":"2021-04-29T11:34:39","guid":{"rendered":"http:\/\/agora.xtec.cat\/ieslaromanica\/?p=19054"},"modified":"2021-04-29T13:36:12","modified_gmt":"2021-04-29T11:36:12","slug":"el-sant-jordi-mes-cultural-i-popular","status":"publish","type":"post","link":"https:\/\/agora.xtec.cat\/ieslaromanica\/general\/el-sant-jordi-mes-cultural-i-popular\/","title":{"rendered":"El Sant Jordi m\u00e9s cultural i popular"},"content":{"rendered":"<p><a href=\"https:\/\/agora.xtec.cat\/ieslaromanica\/wp-content\/uploads\/usu857\/2021\/03\/Cartell-Sant-Jordi-Difusi\u00f3.jpg\"><img loading=\"lazy\" decoding=\"async\" class=\"alignnone  wp-image-18896\" src=\"https:\/\/agora.xtec.cat\/ieslaromanica\/wp-content\/uploads\/usu857\/2021\/03\/Cartell-Sant-Jordi-Difusi\u00f3.jpg\" alt=\"\" width=\"534\" height=\"377\" srcset=\"https:\/\/agora.xtec.cat\/ieslaromanica\/wp-content\/uploads\/usu857\/2021\/03\/Cartell-Sant-Jordi-Difusi\u00f3.jpg 1755w, https:\/\/agora.xtec.cat\/ieslaromanica\/wp-content\/uploads\/usu857\/2021\/03\/Cartell-Sant-Jordi-Difusi\u00f3-300x212.jpg 300w, https:\/\/agora.xtec.cat\/ieslaromanica\/wp-content\/uploads\/usu857\/2021\/03\/Cartell-Sant-Jordi-Difusi\u00f3-768x543.jpg 768w, https:\/\/agora.xtec.cat\/ieslaromanica\/wp-content\/uploads\/usu857\/2021\/03\/Cartell-Sant-Jordi-Difusi\u00f3-1024x724.jpg 1024w\" sizes=\"auto, (max-width: 534px) 100vw, 534px\" \/><\/a><\/p>\n<p style=\"text-align: justify;\">L&#8217;Institut La Rom\u00e0nica aposta des de fa anys per la Cultura Popular com a eina educativa i transformadora de la societat. El projecte, encetat el curs 2017-2018, ha anat evolucionant i enguany comptem amb una assignatura de Cultura Popular, comuna a tot el nivell de 1r d&#8217;ESO (m\u00e9s de 150 estudiants, repartits en 7 grups).<\/p>\n<p style=\"text-align: justify;\">El passat dissabte 24 d&#8217;abril v\u00e0rem fer una Mostra Cultural amb motiu de la Diada de Sant Jordi i del Dia Internacional de la Dansa. Tot plegat, amb la participaci\u00f3 d&#8217;aquest alumnat de 1r d&#8217;ESO. Una jornada on les fam\u00edlies van poder venir al centre per primer cop i veure en primera persona qu\u00e8 fan les seves filles i fills a l&#8217;assignatura de Cultura Popular. Sempre amb totes les mesures sanit\u00e0ries corresponents per complir amb la normativa vigent i evitar la propagaci\u00f3 de la COVID19.<\/p>\n<p style=\"text-align: justify;\">A l&#8217;acte van assistir fam\u00edlies de l&#8217;alumnat, aix\u00ed com representants de l&#8217;Associaci\u00f3 de Ve\u00efns del Barri de La Rom\u00e0nica i l&#8217;AMPA. Tamb\u00e9 van assistir a l&#8217;esdeveniment representants de l&#8217;administraci\u00f3 local i la cultura popular de Barber\u00e0 del Vall\u00e8s; encap\u00e7alades pel Sr. Joan M\u00fa\u00f1oz Altimira -regidor de Cultura-, el\u00a0Sr. Daniel Gonz\u00e1lez Cabrera -regidor d&#8217;Educaci\u00f3-, la\u00a0Sra. M\u00f2nica Sempere Creus -regidora del barri de La Rom\u00e0nica-, i les regidores\u00a0Sra. Elena Ordaz Machado i\u00a0Sr. Pere Pubill i Linares.<\/p>\n<p style=\"text-align: justify;\">Gr\u00e0cies a totes les persones que fan i feu possible aquest projecte. Esperem que us agradi aquest petit v\u00eddeo resum de la jornada.<\/p>\n<p>&nbsp;<\/p>\n<h5 style=\"text-align: justify;\"><a href=\"https:\/\/www.youtube.com\/watch?v=fguYATS2S-4\"><strong>Mostra Cultural Diada de Sant Jordi 2021 (clica)<\/strong><\/a><\/h5>\n<p>&nbsp;<\/p>\n<h4 style=\"text-align: justify;\"><b>VISCA LA CULTURA POPULAR I VISCA L&#8217;INSTITUT LA ROM\u00c0NICA!<\/b><\/h4>\n","protected":false},"excerpt":{"rendered":"<p><a href=\"https:\/\/agora.xtec.cat\/ieslaromanica\/wp-content\/uploads\/usu857\/2021\/03\/Cartell-Sant-Jordi-Difusi\u00f3.jpg\"><\/a><br \/>\nL&#8217;Institut La Rom\u00e0nica aposta des de fa anys per la Cultura Popular com a eina educativa i transformadora de la societat. El projecte, encetat el curs 2017-2018, ha anat evolucionant i enguany comptem amb una assignatura de Cultura Popular, comuna a tot el nivell&hellip;  <a href=\"https:\/\/agora.xtec.cat\/ieslaromanica\/general\/el-sant-jordi-mes-cultural-i-popular\/\" title=\"Read El Sant Jordi m\u00e9s cultural i popular\">Llegeix m\u00e9s\u00bb<\/a><\/p>\n","protected":false},"author":3,"featured_media":18896,"comment_status":"open","ping_status":"closed","sticky":false,"template":"","format":"standard","meta":{"_bbp_topic_count":0,"_bbp_reply_count":0,"_bbp_total_topic_count":0,"_bbp_total_reply_count":0,"_bbp_voice_count":0,"_bbp_anonymous_reply_count":0,"_bbp_topic_count_hidden":0,"_bbp_reply_count_hidden":0,"_bbp_forum_subforum_count":0,"footnotes":""},"categories":[314,31,3,1,29],"tags":[159,343,304,311,38],"class_list":["post-19054","post","type-post","status-publish","format-standard","has-post-thumbnail","hentry","category-activitats-extraescolars","category-afa","category-eso","category-general","category-portada","tag-activitats-extraescolars","tag-curs-2020-2021","tag-extraescolars","tag-projecte-cultura-popular","tag-sant-jordi"],"post_mailing_queue_ids":[],"_links":{"self":[{"href":"https:\/\/agora.xtec.cat\/ieslaromanica\/wp-json\/wp\/v2\/posts\/19054","targetHints":{"allow":["GET"]}}],"collection":[{"href":"https:\/\/agora.xtec.cat\/ieslaromanica\/wp-json\/wp\/v2\/posts"}],"about":[{"href":"https:\/\/agora.xtec.cat\/ieslaromanica\/wp-json\/wp\/v2\/types\/post"}],"author":[{"embeddable":true,"href":"https:\/\/agora.xtec.cat\/ieslaromanica\/wp-json\/wp\/v2\/users\/3"}],"replies":[{"embeddable":true,"href":"https:\/\/agora.xtec.cat\/ieslaromanica\/wp-json\/wp\/v2\/comments?post=19054"}],"version-history":[{"count":3,"href":"https:\/\/agora.xtec.cat\/ieslaromanica\/wp-json\/wp\/v2\/posts\/19054\/revisions"}],"predecessor-version":[{"id":19062,"href":"https:\/\/agora.xtec.cat\/ieslaromanica\/wp-json\/wp\/v2\/posts\/19054\/revisions\/19062"}],"wp:featuredmedia":[{"embeddable":true,"href":"https:\/\/agora.xtec.cat\/ieslaromanica\/wp-json\/wp\/v2\/media\/18896"}],"wp:attachment":[{"href":"https:\/\/agora.xtec.cat\/ieslaromanica\/wp-json\/wp\/v2\/media?parent=19054"}],"wp:term":[{"taxonomy":"category","embeddable":true,"href":"https:\/\/agora.xtec.cat\/ieslaromanica\/wp-json\/wp\/v2\/categories?post=19054"},{"taxonomy":"post_tag","embeddable":true,"href":"https:\/\/agora.xtec.cat\/ieslaromanica\/wp-json\/wp\/v2\/tags?post=19054"}],"curies":[{"name":"wp","href":"https:\/\/api.w.org\/{rel}","templated":true}]}}