{"id":19027,"date":"2021-04-27T20:34:35","date_gmt":"2021-04-27T18:34:35","guid":{"rendered":"http:\/\/agora.xtec.cat\/ieslaromanica\/?p=19027"},"modified":"2021-04-27T21:04:53","modified_gmt":"2021-04-27T19:04:53","slug":"fotografies-premiades-i-exposicio-cfm","status":"publish","type":"post","link":"https:\/\/agora.xtec.cat\/ieslaromanica\/general\/fotografies-premiades-i-exposicio-cfm\/","title":{"rendered":"Fotografies premiades i Exposici\u00f3 CFM"},"content":{"rendered":"<p>Aquest any, el <strong>Concurs de Fotografia Matem\u00e0tica (CFM)<\/strong> ha rebut una gran acollida amb una participaci\u00f3 record fins al dia d&#8217;avui. Cal dir que, com a novetat, el concurs s&#8217;ha obert tamb\u00e9 a les fam\u00edlies dels alumnes en la categoria de PROF (professorat i Pas).<\/p>\n<p>El Departament de Matem\u00e0tiques ha volgut donar a con\u00e8ixer a tota la comunitat educativa les fotografies presentades en les diferents categories muntant una exposici\u00f3 a la Planta Baixa del centre.<\/p>\n<table style=\"width: 599px;\">\n<tbody>\n<tr>\n<td style=\"width: 299.091px;\"><a href=\"https:\/\/agora.xtec.cat\/ieslaromanica\/wp-content\/uploads\/usu857\/2021\/04\/IMG_20210426_130639-expo.jpg\"><img loading=\"lazy\" decoding=\"async\" class=\"aligncenter size-large wp-image-19030\" src=\"https:\/\/agora.xtec.cat\/ieslaromanica\/wp-content\/uploads\/usu857\/2021\/04\/IMG_20210426_130639-expo-1024x769.jpg\" alt=\"\" width=\"1024\" height=\"769\" srcset=\"https:\/\/agora.xtec.cat\/ieslaromanica\/wp-content\/uploads\/usu857\/2021\/04\/IMG_20210426_130639-expo-1024x769.jpg 1024w, https:\/\/agora.xtec.cat\/ieslaromanica\/wp-content\/uploads\/usu857\/2021\/04\/IMG_20210426_130639-expo-300x225.jpg 300w, https:\/\/agora.xtec.cat\/ieslaromanica\/wp-content\/uploads\/usu857\/2021\/04\/IMG_20210426_130639-expo-768x577.jpg 768w, https:\/\/agora.xtec.cat\/ieslaromanica\/wp-content\/uploads\/usu857\/2021\/04\/IMG_20210426_130639-expo-200x150.jpg 200w\" sizes=\"auto, (max-width: 1024px) 100vw, 1024px\" \/><\/a><\/td>\n<td style=\"width: 291.818px;\"><a href=\"https:\/\/agora.xtec.cat\/ieslaromanica\/wp-content\/uploads\/usu857\/2021\/04\/IMG_20210426_130650-expo.jpg\"><img loading=\"lazy\" decoding=\"async\" class=\"aligncenter size-large wp-image-19031\" src=\"https:\/\/agora.xtec.cat\/ieslaromanica\/wp-content\/uploads\/usu857\/2021\/04\/IMG_20210426_130650-expo-1024x769.jpg\" alt=\"\" width=\"1024\" height=\"769\" srcset=\"https:\/\/agora.xtec.cat\/ieslaromanica\/wp-content\/uploads\/usu857\/2021\/04\/IMG_20210426_130650-expo-1024x769.jpg 1024w, https:\/\/agora.xtec.cat\/ieslaromanica\/wp-content\/uploads\/usu857\/2021\/04\/IMG_20210426_130650-expo-300x225.jpg 300w, https:\/\/agora.xtec.cat\/ieslaromanica\/wp-content\/uploads\/usu857\/2021\/04\/IMG_20210426_130650-expo-768x577.jpg 768w, https:\/\/agora.xtec.cat\/ieslaromanica\/wp-content\/uploads\/usu857\/2021\/04\/IMG_20210426_130650-expo-200x150.jpg 200w\" sizes=\"auto, (max-width: 1024px) 100vw, 1024px\" \/><\/a><\/td>\n<\/tr>\n<\/tbody>\n<\/table>\n<p>Aix\u00ed, ja podem veure tamb\u00e9 les fotografies dels guardonats que van rebre el seu diploma en la celebraci\u00f3 de la diada de Sant Jordi. Recordem els guanyadors: Categoria ESO 12: J\u00falia Fern\u00e1ndez, 1rE \/\u00a0 Categoria ESO 34: Emma Aranda, 3rC \/ Categoria ESPO: Dana Vicente, B2A \/ Categoria PROF: Montse Vazquez, mare d&#8217;alumne de 4t ESO.<\/p>\n<table style=\"width: 600px;\">\n<tbody>\n<tr>\n<td style=\"width: 296.364px;\"><a href=\"https:\/\/agora.xtec.cat\/ieslaromanica\/wp-content\/uploads\/usu857\/2021\/04\/InShot_20210419_081431054-2mg.jpg\"><img loading=\"lazy\" decoding=\"async\" class=\"aligncenter size-large wp-image-19033\" src=\"https:\/\/agora.xtec.cat\/ieslaromanica\/wp-content\/uploads\/usu857\/2021\/04\/InShot_20210419_081431054-2mg-1024x1024.jpg\" alt=\"\" width=\"1024\" height=\"1024\" srcset=\"https:\/\/agora.xtec.cat\/ieslaromanica\/wp-content\/uploads\/usu857\/2021\/04\/InShot_20210419_081431054-2mg-1024x1024.jpg 1024w, https:\/\/agora.xtec.cat\/ieslaromanica\/wp-content\/uploads\/usu857\/2021\/04\/InShot_20210419_081431054-2mg-150x150.jpg 150w, https:\/\/agora.xtec.cat\/ieslaromanica\/wp-content\/uploads\/usu857\/2021\/04\/InShot_20210419_081431054-2mg-300x300.jpg 300w, https:\/\/agora.xtec.cat\/ieslaromanica\/wp-content\/uploads\/usu857\/2021\/04\/InShot_20210419_081431054-2mg-768x768.jpg 768w, https:\/\/agora.xtec.cat\/ieslaromanica\/wp-content\/uploads\/usu857\/2021\/04\/InShot_20210419_081431054-2mg.jpg 1913w\" sizes=\"auto, (max-width: 1024px) 100vw, 1024px\" \/><\/a><\/td>\n<td style=\"width: 296.364px;\"><a href=\"https:\/\/agora.xtec.cat\/ieslaromanica\/wp-content\/uploads\/usu857\/2021\/04\/InShot_20210419_082402334-2mg.jpg\"><img loading=\"lazy\" decoding=\"async\" class=\"aligncenter size-large wp-image-19034\" src=\"https:\/\/agora.xtec.cat\/ieslaromanica\/wp-content\/uploads\/usu857\/2021\/04\/InShot_20210419_082402334-2mg-1024x1024.jpg\" alt=\"\" width=\"1024\" height=\"1024\" srcset=\"https:\/\/agora.xtec.cat\/ieslaromanica\/wp-content\/uploads\/usu857\/2021\/04\/InShot_20210419_082402334-2mg-1024x1024.jpg 1024w, https:\/\/agora.xtec.cat\/ieslaromanica\/wp-content\/uploads\/usu857\/2021\/04\/InShot_20210419_082402334-2mg-150x150.jpg 150w, https:\/\/agora.xtec.cat\/ieslaromanica\/wp-content\/uploads\/usu857\/2021\/04\/InShot_20210419_082402334-2mg-300x300.jpg 300w, https:\/\/agora.xtec.cat\/ieslaromanica\/wp-content\/uploads\/usu857\/2021\/04\/InShot_20210419_082402334-2mg-768x768.jpg 768w, https:\/\/agora.xtec.cat\/ieslaromanica\/wp-content\/uploads\/usu857\/2021\/04\/InShot_20210419_082402334-2mg.jpg 1874w\" sizes=\"auto, (max-width: 1024px) 100vw, 1024px\" \/><\/a><\/td>\n<\/tr>\n<tr>\n<td style=\"width: 296.364px;\"><a href=\"https:\/\/agora.xtec.cat\/ieslaromanica\/wp-content\/uploads\/usu857\/2021\/04\/InShot_20210418_212443650-2mg.jpg\"><img loading=\"lazy\" decoding=\"async\" class=\"aligncenter size-large wp-image-19032\" src=\"https:\/\/agora.xtec.cat\/ieslaromanica\/wp-content\/uploads\/usu857\/2021\/04\/InShot_20210418_212443650-2mg-1024x1024.jpg\" alt=\"\" width=\"1024\" height=\"1024\" srcset=\"https:\/\/agora.xtec.cat\/ieslaromanica\/wp-content\/uploads\/usu857\/2021\/04\/InShot_20210418_212443650-2mg-1024x1024.jpg 1024w, https:\/\/agora.xtec.cat\/ieslaromanica\/wp-content\/uploads\/usu857\/2021\/04\/InShot_20210418_212443650-2mg-150x150.jpg 150w, https:\/\/agora.xtec.cat\/ieslaromanica\/wp-content\/uploads\/usu857\/2021\/04\/InShot_20210418_212443650-2mg-300x300.jpg 300w, https:\/\/agora.xtec.cat\/ieslaromanica\/wp-content\/uploads\/usu857\/2021\/04\/InShot_20210418_212443650-2mg-768x768.jpg 768w, https:\/\/agora.xtec.cat\/ieslaromanica\/wp-content\/uploads\/usu857\/2021\/04\/InShot_20210418_212443650-2mg.jpg 1772w\" sizes=\"auto, (max-width: 1024px) 100vw, 1024px\" \/><\/a><\/td>\n<td style=\"width: 296.364px;\"><a href=\"https:\/\/agora.xtec.cat\/ieslaromanica\/wp-content\/uploads\/usu857\/2021\/04\/InShot_20210419_082849520-2mg.jpg\"><img loading=\"lazy\" decoding=\"async\" class=\"aligncenter size-large wp-image-19035\" src=\"https:\/\/agora.xtec.cat\/ieslaromanica\/wp-content\/uploads\/usu857\/2021\/04\/InShot_20210419_082849520-2mg-1024x1024.jpg\" alt=\"\" width=\"1024\" height=\"1024\" srcset=\"https:\/\/agora.xtec.cat\/ieslaromanica\/wp-content\/uploads\/usu857\/2021\/04\/InShot_20210419_082849520-2mg-1024x1024.jpg 1024w, https:\/\/agora.xtec.cat\/ieslaromanica\/wp-content\/uploads\/usu857\/2021\/04\/InShot_20210419_082849520-2mg-150x150.jpg 150w, https:\/\/agora.xtec.cat\/ieslaromanica\/wp-content\/uploads\/usu857\/2021\/04\/InShot_20210419_082849520-2mg-300x300.jpg 300w, https:\/\/agora.xtec.cat\/ieslaromanica\/wp-content\/uploads\/usu857\/2021\/04\/InShot_20210419_082849520-2mg-768x768.jpg 768w, https:\/\/agora.xtec.cat\/ieslaromanica\/wp-content\/uploads\/usu857\/2021\/04\/InShot_20210419_082849520-2mg.jpg 1920w\" sizes=\"auto, (max-width: 1024px) 100vw, 1024px\" \/><\/a><\/td>\n<\/tr>\n<\/tbody>\n<\/table>\n<p>Les fotografies dels alumnes guanyadors, s&#8217;han enviat al Concurs de Catalunya organitzat per l&#8217;ABEAM. Els hi desitgem molta sort!<\/p>\n","protected":false},"excerpt":{"rendered":"<p>Aquest any, el Concurs de Fotografia Matem\u00e0tica (CFM) ha rebut una gran acollida amb una participaci\u00f3 record fins al dia d&#8217;avui. Cal dir que, com a novetat, el concurs s&#8217;ha obert tamb\u00e9 a les fam\u00edlies dels alumnes en la categoria de PROF (professorat i Pas).<br \/>\nEl&hellip;  <a href=\"https:\/\/agora.xtec.cat\/ieslaromanica\/general\/fotografies-premiades-i-exposicio-cfm\/\" title=\"Read Fotografies premiades i Exposici\u00f3 CFM\">Llegeix m\u00e9s\u00bb<\/a><\/p>\n","protected":false},"author":6,"featured_media":19042,"comment_status":"open","ping_status":"closed","sticky":false,"template":"","format":"standard","meta":{"_bbp_topic_count":0,"_bbp_reply_count":0,"_bbp_total_topic_count":0,"_bbp_total_reply_count":0,"_bbp_voice_count":0,"_bbp_anonymous_reply_count":0,"_bbp_topic_count_hidden":0,"_bbp_reply_count_hidden":0,"_bbp_forum_subforum_count":0,"footnotes":""},"categories":[1,29],"tags":[340,343,205,252],"class_list":["post-19027","post","type-post","status-publish","format-standard","has-post-thumbnail","hentry","category-general","category-portada","tag-concurs-fotografia-matematica","tag-curs-2020-2021","tag-departament-de-matematiques","tag-exposicions"],"post_mailing_queue_ids":[],"_links":{"self":[{"href":"https:\/\/agora.xtec.cat\/ieslaromanica\/wp-json\/wp\/v2\/posts\/19027","targetHints":{"allow":["GET"]}}],"collection":[{"href":"https:\/\/agora.xtec.cat\/ieslaromanica\/wp-json\/wp\/v2\/posts"}],"about":[{"href":"https:\/\/agora.xtec.cat\/ieslaromanica\/wp-json\/wp\/v2\/types\/post"}],"author":[{"embeddable":true,"href":"https:\/\/agora.xtec.cat\/ieslaromanica\/wp-json\/wp\/v2\/users\/6"}],"replies":[{"embeddable":true,"href":"https:\/\/agora.xtec.cat\/ieslaromanica\/wp-json\/wp\/v2\/comments?post=19027"}],"version-history":[{"count":3,"href":"https:\/\/agora.xtec.cat\/ieslaromanica\/wp-json\/wp\/v2\/posts\/19027\/revisions"}],"predecessor-version":[{"id":19040,"href":"https:\/\/agora.xtec.cat\/ieslaromanica\/wp-json\/wp\/v2\/posts\/19027\/revisions\/19040"}],"wp:featuredmedia":[{"embeddable":true,"href":"https:\/\/agora.xtec.cat\/ieslaromanica\/wp-json\/wp\/v2\/media\/19042"}],"wp:attachment":[{"href":"https:\/\/agora.xtec.cat\/ieslaromanica\/wp-json\/wp\/v2\/media?parent=19027"}],"wp:term":[{"taxonomy":"category","embeddable":true,"href":"https:\/\/agora.xtec.cat\/ieslaromanica\/wp-json\/wp\/v2\/categories?post=19027"},{"taxonomy":"post_tag","embeddable":true,"href":"https:\/\/agora.xtec.cat\/ieslaromanica\/wp-json\/wp\/v2\/tags?post=19027"}],"curies":[{"name":"wp","href":"https:\/\/api.w.org\/{rel}","templated":true}]}}