{"id":18965,"date":"2021-04-06T18:47:10","date_gmt":"2021-04-06T16:47:10","guid":{"rendered":"http:\/\/agora.xtec.cat\/ieslaromanica\/?p=18965"},"modified":"2021-04-06T18:50:09","modified_gmt":"2021-04-06T16:50:09","slug":"campanya-de-donacio-de-sang","status":"publish","type":"post","link":"https:\/\/agora.xtec.cat\/ieslaromanica\/general\/campanya-de-donacio-de-sang\/","title":{"rendered":"Campanya de donaci\u00f3 de SANG"},"content":{"rendered":"<p><a href=\"https:\/\/agora.xtec.cat\/ieslaromanica\/wp-content\/uploads\/usu857\/2021\/04\/Campanya-de-donacio\u0301-de-sang_page-0001.jpg\"><img loading=\"lazy\" decoding=\"async\" class=\"alignnone wp-image-18968\" src=\"https:\/\/agora.xtec.cat\/ieslaromanica\/wp-content\/uploads\/usu857\/2021\/04\/Campanya-de-donacio\u0301-de-sang_page-0001.jpg\" alt=\"\" width=\"766\" height=\"1084\" srcset=\"https:\/\/agora.xtec.cat\/ieslaromanica\/wp-content\/uploads\/usu857\/2021\/04\/Campanya-de-donacio\u0301-de-sang_page-0001.jpg 1752w, https:\/\/agora.xtec.cat\/ieslaromanica\/wp-content\/uploads\/usu857\/2021\/04\/Campanya-de-donacio\u0301-de-sang_page-0001-212x300.jpg 212w, https:\/\/agora.xtec.cat\/ieslaromanica\/wp-content\/uploads\/usu857\/2021\/04\/Campanya-de-donacio\u0301-de-sang_page-0001-768x1087.jpg 768w, https:\/\/agora.xtec.cat\/ieslaromanica\/wp-content\/uploads\/usu857\/2021\/04\/Campanya-de-donacio\u0301-de-sang_page-0001-723x1024.jpg 723w\" sizes=\"auto, (max-width: 766px) 100vw, 766px\" \/><\/a><\/p>\n<p style=\"text-align: justify;\">Els dies 15 i 16 d&#8217;abril de 2021 tindr\u00e0 lloc la primera campanya de donaci\u00f3 de sang que farem a l&#8217;Institut La Rom\u00e0nica, amb la ajuda imprescindible del Banc de Sang i Teixits (BST). La donaci\u00f3 tindr\u00e0 lloc de 10 a 14 i de 17 a 21 hores a una carpa que s&#8217;instal\u00b7lar\u00e0 a l&#8217;aparcament de l&#8217;institut.<\/p>\n<p style=\"text-align: justify;\">Des de Cicles Formatius porten ja un parell de mesos treballant intensament en aquesta activitat a diferents nivells amb el conjunt de l&#8217;alumnat del centre.<\/p>\n<p style=\"text-align: justify;\">Des d&#8217;aqu\u00ed volem agrair a la Cristina Garcia Carreira, alumna de 2n curs del Cicle Formatiu de Grau Superior de Laboratori d&#8217;An\u00e0lisi i Control de Qualitat, la il\u00b7lustraci\u00f3 realitzada per al cartell de la campanya.<\/p>\n<p style=\"text-align: justify;\">Esperem que la campanya sigui tot un \u00e8xit i que pugui esdevenir una activitat amb una periodicitat biannual, com a m\u00ednim, dins de l&#8217;institut, per promoure la concienciaci\u00f3 i import\u00e0ncia de la donaci\u00f3 de sang entre tota la comunitat educativa.<\/p>\n<p>Recordeu que moltes seran les persones es beneficiaran de la vostra col\u00b7laboraci\u00f3.<\/p>\n<h4>&#8220;Uns instants per a tu, una vida per a mi&#8221;<\/h4>\n<h5>Dona el millor de tu, dona sang. No t&#8217;ho pensis!<\/h5>\n<p>&nbsp;<\/p>\n","protected":false},"excerpt":{"rendered":"<p><a href=\"https:\/\/agora.xtec.cat\/ieslaromanica\/wp-content\/uploads\/usu857\/2021\/04\/Campanya-de-donacio\u0301-de-sang_page-0001.jpg\"><\/a><br \/>\nEls dies 15 i 16 d&#8217;abril de 2021 tindr\u00e0 lloc la primera campanya de donaci\u00f3 de sang que farem a l&#8217;Institut La Rom\u00e0nica, amb la ajuda imprescindible del Banc de Sang i Teixits (BST). La donaci\u00f3 tindr\u00e0 lloc de 10 a 14 i de&hellip;  <a href=\"https:\/\/agora.xtec.cat\/ieslaromanica\/general\/campanya-de-donacio-de-sang\/\" title=\"Read Campanya de donaci\u00f3 de SANG\">Llegeix m\u00e9s\u00bb<\/a><\/p>\n","protected":false},"author":3,"featured_media":18968,"comment_status":"open","ping_status":"closed","sticky":false,"template":"","format":"standard","meta":{"_bbp_topic_count":0,"_bbp_reply_count":0,"_bbp_total_topic_count":0,"_bbp_total_reply_count":0,"_bbp_voice_count":0,"_bbp_anonymous_reply_count":0,"_bbp_topic_count_hidden":0,"_bbp_reply_count_hidden":0,"_bbp_forum_subforum_count":0,"footnotes":""},"categories":[30,1,29],"tags":[351,343],"class_list":["post-18965","post","type-post","status-publish","format-standard","has-post-thumbnail","hentry","category-cicles-formatius","category-general","category-portada","tag-campanya-de-donacio-de-sang","tag-curs-2020-2021"],"post_mailing_queue_ids":[],"_links":{"self":[{"href":"https:\/\/agora.xtec.cat\/ieslaromanica\/wp-json\/wp\/v2\/posts\/18965","targetHints":{"allow":["GET"]}}],"collection":[{"href":"https:\/\/agora.xtec.cat\/ieslaromanica\/wp-json\/wp\/v2\/posts"}],"about":[{"href":"https:\/\/agora.xtec.cat\/ieslaromanica\/wp-json\/wp\/v2\/types\/post"}],"author":[{"embeddable":true,"href":"https:\/\/agora.xtec.cat\/ieslaromanica\/wp-json\/wp\/v2\/users\/3"}],"replies":[{"embeddable":true,"href":"https:\/\/agora.xtec.cat\/ieslaromanica\/wp-json\/wp\/v2\/comments?post=18965"}],"version-history":[{"count":3,"href":"https:\/\/agora.xtec.cat\/ieslaromanica\/wp-json\/wp\/v2\/posts\/18965\/revisions"}],"predecessor-version":[{"id":18972,"href":"https:\/\/agora.xtec.cat\/ieslaromanica\/wp-json\/wp\/v2\/posts\/18965\/revisions\/18972"}],"wp:featuredmedia":[{"embeddable":true,"href":"https:\/\/agora.xtec.cat\/ieslaromanica\/wp-json\/wp\/v2\/media\/18968"}],"wp:attachment":[{"href":"https:\/\/agora.xtec.cat\/ieslaromanica\/wp-json\/wp\/v2\/media?parent=18965"}],"wp:term":[{"taxonomy":"category","embeddable":true,"href":"https:\/\/agora.xtec.cat\/ieslaromanica\/wp-json\/wp\/v2\/categories?post=18965"},{"taxonomy":"post_tag","embeddable":true,"href":"https:\/\/agora.xtec.cat\/ieslaromanica\/wp-json\/wp\/v2\/tags?post=18965"}],"curies":[{"name":"wp","href":"https:\/\/api.w.org\/{rel}","templated":true}]}}