{"id":18899,"date":"2021-03-23T10:11:02","date_gmt":"2021-03-23T09:11:02","guid":{"rendered":"http:\/\/agora.xtec.cat\/ieslaromanica\/?p=18899"},"modified":"2021-03-23T10:11:02","modified_gmt":"2021-03-23T09:11:02","slug":"la-romanica-particip","status":"publish","type":"post","link":"https:\/\/agora.xtec.cat\/ieslaromanica\/general\/la-romanica-particip\/","title":{"rendered":"LA ROM\u00c0NICA PARTICIP@"},"content":{"rendered":"<p>&nbsp;<\/p>\n<p style=\"text-align: justify;\"><a href=\"https:\/\/agora.xtec.cat\/ieslaromanica\/wp-content\/uploads\/usu857\/2021\/03\/CARTELL-LA-ROM\u00c0NICA-PARTICIP@.jpg\"><img loading=\"lazy\" decoding=\"async\" class=\"alignnone wp-image-18900\" src=\"https:\/\/agora.xtec.cat\/ieslaromanica\/wp-content\/uploads\/usu857\/2021\/03\/CARTELL-LA-ROM\u00c0NICA-PARTICIP@.jpg\" alt=\"\" width=\"815\" height=\"1152\" srcset=\"https:\/\/agora.xtec.cat\/ieslaromanica\/wp-content\/uploads\/usu857\/2021\/03\/CARTELL-LA-ROM\u00c0NICA-PARTICIP@.jpg 1241w, https:\/\/agora.xtec.cat\/ieslaromanica\/wp-content\/uploads\/usu857\/2021\/03\/CARTELL-LA-ROM\u00c0NICA-PARTICIP@-212x300.jpg 212w, https:\/\/agora.xtec.cat\/ieslaromanica\/wp-content\/uploads\/usu857\/2021\/03\/CARTELL-LA-ROM\u00c0NICA-PARTICIP@-768x1086.jpg 768w, https:\/\/agora.xtec.cat\/ieslaromanica\/wp-content\/uploads\/usu857\/2021\/03\/CARTELL-LA-ROM\u00c0NICA-PARTICIP@-724x1024.jpg 724w\" sizes=\"auto, (max-width: 815px) 100vw, 815px\" \/><\/a><\/p>\n<p style=\"text-align: justify;\">Avui fem un pas m\u00e9s en el cam\u00ed d&#8217;aconseguir una major participaci\u00f3 i cohesi\u00f3 de la comunitat educativa, en aquest cas amb especial atenci\u00f3 al nostre alumnat.<\/p>\n<p style=\"text-align: justify;\">Us presentem\u00a0<b>LA ROM\u00c0NICA PARTICIP@<\/b>, una l\u00ednia de subvenci\u00f3, dotada amb 500\u20ac per part de l\u2019AMPA de l\u2019Institut La Rom\u00e0nica, que pret\u00e9n ser una eina de treball i cohesi\u00f3 per a la comunitat educativa del centre, a trav\u00e9s del seu alumnat. Si b\u00e9 el centre fa les inversions que es consideren oportunes per al seu millor funcionament, l\u2019alumnat t\u00e9 inquietuds que a vegades \u00e9s complicat recollir a trav\u00e9s del pressupost ordinari o gen\u00e8ric. \u00c9s per aquest motiu, que s\u2019inicia aquest proc\u00e9s de pressupostos participatius amb l\u2019objectiu que el mateix alumnat faci les seves peticions sobre on creu que s\u2019hauria d\u2019invertir aquesta partida de 500\u20ac.<\/p>\n<p style=\"text-align: justify;\">En aquest enlla\u00e7 us adjuntem les<a href=\"https:\/\/agora.xtec.cat\/ieslaromanica\/wp-content\/uploads\/usu857\/2021\/03\/LA-ROM\u00c0NICA-PARTICIP@.pdf\"> bases<\/a> d&#8217;aquesta primera edici\u00f3 de pressupostos participatius per al nostre alumnat i us demanem que feu difusi\u00f3 a trav\u00e9s de totes les vostres classes. Volem que tot estudiant de l&#8217;ESO, Batxillerat, FP i PFI s\u00e0piguen sobre aquest projecte. Volem que participin i presentin els seus projectes.<\/p>\n<p style=\"text-align: justify;\">Les delegades i delegats ja sabien d&#8217;aquesta iniciativa, perqu\u00e8 ja es va plantejar en la darrera reuni\u00f3 del Consell. Ara, demanem especial atenci\u00f3 a les tutores i tutors perqu\u00e8 presentin i recordin el projecte, aix\u00ed com per ajudar en el que creguin i puguin en l&#8217;acompanyament i assessorament a la seva tutoria. De la mateixa manera, demanem a les delegades i delegats que en facin difusi\u00f3 a les seves companyes i companys.<\/p>\n<p style=\"text-align: justify;\">El per\u00edode de presentaci\u00f3 de projectes \u00e9s del 22 de mar\u00e7 al 12 d&#8217;abril, a trav\u00e9s de\u00a0<a href=\"https:\/\/forms.gle\/gD4g3MPvQNYdeSbo7\" target=\"_blank\" rel=\"noopener noreferrer\" data-saferedirecturl=\"https:\/\/www.google.com\/url?q=https:\/\/forms.gle\/gD4g3MPvQNYdeSbo7&amp;source=gmail&amp;ust=1616574455635000&amp;usg=AFQjCNGgucxnQ_1f1rQvmUQn33XTuA_3AQ\">https:\/\/forms.gle\/<wbr \/>gD4g3MPvQNYdeSbo7<\/a><\/p>\n<p style=\"text-align: justify;\">Gr\u00e0cies per la vostra col\u00b7laboraci\u00f3 i, en especial, gr\u00e0cies a l&#8217;AMPA de l&#8217;Institut La Rom\u00e0nica per fer-ho possible, aportant els recursos necessaris per dur a terme aquesta iniciativa mai vista abans!<\/p>\n<div class=\"gmail_default\" style=\"text-align: justify;\">Esperem les vostres propostes!<\/div>\n<div><\/div>\n<div><\/div>\n<div><\/div>\n<h5 class=\"gmail_default\">LA ROM\u00c0NICA PARTICIP@ a trav\u00e9s de totes nosaltres!<\/h5>\n","protected":false},"excerpt":{"rendered":"<p>&nbsp;<br \/>\n<a href=\"https:\/\/agora.xtec.cat\/ieslaromanica\/wp-content\/uploads\/usu857\/2021\/03\/CARTELL-LA-ROM\u00c0NICA-PARTICIP@.jpg\"><\/a><br \/>\nAvui fem un pas m\u00e9s en el cam\u00ed d&#8217;aconseguir una major participaci\u00f3 i cohesi\u00f3 de la comunitat educativa, en aquest cas amb especial atenci\u00f3 al nostre alumnat.<br \/>\nUs presentem\u00a0LA ROM\u00c0NICA PARTICIP@, una l\u00ednia de subvenci\u00f3, dotada amb 500\u20ac per part de l\u2019AMPA de l\u2019Institut La&hellip;  <a href=\"https:\/\/agora.xtec.cat\/ieslaromanica\/general\/la-romanica-particip\/\" title=\"Read LA ROM\u00c0NICA PARTICIP@\">Llegeix m\u00e9s\u00bb<\/a><\/p>\n","protected":false},"author":3,"featured_media":18900,"comment_status":"open","ping_status":"closed","sticky":false,"template":"","format":"standard","meta":{"_bbp_topic_count":0,"_bbp_reply_count":0,"_bbp_total_topic_count":0,"_bbp_total_reply_count":0,"_bbp_voice_count":0,"_bbp_anonymous_reply_count":0,"_bbp_topic_count_hidden":0,"_bbp_reply_count_hidden":0,"_bbp_forum_subforum_count":0,"footnotes":""},"categories":[31,1,29],"tags":[343,349],"class_list":["post-18899","post","type-post","status-publish","format-standard","has-post-thumbnail","hentry","category-afa","category-general","category-portada","tag-curs-2020-2021","tag-pressupostos-participatius"],"post_mailing_queue_ids":[],"_links":{"self":[{"href":"https:\/\/agora.xtec.cat\/ieslaromanica\/wp-json\/wp\/v2\/posts\/18899","targetHints":{"allow":["GET"]}}],"collection":[{"href":"https:\/\/agora.xtec.cat\/ieslaromanica\/wp-json\/wp\/v2\/posts"}],"about":[{"href":"https:\/\/agora.xtec.cat\/ieslaromanica\/wp-json\/wp\/v2\/types\/post"}],"author":[{"embeddable":true,"href":"https:\/\/agora.xtec.cat\/ieslaromanica\/wp-json\/wp\/v2\/users\/3"}],"replies":[{"embeddable":true,"href":"https:\/\/agora.xtec.cat\/ieslaromanica\/wp-json\/wp\/v2\/comments?post=18899"}],"version-history":[{"count":3,"href":"https:\/\/agora.xtec.cat\/ieslaromanica\/wp-json\/wp\/v2\/posts\/18899\/revisions"}],"predecessor-version":[{"id":18907,"href":"https:\/\/agora.xtec.cat\/ieslaromanica\/wp-json\/wp\/v2\/posts\/18899\/revisions\/18907"}],"wp:featuredmedia":[{"embeddable":true,"href":"https:\/\/agora.xtec.cat\/ieslaromanica\/wp-json\/wp\/v2\/media\/18900"}],"wp:attachment":[{"href":"https:\/\/agora.xtec.cat\/ieslaromanica\/wp-json\/wp\/v2\/media?parent=18899"}],"wp:term":[{"taxonomy":"category","embeddable":true,"href":"https:\/\/agora.xtec.cat\/ieslaromanica\/wp-json\/wp\/v2\/categories?post=18899"},{"taxonomy":"post_tag","embeddable":true,"href":"https:\/\/agora.xtec.cat\/ieslaromanica\/wp-json\/wp\/v2\/tags?post=18899"}],"curies":[{"name":"wp","href":"https:\/\/api.w.org\/{rel}","templated":true}]}}