{"id":18895,"date":"2021-03-23T09:54:31","date_gmt":"2021-03-23T08:54:31","guid":{"rendered":"http:\/\/agora.xtec.cat\/ieslaromanica\/?p=18895"},"modified":"2021-03-23T10:06:27","modified_gmt":"2021-03-23T09:06:27","slug":"el-sant-jordi-mes-cultural","status":"publish","type":"post","link":"https:\/\/agora.xtec.cat\/ieslaromanica\/general\/el-sant-jordi-mes-cultural\/","title":{"rendered":"El SANT JORDI m\u00e9s cultural"},"content":{"rendered":"<p><a href=\"https:\/\/agora.xtec.cat\/ieslaromanica\/wp-content\/uploads\/usu857\/2021\/03\/Cartell-Sant-Jordi-Difusi\u00f3.jpg\"><img loading=\"lazy\" decoding=\"async\" class=\"alignnone  wp-image-18896\" src=\"https:\/\/agora.xtec.cat\/ieslaromanica\/wp-content\/uploads\/usu857\/2021\/03\/Cartell-Sant-Jordi-Difusi\u00f3.jpg\" alt=\"\" width=\"945\" height=\"668\" srcset=\"https:\/\/agora.xtec.cat\/ieslaromanica\/wp-content\/uploads\/usu857\/2021\/03\/Cartell-Sant-Jordi-Difusi\u00f3.jpg 1755w, https:\/\/agora.xtec.cat\/ieslaromanica\/wp-content\/uploads\/usu857\/2021\/03\/Cartell-Sant-Jordi-Difusi\u00f3-300x212.jpg 300w, https:\/\/agora.xtec.cat\/ieslaromanica\/wp-content\/uploads\/usu857\/2021\/03\/Cartell-Sant-Jordi-Difusi\u00f3-768x543.jpg 768w, https:\/\/agora.xtec.cat\/ieslaromanica\/wp-content\/uploads\/usu857\/2021\/03\/Cartell-Sant-Jordi-Difusi\u00f3-1024x724.jpg 1024w\" sizes=\"auto, (max-width: 945px) 100vw, 945px\" \/><\/a><\/p>\n<p style=\"text-align: justify;\">L\u2019Institut La Rom\u00e0nica s\u2019ha consolidat com un dels centres de refer\u00e8ncia de Catalunya pel que fa a la inclusi\u00f3 de la cultura popular dins de les seves aules. Enguany, el projecte cultural compta amb una assignatura comuna a totes les classes del nivell de 1r d\u2019ESO. A trav\u00e9s de tot l\u2019alumnat implicat, s\u2019han treballat branques de la cultura popular tals com el Ball de Bastons, el Ball de Pastorets, el Ball de Panderos i el Ball de Faixes.<\/p>\n<p style=\"text-align: justify;\">Amb tota la situaci\u00f3 sanit\u00e0ria i social que ens envolta, \u00e9s complicat que tot el que estan aprenent es pugui veure pels carrers i places de Barber\u00e0 del Vall\u00e8s. Amb la intenci\u00f3 que les fam\u00edlies puguin veure qu\u00e8 s\u2019est\u00e0 fent i puguin gaudir en primera persona del projecte, hem organitzat el Sant Jordi m\u00e9s cultural de la nostra hist\u00f2ria. El proper dissabte 24 d\u2019abril de 2021, tot l\u2019alumnat de 1r d\u2019ESO est\u00e0 convocat a l\u2019Institut La Rom\u00e0nica per fer una mostra cultural [aprofitant la Diada de Sant Jordi del dia anterior] per a totes les fam\u00edlies [de 1r d\u2019ESO] que puguin i vulguin venir a acompanyar-nos.<\/p>\n<p style=\"text-align: justify;\">Teniu tota la informaci\u00f3 en aquest <a href=\"https:\/\/agora.xtec.cat\/ieslaromanica\/wp-content\/uploads\/usu857\/2021\/03\/El-Sant-Jordi-m\u00e9s-cultural.pdf\">document pdf. adjunt<\/a><\/p>\n<p style=\"text-align: justify;\">Gr\u00e0cies per la vostra col\u00b7laboraci\u00f3 i esperem que us il\u00b7lusioni tant com a nosaltres poder organitzar aquest esdeveniment.<\/p>\n<p style=\"text-align: justify;\">Si ets fam\u00edlia del nostre alumnat de 1r d\u2019ESO, el 24 d\u2019abril de 2021 vine a gaudir de la Mostra Cultural de l\u2019Institut La Rom\u00e0nica!<\/p>\n<ul>\n<li style=\"text-align: justify;\">11:00h. Inici de la primera mostra cultural. Agafa la teva entrada [gratu\u00efta] a:\u00a0<a href=\"http:\/\/entrapol.is\/CSVvy\" target=\"_blank\" rel=\"noopener noreferrer\" data-saferedirecturl=\"https:\/\/www.google.com\/url?q=http:\/\/entrapol.is\/CSVvy&amp;source=gmail&amp;ust=1616574815318000&amp;usg=AFQjCNESE9TFGS2u0X_stQ_-SdpIRlZBCQ\">http:\/\/entrapol.is\/CSVvy<\/a><\/li>\n<li style=\"text-align: justify;\">12:00h. Inici de la segona mostra cultural. Agafa la teva entrada [gratu\u00efta] a:\u00a0<a href=\"http:\/\/entrapol.is\/xjlW6\" target=\"_blank\" rel=\"noopener noreferrer\" data-saferedirecturl=\"https:\/\/www.google.com\/url?q=http:\/\/entrapol.is\/xjlW6&amp;source=gmail&amp;ust=1616574815318000&amp;usg=AFQjCNEt9fs2GSFRXr1c0K3ouzZL04rhbw\">http:\/\/entrapol.is\/xjlW6<\/a><\/li>\n<\/ul>\n<div class=\"gmail_default\"><\/div>\n<h5 class=\"gmail_default\"><b>CONSTRU\u00cfM CULTURA. CONSTRU\u00cfM ROM\u00c0NICA.<\/b><\/h5>\n","protected":false},"excerpt":{"rendered":"<p><a href=\"https:\/\/agora.xtec.cat\/ieslaromanica\/wp-content\/uploads\/usu857\/2021\/03\/Cartell-Sant-Jordi-Difusi\u00f3.jpg\"><\/a><br \/>\nL\u2019Institut La Rom\u00e0nica s\u2019ha consolidat com un dels centres de refer\u00e8ncia de Catalunya pel que fa a la inclusi\u00f3 de la cultura popular dins de les seves aules. Enguany, el projecte cultural compta amb una assignatura comuna a totes les classes del nivell de&hellip;  <a href=\"https:\/\/agora.xtec.cat\/ieslaromanica\/general\/el-sant-jordi-mes-cultural\/\" title=\"Read El SANT JORDI m\u00e9s cultural\">Llegeix m\u00e9s\u00bb<\/a><\/p>\n","protected":false},"author":3,"featured_media":18896,"comment_status":"open","ping_status":"closed","sticky":false,"template":"","format":"standard","meta":{"_bbp_topic_count":0,"_bbp_reply_count":0,"_bbp_total_topic_count":0,"_bbp_total_reply_count":0,"_bbp_voice_count":0,"_bbp_anonymous_reply_count":0,"_bbp_topic_count_hidden":0,"_bbp_reply_count_hidden":0,"_bbp_forum_subforum_count":0,"footnotes":""},"categories":[314,31,1,29],"tags":[159,343,38],"class_list":["post-18895","post","type-post","status-publish","format-standard","has-post-thumbnail","hentry","category-activitats-extraescolars","category-afa","category-general","category-portada","tag-activitats-extraescolars","tag-curs-2020-2021","tag-sant-jordi"],"post_mailing_queue_ids":[],"_links":{"self":[{"href":"https:\/\/agora.xtec.cat\/ieslaromanica\/wp-json\/wp\/v2\/posts\/18895","targetHints":{"allow":["GET"]}}],"collection":[{"href":"https:\/\/agora.xtec.cat\/ieslaromanica\/wp-json\/wp\/v2\/posts"}],"about":[{"href":"https:\/\/agora.xtec.cat\/ieslaromanica\/wp-json\/wp\/v2\/types\/post"}],"author":[{"embeddable":true,"href":"https:\/\/agora.xtec.cat\/ieslaromanica\/wp-json\/wp\/v2\/users\/3"}],"replies":[{"embeddable":true,"href":"https:\/\/agora.xtec.cat\/ieslaromanica\/wp-json\/wp\/v2\/comments?post=18895"}],"version-history":[{"count":3,"href":"https:\/\/agora.xtec.cat\/ieslaromanica\/wp-json\/wp\/v2\/posts\/18895\/revisions"}],"predecessor-version":[{"id":18903,"href":"https:\/\/agora.xtec.cat\/ieslaromanica\/wp-json\/wp\/v2\/posts\/18895\/revisions\/18903"}],"wp:featuredmedia":[{"embeddable":true,"href":"https:\/\/agora.xtec.cat\/ieslaromanica\/wp-json\/wp\/v2\/media\/18896"}],"wp:attachment":[{"href":"https:\/\/agora.xtec.cat\/ieslaromanica\/wp-json\/wp\/v2\/media?parent=18895"}],"wp:term":[{"taxonomy":"category","embeddable":true,"href":"https:\/\/agora.xtec.cat\/ieslaromanica\/wp-json\/wp\/v2\/categories?post=18895"},{"taxonomy":"post_tag","embeddable":true,"href":"https:\/\/agora.xtec.cat\/ieslaromanica\/wp-json\/wp\/v2\/tags?post=18895"}],"curies":[{"name":"wp","href":"https:\/\/api.w.org\/{rel}","templated":true}]}}