{"id":18861,"date":"2021-03-17T17:31:45","date_gmt":"2021-03-17T16:31:45","guid":{"rendered":"http:\/\/agora.xtec.cat\/ieslaromanica\/?p=18861"},"modified":"2021-03-24T19:04:52","modified_gmt":"2021-03-24T18:04:52","slug":"concurs-literari-sant-jordi-2021","status":"publish","type":"post","link":"https:\/\/agora.xtec.cat\/ieslaromanica\/general\/concurs-literari-sant-jordi-2021\/","title":{"rendered":"Concurs literari Sant Jordi 2021"},"content":{"rendered":"<table style=\"width: 600px; height: 1190px;\">\n<tbody>\n<tr style=\"height: 161px;\">\n<td style=\"width: 594px; height: 161px;\"><img loading=\"lazy\" decoding=\"async\" class=\"aligncenter size-large wp-image-18865\" src=\"https:\/\/agora.xtec.cat\/ieslaromanica\/wp-content\/uploads\/usu857\/2021\/03\/Sant-Jordi-2021-1024x256.jpg\" alt=\"\" width=\"1024\" height=\"256\" srcset=\"https:\/\/agora.xtec.cat\/ieslaromanica\/wp-content\/uploads\/usu857\/2021\/03\/Sant-Jordi-2021-1024x256.jpg 1024w, https:\/\/agora.xtec.cat\/ieslaromanica\/wp-content\/uploads\/usu857\/2021\/03\/Sant-Jordi-2021-300x75.jpg 300w, https:\/\/agora.xtec.cat\/ieslaromanica\/wp-content\/uploads\/usu857\/2021\/03\/Sant-Jordi-2021-768x192.jpg 768w\" sizes=\"auto, (max-width: 1024px) 100vw, 1024px\" \/><\/td>\n<\/tr>\n<tr style=\"height: 49px;\">\n<td style=\"width: 594px; height: 49px;\">Els Departaments de Lleng\u00fces (anglesa, alemanya, catalana i castellana) convoquem el Certamen Literari de Sant Jordi, d\u2019acord amb les bases seg\u00fcents:<\/td>\n<\/tr>\n<tr style=\"height: 49px;\">\n<td style=\"width: 594px; height: 49px;\">1. Podran participar-hi els\/les alumnes, el professorat, el PAS del centre i els pares i mares dels nostre alumnat.<\/td>\n<\/tr>\n<tr style=\"height: 239px;\">\n<td style=\"width: 594px; height: 239px;\">2. Els treballs poden ser en catal\u00e0. castell\u00e0. angl\u00e8s i\/o alemany. Categories:<\/p>\n<p><strong>a.\u00a0\u00a0NARRATIVA:<\/strong> L\u2019extensi\u00f3 m\u00e0xima dels treballs ha de ser de 6 planes, 6 fulls per una cara o 3 fulls per 2 cares.<\/p>\n<p><strong>b. POESIA<\/strong><\/p>\n<p><strong>c. MICRORELATS:<\/strong>\u00a0 400 car\u00e0cters m\u00e0xim ( amb el t\u00edtol i espais inclosos ).<\/p>\n<p><strong>d.\u00a0VIDEOCLIPS\u00a0I\u00a0CURMETRATGES:<\/strong> m\u00e0xim 4 minuts.<\/td>\n<\/tr>\n<tr style=\"height: 119px;\">\n<td style=\"width: 594px; height: 119px;\">\n<ol start=\"3\">\n<li>Les categories s\u00f3n les seg\u00fcents:<\/li>\n<\/ol>\n<p>Grup A: 1r cicle ESO &#8211; Grup B: 2n cicle ESO &#8211; Grup C: Batxillerat &#8211; Grup D: Cicles Formatius &#8211; Grup E: Pares i Mares, Professorat i Pas.<\/td>\n<\/tr>\n<tr style=\"height: 65px;\">\n<td style=\"width: 594px; height: 65px; text-align: justify;\">4. S\u2019hauran de presentar amb ordinador. El\/la concursant escriur\u00e0 el pseud\u00f2nim, la categoria, el grup al qual es presenta. En un sobre tancat, far\u00e0 constar el t\u00edtol, el pseud\u00f2nim, el curs, el nom i els cognoms.<\/td>\n<\/tr>\n<tr style=\"height: 80px;\">\n<td style=\"width: 594px; height: 80px; text-align: justify;\">5. L&#8217;alumnat ha de lliurar els treballs als professors\/es de la llengua corresponent fins el dimecres 7 d\u2019abril de 2021. Els pares i mares poden deixar-los a Secretaria, deixant const\u00e0ncia de la llengua que han utilitzat.<\/td>\n<\/tr>\n<tr style=\"height: 49px;\">\n<td style=\"width: 594px; height: 49px;\">6. Els treballs de tema lliure, originals i in\u00e8dits, seran d\u2019un sol autor\/ autora (excepte els videoclips i curtmetratges que podran ser grups de 3 alumnes)<\/td>\n<\/tr>\n<tr style=\"height: 49px;\">\n<td style=\"width: 594px; height: 49px;\">7. Els treballs podran anar acompanyats d\u2019una il\u00b7lustraci\u00f3 sobre el tema del conte, narraci\u00f3, poema o microrelat.<\/td>\n<\/tr>\n<tr style=\"height: 33px;\">\n<td style=\"width: 594px; height: 33px;\">8. El jurat estar\u00e0 format per professorat dels Departaments esmentats.<\/td>\n<\/tr>\n<tr style=\"height: 33px;\">\n<td style=\"width: 594px; height: 33px;\">9. El veredicte es far\u00e0 p\u00fablic el dia de Sant Jordi (Divendres, 23 d\u2019abril de 2021).<\/td>\n<\/tr>\n<tr>\n<td style=\"width: 594px;\">10. Els premis consistiran en vals per a compres a l&#8217;Abacus<\/td>\n<\/tr>\n<tr style=\"height: 264px;\">\n<td style=\"width: 594px; height: 264px;\">PDF de les bases (clica la imatge)<\/p>\n<p><a href=\"https:\/\/agora.xtec.cat\/ieslaromanica\/wp-content\/uploads\/usu857\/2021\/03\/CONCURS-LITERARI-SANT-JORDI-2021.pdf\"><img loading=\"lazy\" decoding=\"async\" class=\"aligncenter wp-image-18866\" src=\"https:\/\/agora.xtec.cat\/ieslaromanica\/wp-content\/uploads\/usu857\/2021\/03\/llibre-i-rosa.jpg\" alt=\"\" width=\"263\" height=\"167\" srcset=\"https:\/\/agora.xtec.cat\/ieslaromanica\/wp-content\/uploads\/usu857\/2021\/03\/llibre-i-rosa.jpg 1000w, https:\/\/agora.xtec.cat\/ieslaromanica\/wp-content\/uploads\/usu857\/2021\/03\/llibre-i-rosa-300x191.jpg 300w, https:\/\/agora.xtec.cat\/ieslaromanica\/wp-content\/uploads\/usu857\/2021\/03\/llibre-i-rosa-768x488.jpg 768w\" sizes=\"auto, (max-width: 263px) 100vw, 263px\" \/><\/a><\/td>\n<\/tr>\n<\/tbody>\n<\/table>\n<p>&nbsp;<\/p>\n","protected":false},"excerpt":{"rendered":"<p>Els Departaments de Lleng\u00fces (anglesa, alemanya, catalana i castellana) convoquem el Certamen Literari de Sant Jordi, d\u2019acord amb les bases seg\u00fcents:<\/p>\n<p>1. Podran participar-hi els\/les alumnes, el professorat, el PAS del centre i els pares i mares dels nostre alumnat.<\/p>\n<p>2. Els treballs poden ser en catal\u00e0.&hellip;  <a href=\"https:\/\/agora.xtec.cat\/ieslaromanica\/general\/concurs-literari-sant-jordi-2021\/\" title=\"Read Concurs literari Sant Jordi 2021\">Llegeix m\u00e9s\u00bb<\/a><\/p>\n","protected":false},"author":6,"featured_media":18866,"comment_status":"open","ping_status":"closed","sticky":false,"template":"","format":"standard","meta":{"_bbp_topic_count":0,"_bbp_reply_count":0,"_bbp_total_topic_count":0,"_bbp_total_reply_count":0,"_bbp_voice_count":0,"_bbp_anonymous_reply_count":0,"_bbp_topic_count_hidden":0,"_bbp_reply_count_hidden":0,"_bbp_forum_subforum_count":0,"footnotes":""},"categories":[314,1,29],"tags":[348,350,343,38],"class_list":["post-18861","post","type-post","status-publish","format-standard","has-post-thumbnail","hentry","category-activitats-extraescolars","category-general","category-portada","tag-ambit-linguistic","tag-curs","tag-curs-2020-2021","tag-sant-jordi"],"post_mailing_queue_ids":[],"_links":{"self":[{"href":"https:\/\/agora.xtec.cat\/ieslaromanica\/wp-json\/wp\/v2\/posts\/18861","targetHints":{"allow":["GET"]}}],"collection":[{"href":"https:\/\/agora.xtec.cat\/ieslaromanica\/wp-json\/wp\/v2\/posts"}],"about":[{"href":"https:\/\/agora.xtec.cat\/ieslaromanica\/wp-json\/wp\/v2\/types\/post"}],"author":[{"embeddable":true,"href":"https:\/\/agora.xtec.cat\/ieslaromanica\/wp-json\/wp\/v2\/users\/6"}],"replies":[{"embeddable":true,"href":"https:\/\/agora.xtec.cat\/ieslaromanica\/wp-json\/wp\/v2\/comments?post=18861"}],"version-history":[{"count":4,"href":"https:\/\/agora.xtec.cat\/ieslaromanica\/wp-json\/wp\/v2\/posts\/18861\/revisions"}],"predecessor-version":[{"id":18916,"href":"https:\/\/agora.xtec.cat\/ieslaromanica\/wp-json\/wp\/v2\/posts\/18861\/revisions\/18916"}],"wp:featuredmedia":[{"embeddable":true,"href":"https:\/\/agora.xtec.cat\/ieslaromanica\/wp-json\/wp\/v2\/media\/18866"}],"wp:attachment":[{"href":"https:\/\/agora.xtec.cat\/ieslaromanica\/wp-json\/wp\/v2\/media?parent=18861"}],"wp:term":[{"taxonomy":"category","embeddable":true,"href":"https:\/\/agora.xtec.cat\/ieslaromanica\/wp-json\/wp\/v2\/categories?post=18861"},{"taxonomy":"post_tag","embeddable":true,"href":"https:\/\/agora.xtec.cat\/ieslaromanica\/wp-json\/wp\/v2\/tags?post=18861"}],"curies":[{"name":"wp","href":"https:\/\/api.w.org\/{rel}","templated":true}]}}