{"id":18852,"date":"2021-03-16T11:08:34","date_gmt":"2021-03-16T10:08:34","guid":{"rendered":"http:\/\/agora.xtec.cat\/ieslaromanica\/?p=18852"},"modified":"2021-03-16T11:08:34","modified_gmt":"2021-03-16T10:08:34","slug":"dones-de-la-ciencia","status":"publish","type":"post","link":"https:\/\/agora.xtec.cat\/ieslaromanica\/general\/dones-de-la-ciencia\/","title":{"rendered":"Dones de la Ci\u00e8ncia"},"content":{"rendered":"<p>Per commemorar el dia 8 de mar\u00e7 o el Dia Internacional de les Dones, conjuntament a la gravaci\u00f3 del <a href=\"https:\/\/agora.xtec.cat\/ieslaromanica\/general\/lipdub-del-dia-internacional-de-les-dones-2021\/\">lipdub<\/a> (on van participar membres de tota la comunitat educativa del centre), els alumnes de 1r d&#8217;ESO, a l&#8217;hora de tutoria varen estar aprofundint en els valors vinculats a aquesta diada.<br \/>\nPer grups, van reflexionar i investigar sobre les dones, que en el seu moment, van fer aportacions importants a l&#8217;\u00e0mbit de la ci\u00e8ncia i van estar creant uns petits murals que sintetitzaven la seva recerca.<br \/>\nLa setmana passada, ja es va muntar l&#8217;exposici\u00f3 d&#8217;aquests murals que podem contemplar a la planta baixa del nostre centre. A la segona planta tamb\u00e9 podem visualitzar el treball vinculat a les Dones de la Ci\u00e8ncia i les Dones de l&#8217;Art que es va realitzar anys acad\u00e8mics anteriors.<\/p>\n<p>Esperem que aquestes propostes puguin ajudar al nostre alumnat i a tota la comunitat educativa a conscienciar sobre el respecte i la igualtat entre dones i homes en el m\u00f3n cient\u00edfic, cultural i acad\u00e8mic.<\/p>\n<table style=\"width: 594px;\">\n<tbody>\n<tr>\n<td style=\"width: 296.364px;\"><a href=\"https:\/\/agora.xtec.cat\/ieslaromanica\/wp-content\/uploads\/usu857\/2021\/03\/general-IMG_8833-2mg.jpg\"><img loading=\"lazy\" decoding=\"async\" class=\"aligncenter size-large wp-image-18856\" src=\"https:\/\/agora.xtec.cat\/ieslaromanica\/wp-content\/uploads\/usu857\/2021\/03\/general-IMG_8833-2mg-1024x768.jpg\" alt=\"\" width=\"1024\" height=\"768\" srcset=\"https:\/\/agora.xtec.cat\/ieslaromanica\/wp-content\/uploads\/usu857\/2021\/03\/general-IMG_8833-2mg-1024x768.jpg 1024w, https:\/\/agora.xtec.cat\/ieslaromanica\/wp-content\/uploads\/usu857\/2021\/03\/general-IMG_8833-2mg-300x225.jpg 300w, https:\/\/agora.xtec.cat\/ieslaromanica\/wp-content\/uploads\/usu857\/2021\/03\/general-IMG_8833-2mg-768x576.jpg 768w, https:\/\/agora.xtec.cat\/ieslaromanica\/wp-content\/uploads\/usu857\/2021\/03\/general-IMG_8833-2mg-200x150.jpg 200w, https:\/\/agora.xtec.cat\/ieslaromanica\/wp-content\/uploads\/usu857\/2021\/03\/general-IMG_8833-2mg.jpg 1890w\" sizes=\"auto, (max-width: 1024px) 100vw, 1024px\" \/><\/a><\/td>\n<td style=\"width: 290px;\"><a href=\"https:\/\/agora.xtec.cat\/ieslaromanica\/wp-content\/uploads\/usu857\/2021\/03\/general-IMG_8835-2mg.jpg\"><img loading=\"lazy\" decoding=\"async\" class=\"aligncenter size-large wp-image-18857\" src=\"https:\/\/agora.xtec.cat\/ieslaromanica\/wp-content\/uploads\/usu857\/2021\/03\/general-IMG_8835-2mg-1024x768.jpg\" alt=\"\" width=\"1024\" height=\"768\" srcset=\"https:\/\/agora.xtec.cat\/ieslaromanica\/wp-content\/uploads\/usu857\/2021\/03\/general-IMG_8835-2mg-1024x768.jpg 1024w, https:\/\/agora.xtec.cat\/ieslaromanica\/wp-content\/uploads\/usu857\/2021\/03\/general-IMG_8835-2mg-300x225.jpg 300w, https:\/\/agora.xtec.cat\/ieslaromanica\/wp-content\/uploads\/usu857\/2021\/03\/general-IMG_8835-2mg-768x576.jpg 768w, https:\/\/agora.xtec.cat\/ieslaromanica\/wp-content\/uploads\/usu857\/2021\/03\/general-IMG_8835-2mg-200x150.jpg 200w, https:\/\/agora.xtec.cat\/ieslaromanica\/wp-content\/uploads\/usu857\/2021\/03\/general-IMG_8835-2mg.jpg 1949w\" sizes=\"auto, (max-width: 1024px) 100vw, 1024px\" \/><\/a><\/td>\n<\/tr>\n<tr>\n<td style=\"width: 296.364px;\"><a href=\"https:\/\/agora.xtec.cat\/ieslaromanica\/wp-content\/uploads\/usu857\/2021\/03\/frontal-IMG_8836-2mg.jpg\"><img loading=\"lazy\" decoding=\"async\" class=\"aligncenter size-large wp-image-18855\" src=\"https:\/\/agora.xtec.cat\/ieslaromanica\/wp-content\/uploads\/usu857\/2021\/03\/frontal-IMG_8836-2mg-1024x768.jpg\" alt=\"\" width=\"1024\" height=\"768\" srcset=\"https:\/\/agora.xtec.cat\/ieslaromanica\/wp-content\/uploads\/usu857\/2021\/03\/frontal-IMG_8836-2mg-1024x768.jpg 1024w, https:\/\/agora.xtec.cat\/ieslaromanica\/wp-content\/uploads\/usu857\/2021\/03\/frontal-IMG_8836-2mg-300x225.jpg 300w, https:\/\/agora.xtec.cat\/ieslaromanica\/wp-content\/uploads\/usu857\/2021\/03\/frontal-IMG_8836-2mg-768x576.jpg 768w, https:\/\/agora.xtec.cat\/ieslaromanica\/wp-content\/uploads\/usu857\/2021\/03\/frontal-IMG_8836-2mg-200x150.jpg 200w\" sizes=\"auto, (max-width: 1024px) 100vw, 1024px\" \/><\/a><\/td>\n<td style=\"width: 290px;\"><a href=\"https:\/\/agora.xtec.cat\/ieslaromanica\/wp-content\/uploads\/usu857\/2021\/03\/frontal-IMG_8834-2mg.jpg\"><img loading=\"lazy\" decoding=\"async\" class=\"aligncenter size-large wp-image-18854\" src=\"https:\/\/agora.xtec.cat\/ieslaromanica\/wp-content\/uploads\/usu857\/2021\/03\/frontal-IMG_8834-2mg-1024x767.jpg\" alt=\"\" width=\"1024\" height=\"767\" srcset=\"https:\/\/agora.xtec.cat\/ieslaromanica\/wp-content\/uploads\/usu857\/2021\/03\/frontal-IMG_8834-2mg-1024x767.jpg 1024w, https:\/\/agora.xtec.cat\/ieslaromanica\/wp-content\/uploads\/usu857\/2021\/03\/frontal-IMG_8834-2mg-300x225.jpg 300w, https:\/\/agora.xtec.cat\/ieslaromanica\/wp-content\/uploads\/usu857\/2021\/03\/frontal-IMG_8834-2mg-768x575.jpg 768w, https:\/\/agora.xtec.cat\/ieslaromanica\/wp-content\/uploads\/usu857\/2021\/03\/frontal-IMG_8834-2mg-200x150.jpg 200w, https:\/\/agora.xtec.cat\/ieslaromanica\/wp-content\/uploads\/usu857\/2021\/03\/frontal-IMG_8834-2mg.jpg 1713w\" sizes=\"auto, (max-width: 1024px) 100vw, 1024px\" \/><\/a><\/td>\n<\/tr>\n<\/tbody>\n<\/table>\n","protected":false},"excerpt":{"rendered":"<p>Per commemorar el dia 8 de mar\u00e7 o el Dia Internacional de les Dones, conjuntament a la gravaci\u00f3 del <a href=\"https:\/\/agora.xtec.cat\/ieslaromanica\/general\/lipdub-del-dia-internacional-de-les-dones-2021\/\">lipdub<\/a> (on van participar membres de tota la comunitat educativa del centre), els alumnes de 1r d&#8217;ESO, a l&#8217;hora de tutoria varen estar aprofundint en&hellip;  <a href=\"https:\/\/agora.xtec.cat\/ieslaromanica\/general\/dones-de-la-ciencia\/\" title=\"Read Dones de la Ci\u00e8ncia\">Llegeix m\u00e9s\u00bb<\/a><\/p>\n","protected":false},"author":6,"featured_media":18858,"comment_status":"open","ping_status":"closed","sticky":false,"template":"","format":"standard","meta":{"_bbp_topic_count":0,"_bbp_reply_count":0,"_bbp_total_topic_count":0,"_bbp_total_reply_count":0,"_bbp_voice_count":0,"_bbp_anonymous_reply_count":0,"_bbp_topic_count_hidden":0,"_bbp_reply_count_hidden":0,"_bbp_forum_subforum_count":0,"footnotes":""},"categories":[4,1,29],"tags":[133,252,305],"class_list":["post-18852","post","type-post","status-publish","format-standard","has-post-thumbnail","hentry","category-eso-1","category-general","category-portada","tag-dia-internacional-de-les-dones","tag-exposicions","tag-tutoria"],"post_mailing_queue_ids":[],"_links":{"self":[{"href":"https:\/\/agora.xtec.cat\/ieslaromanica\/wp-json\/wp\/v2\/posts\/18852","targetHints":{"allow":["GET"]}}],"collection":[{"href":"https:\/\/agora.xtec.cat\/ieslaromanica\/wp-json\/wp\/v2\/posts"}],"about":[{"href":"https:\/\/agora.xtec.cat\/ieslaromanica\/wp-json\/wp\/v2\/types\/post"}],"author":[{"embeddable":true,"href":"https:\/\/agora.xtec.cat\/ieslaromanica\/wp-json\/wp\/v2\/users\/6"}],"replies":[{"embeddable":true,"href":"https:\/\/agora.xtec.cat\/ieslaromanica\/wp-json\/wp\/v2\/comments?post=18852"}],"version-history":[{"count":2,"href":"https:\/\/agora.xtec.cat\/ieslaromanica\/wp-json\/wp\/v2\/posts\/18852\/revisions"}],"predecessor-version":[{"id":18859,"href":"https:\/\/agora.xtec.cat\/ieslaromanica\/wp-json\/wp\/v2\/posts\/18852\/revisions\/18859"}],"wp:featuredmedia":[{"embeddable":true,"href":"https:\/\/agora.xtec.cat\/ieslaromanica\/wp-json\/wp\/v2\/media\/18858"}],"wp:attachment":[{"href":"https:\/\/agora.xtec.cat\/ieslaromanica\/wp-json\/wp\/v2\/media?parent=18852"}],"wp:term":[{"taxonomy":"category","embeddable":true,"href":"https:\/\/agora.xtec.cat\/ieslaromanica\/wp-json\/wp\/v2\/categories?post=18852"},{"taxonomy":"post_tag","embeddable":true,"href":"https:\/\/agora.xtec.cat\/ieslaromanica\/wp-json\/wp\/v2\/tags?post=18852"}],"curies":[{"name":"wp","href":"https:\/\/api.w.org\/{rel}","templated":true}]}}