{"id":18834,"date":"2021-03-08T10:02:46","date_gmt":"2021-03-08T09:02:46","guid":{"rendered":"http:\/\/agora.xtec.cat\/ieslaromanica\/?p=18834"},"modified":"2021-03-08T13:12:09","modified_gmt":"2021-03-08T12:12:09","slug":"lipdub-del-dia-internacional-de-les-dones-2021","status":"publish","type":"post","link":"https:\/\/agora.xtec.cat\/ieslaromanica\/general\/lipdub-del-dia-internacional-de-les-dones-2021\/","title":{"rendered":"Lipdub del Dia Internacional de les Dones 2021"},"content":{"rendered":"<p><a href=\"https:\/\/agora.xtec.cat\/ieslaromanica\/wp-content\/uploads\/usu857\/2021\/03\/Dia-Internacional-de-les-Dones-INS-La-Rom\u00e0nica.jpeg\"><img loading=\"lazy\" decoding=\"async\" class=\"alignnone size-full wp-image-18836\" src=\"https:\/\/agora.xtec.cat\/ieslaromanica\/wp-content\/uploads\/usu857\/2021\/03\/Dia-Internacional-de-les-Dones-INS-La-Rom\u00e0nica.jpeg\" alt=\"\" width=\"3579\" height=\"2013\" srcset=\"https:\/\/agora.xtec.cat\/ieslaromanica\/wp-content\/uploads\/usu857\/2021\/03\/Dia-Internacional-de-les-Dones-INS-La-Rom\u00e0nica.jpeg 3579w, https:\/\/agora.xtec.cat\/ieslaromanica\/wp-content\/uploads\/usu857\/2021\/03\/Dia-Internacional-de-les-Dones-INS-La-Rom\u00e0nica-300x169.jpeg 300w, https:\/\/agora.xtec.cat\/ieslaromanica\/wp-content\/uploads\/usu857\/2021\/03\/Dia-Internacional-de-les-Dones-INS-La-Rom\u00e0nica-768x432.jpeg 768w, https:\/\/agora.xtec.cat\/ieslaromanica\/wp-content\/uploads\/usu857\/2021\/03\/Dia-Internacional-de-les-Dones-INS-La-Rom\u00e0nica-1024x576.jpeg 1024w\" sizes=\"auto, (max-width: 3579px) 100vw, 3579px\" \/><\/a><\/p>\n<h5 style=\"text-align: justify;\">L&#8217;Institut La Rom\u00e0nica educa amb valors, entre els quals els del moviment i la lluita feminista.<\/h5>\n<p>&nbsp;<\/p>\n<p style=\"text-align: justify;\">Us presentem una iniciativa que, complementada amb tot el treball a les tutories, pret\u00e9n visibilitzar i treballar amb tota la comunitat educativa el fet que encara queda molt cam\u00ed per fer.<\/p>\n<p style=\"text-align: justify;\">Amb aquest lipdub, on hi han participat membres de tota la comunitat educativa del centre (alumnat, fam\u00edlies, professorat i PAS), volem que totes reflexionem sobre la feina que encara queda per fer. La can\u00e7\u00f3 \u00e9s #LOQUEESNUESTRO &#8211; LUCIA GIL &amp; NATALIA GIL, i tal com diu la mateixa: &#8220;Igualdad es la palabra. No me importa no escucharla cuando exista de verdad&#8221;<\/p>\n<p style=\"text-align: justify;\">Aquesta gravaci\u00f3 ha estat enregistrada seguint les mesures corresponents per evitar la propagaci\u00f3 de la COVID19. Les persones que surten sense mascareta, ho fan de forma individual i amb la ventilaci\u00f3 corresponent de l&#8217;espai. Les que ho fan sense mascareta i acompanyades, pertanyen al mateix grup-bombolla.<\/p>\n<p><iframe loading=\"lazy\" title=\"Dia Internacional de les Dones 2021\" width=\"500\" height=\"281\" src=\"https:\/\/www.youtube.com\/embed\/-U0JLxh7oxI?feature=oembed\" frameborder=\"0\" allow=\"accelerometer; autoplay; clipboard-write; encrypted-media; gyroscope; picture-in-picture; web-share\" referrerpolicy=\"strict-origin-when-cross-origin\" allowfullscreen><\/iframe><\/p>\n","protected":false},"excerpt":{"rendered":"<p><a href=\"https:\/\/agora.xtec.cat\/ieslaromanica\/wp-content\/uploads\/usu857\/2021\/03\/Dia-Internacional-de-les-Dones-INS-La-Rom\u00e0nica.jpeg\"><\/a><br \/>\nL&#8217;Institut La Rom\u00e0nica educa amb valors, entre els quals els del moviment i la lluita feminista.<br \/>\n&nbsp;<br \/>\nUs presentem una iniciativa que, complementada amb tot el treball a les tutories, pret\u00e9n visibilitzar i treballar amb tota la comunitat educativa el fet que encara queda molt cam\u00ed&hellip;  <a href=\"https:\/\/agora.xtec.cat\/ieslaromanica\/general\/lipdub-del-dia-internacional-de-les-dones-2021\/\" title=\"Read Lipdub del Dia Internacional de les Dones 2021\">Llegeix m\u00e9s\u00bb<\/a><\/p>\n","protected":false},"author":3,"featured_media":18836,"comment_status":"open","ping_status":"closed","sticky":false,"template":"","format":"standard","meta":{"_bbp_topic_count":0,"_bbp_reply_count":0,"_bbp_total_topic_count":0,"_bbp_total_reply_count":0,"_bbp_voice_count":0,"_bbp_anonymous_reply_count":0,"_bbp_topic_count_hidden":0,"_bbp_reply_count_hidden":0,"_bbp_forum_subforum_count":0,"footnotes":""},"categories":[314,31,8,30,3,1,29],"tags":[132,159,343,133],"class_list":["post-18834","post","type-post","status-publish","format-standard","has-post-thumbnail","hentry","category-activitats-extraescolars","category-afa","category-batxillerat","category-cicles-formatius","category-eso","category-general","category-portada","tag-8-de-marc","tag-activitats-extraescolars","tag-curs-2020-2021","tag-dia-internacional-de-les-dones"],"post_mailing_queue_ids":[],"_links":{"self":[{"href":"https:\/\/agora.xtec.cat\/ieslaromanica\/wp-json\/wp\/v2\/posts\/18834","targetHints":{"allow":["GET"]}}],"collection":[{"href":"https:\/\/agora.xtec.cat\/ieslaromanica\/wp-json\/wp\/v2\/posts"}],"about":[{"href":"https:\/\/agora.xtec.cat\/ieslaromanica\/wp-json\/wp\/v2\/types\/post"}],"author":[{"embeddable":true,"href":"https:\/\/agora.xtec.cat\/ieslaromanica\/wp-json\/wp\/v2\/users\/3"}],"replies":[{"embeddable":true,"href":"https:\/\/agora.xtec.cat\/ieslaromanica\/wp-json\/wp\/v2\/comments?post=18834"}],"version-history":[{"count":3,"href":"https:\/\/agora.xtec.cat\/ieslaromanica\/wp-json\/wp\/v2\/posts\/18834\/revisions"}],"predecessor-version":[{"id":18838,"href":"https:\/\/agora.xtec.cat\/ieslaromanica\/wp-json\/wp\/v2\/posts\/18834\/revisions\/18838"}],"wp:featuredmedia":[{"embeddable":true,"href":"https:\/\/agora.xtec.cat\/ieslaromanica\/wp-json\/wp\/v2\/media\/18836"}],"wp:attachment":[{"href":"https:\/\/agora.xtec.cat\/ieslaromanica\/wp-json\/wp\/v2\/media?parent=18834"}],"wp:term":[{"taxonomy":"category","embeddable":true,"href":"https:\/\/agora.xtec.cat\/ieslaromanica\/wp-json\/wp\/v2\/categories?post=18834"},{"taxonomy":"post_tag","embeddable":true,"href":"https:\/\/agora.xtec.cat\/ieslaromanica\/wp-json\/wp\/v2\/tags?post=18834"}],"curies":[{"name":"wp","href":"https:\/\/api.w.org\/{rel}","templated":true}]}}