{"id":18658,"date":"2021-02-20T00:30:02","date_gmt":"2021-02-19T23:30:02","guid":{"rendered":"http:\/\/agora.xtec.cat\/ieslaromanica\/?p=18658"},"modified":"2021-02-23T15:22:50","modified_gmt":"2021-02-23T14:22:50","slug":"carnestoltes-2021","status":"publish","type":"post","link":"https:\/\/agora.xtec.cat\/ieslaromanica\/general\/carnestoltes-2021\/","title":{"rendered":"CARNESTOLTES 2021"},"content":{"rendered":"<p style=\"text-align: justify;\"><a href=\"https:\/\/agora.xtec.cat\/ieslaromanica\/wp-content\/uploads\/usu857\/2021\/02\/Carnaval-2021.jpg\"><img loading=\"lazy\" decoding=\"async\" class=\"alignnone size-full wp-image-18657\" src=\"https:\/\/agora.xtec.cat\/ieslaromanica\/wp-content\/uploads\/usu857\/2021\/02\/Carnaval-2021.jpg\" alt=\"\" width=\"2362\" height=\"730\" srcset=\"https:\/\/agora.xtec.cat\/ieslaromanica\/wp-content\/uploads\/usu857\/2021\/02\/Carnaval-2021.jpg 2362w, https:\/\/agora.xtec.cat\/ieslaromanica\/wp-content\/uploads\/usu857\/2021\/02\/Carnaval-2021-300x93.jpg 300w, https:\/\/agora.xtec.cat\/ieslaromanica\/wp-content\/uploads\/usu857\/2021\/02\/Carnaval-2021-768x237.jpg 768w, https:\/\/agora.xtec.cat\/ieslaromanica\/wp-content\/uploads\/usu857\/2021\/02\/Carnaval-2021-1024x316.jpg 1024w\" sizes=\"auto, (max-width: 2362px) 100vw, 2362px\" \/><\/a><\/p>\n<p style=\"text-align: justify;\">El divendres 12 de febrer de 2021 no l&#8217;oblidarem pas: v\u00e0rem celebrar CARNESTOLTES, adaptant-nos a les circumst\u00e0ncies, per\u00f2 el m\u00e9s important \u00e9s que ens vam disfressar, vam riure i vam ballar.<\/p>\n<p style=\"text-align: justify;\">Un darrere de l&#8217;altre, els diferents grups-classe van gravar les seves coreografies i, una vegada valorades, el dia 19 a l&#8217;hora del pati ja es van poder anunciar els grups guardonats.<\/p>\n<p style=\"text-align: justify;\">Volem agrair a totes les persones que han configurat el jurat la seva dedicaci\u00f3, ja que han fet una gran tasca gens f\u00e0cil. Un jurat que ha estat format per tota la comunitat educativa, sense excepcions: alumnes, mares i pares, PAS i docents de PFI, FP, ESO i Batxillerat. Gr\u00e0cies pel vostre temps!<\/p>\n<div>\n<p style=\"text-align: justify;\">L&#8217;Adri\u00e0 Ortiz ha fet arribar el v\u00eddeo de cada grup a la seva tutora o tutor perqu\u00e8 el puguin veure i gaudir a classe, tal i com es va acordar amb l&#8217;alumnat, per\u00f2 us podem fer un tastet de la celebraci\u00f3 del Carnestoltes, que tamb\u00e9 podeu veure a l&#8217;<em>Instagram<\/em> de l&#8217;institut:<\/p>\n<p><iframe loading=\"lazy\" title=\"Resum Carnestoltes 2021\" width=\"500\" height=\"281\" src=\"https:\/\/www.youtube.com\/embed\/yx1yTSiC-5M?feature=oembed\" frameborder=\"0\" allow=\"accelerometer; autoplay; clipboard-write; encrypted-media; gyroscope; picture-in-picture; web-share\" referrerpolicy=\"strict-origin-when-cross-origin\" allowfullscreen><\/iframe><\/p>\n<div class=\"gmail_default\">\n<div><\/div>\n<\/div>\n<\/div>\n<div class=\"gmail_default\" style=\"text-align: justify;\">I, sense estendre&#8217;ns m\u00e9s, els grups guanyadors han estat:<\/div>\n<div style=\"text-align: justify;\"><\/div>\n<div class=\"gmail_default\" style=\"text-align: justify;\">\n<ul>\n<li>1r ESO D<\/li>\n<li>2n ESO D<\/li>\n<li>3r ESO D<\/li>\n<li>4t ESO C<\/li>\n<li>1r BAT A<\/li>\n<\/ul>\n<\/div>\n<h6 style=\"text-align: justify;\">Gr\u00e0cies a totes per fer-ho possible!<\/h6>\n<table style=\"width: 573px;\">\n<tbody>\n<tr>\n<td style=\"width: 566.767px;\"><a href=\"https:\/\/agora.xtec.cat\/ieslaromanica\/wp-content\/uploads\/usu857\/2021\/02\/IMG_20210219_123306_637.jpg\"><img loading=\"lazy\" decoding=\"async\" class=\"alignnone size-full wp-image-18736\" src=\"https:\/\/agora.xtec.cat\/ieslaromanica\/wp-content\/uploads\/usu857\/2021\/02\/IMG_20210219_123306_637.jpg\" alt=\"\" width=\"1440\" height=\"1440\" srcset=\"https:\/\/agora.xtec.cat\/ieslaromanica\/wp-content\/uploads\/usu857\/2021\/02\/IMG_20210219_123306_637.jpg 1440w, https:\/\/agora.xtec.cat\/ieslaromanica\/wp-content\/uploads\/usu857\/2021\/02\/IMG_20210219_123306_637-150x150.jpg 150w, https:\/\/agora.xtec.cat\/ieslaromanica\/wp-content\/uploads\/usu857\/2021\/02\/IMG_20210219_123306_637-300x300.jpg 300w, https:\/\/agora.xtec.cat\/ieslaromanica\/wp-content\/uploads\/usu857\/2021\/02\/IMG_20210219_123306_637-768x768.jpg 768w, https:\/\/agora.xtec.cat\/ieslaromanica\/wp-content\/uploads\/usu857\/2021\/02\/IMG_20210219_123306_637-1024x1024.jpg 1024w\" sizes=\"auto, (max-width: 1440px) 100vw, 1440px\" \/><\/a><\/td>\n<\/tr>\n<tr>\n<td style=\"width: 566.767px;\"><a href=\"https:\/\/agora.xtec.cat\/ieslaromanica\/wp-content\/uploads\/usu857\/2021\/02\/IMG_20210219_123306_651.jpg\"><img loading=\"lazy\" decoding=\"async\" class=\"alignnone size-full wp-image-18735\" src=\"https:\/\/agora.xtec.cat\/ieslaromanica\/wp-content\/uploads\/usu857\/2021\/02\/IMG_20210219_123306_651.jpg\" alt=\"\" width=\"1440\" height=\"1440\" srcset=\"https:\/\/agora.xtec.cat\/ieslaromanica\/wp-content\/uploads\/usu857\/2021\/02\/IMG_20210219_123306_651.jpg 1440w, https:\/\/agora.xtec.cat\/ieslaromanica\/wp-content\/uploads\/usu857\/2021\/02\/IMG_20210219_123306_651-150x150.jpg 150w, https:\/\/agora.xtec.cat\/ieslaromanica\/wp-content\/uploads\/usu857\/2021\/02\/IMG_20210219_123306_651-300x300.jpg 300w, https:\/\/agora.xtec.cat\/ieslaromanica\/wp-content\/uploads\/usu857\/2021\/02\/IMG_20210219_123306_651-768x768.jpg 768w, https:\/\/agora.xtec.cat\/ieslaromanica\/wp-content\/uploads\/usu857\/2021\/02\/IMG_20210219_123306_651-1024x1024.jpg 1024w\" sizes=\"auto, (max-width: 1440px) 100vw, 1440px\" \/><\/a><\/td>\n<\/tr>\n<tr>\n<td style=\"width: 566.767px;\"><a href=\"https:\/\/agora.xtec.cat\/ieslaromanica\/wp-content\/uploads\/usu857\/2021\/02\/IMG_20210219_123306_658.jpg\"><img loading=\"lazy\" decoding=\"async\" class=\"alignnone size-full wp-image-18737\" src=\"https:\/\/agora.xtec.cat\/ieslaromanica\/wp-content\/uploads\/usu857\/2021\/02\/IMG_20210219_123306_658.jpg\" alt=\"\" width=\"1440\" height=\"1440\" srcset=\"https:\/\/agora.xtec.cat\/ieslaromanica\/wp-content\/uploads\/usu857\/2021\/02\/IMG_20210219_123306_658.jpg 1440w, https:\/\/agora.xtec.cat\/ieslaromanica\/wp-content\/uploads\/usu857\/2021\/02\/IMG_20210219_123306_658-150x150.jpg 150w, https:\/\/agora.xtec.cat\/ieslaromanica\/wp-content\/uploads\/usu857\/2021\/02\/IMG_20210219_123306_658-300x300.jpg 300w, https:\/\/agora.xtec.cat\/ieslaromanica\/wp-content\/uploads\/usu857\/2021\/02\/IMG_20210219_123306_658-768x768.jpg 768w, https:\/\/agora.xtec.cat\/ieslaromanica\/wp-content\/uploads\/usu857\/2021\/02\/IMG_20210219_123306_658-1024x1024.jpg 1024w\" sizes=\"auto, (max-width: 1440px) 100vw, 1440px\" \/><\/a><\/td>\n<\/tr>\n<tr>\n<td style=\"width: 566.767px;\"><a href=\"https:\/\/agora.xtec.cat\/ieslaromanica\/wp-content\/uploads\/usu857\/2021\/02\/IMG_20210219_123306_661.jpg\"><img loading=\"lazy\" decoding=\"async\" class=\"alignnone size-full wp-image-18733\" src=\"https:\/\/agora.xtec.cat\/ieslaromanica\/wp-content\/uploads\/usu857\/2021\/02\/IMG_20210219_123306_661.jpg\" alt=\"\" width=\"1327\" height=\"1327\" srcset=\"https:\/\/agora.xtec.cat\/ieslaromanica\/wp-content\/uploads\/usu857\/2021\/02\/IMG_20210219_123306_661.jpg 1327w, https:\/\/agora.xtec.cat\/ieslaromanica\/wp-content\/uploads\/usu857\/2021\/02\/IMG_20210219_123306_661-150x150.jpg 150w, https:\/\/agora.xtec.cat\/ieslaromanica\/wp-content\/uploads\/usu857\/2021\/02\/IMG_20210219_123306_661-300x300.jpg 300w, https:\/\/agora.xtec.cat\/ieslaromanica\/wp-content\/uploads\/usu857\/2021\/02\/IMG_20210219_123306_661-768x768.jpg 768w, https:\/\/agora.xtec.cat\/ieslaromanica\/wp-content\/uploads\/usu857\/2021\/02\/IMG_20210219_123306_661-1024x1024.jpg 1024w\" sizes=\"auto, (max-width: 1327px) 100vw, 1327px\" \/><\/a><\/td>\n<\/tr>\n<tr>\n<td style=\"width: 566.767px;\"><a href=\"https:\/\/agora.xtec.cat\/ieslaromanica\/wp-content\/uploads\/usu857\/2021\/02\/IMG_20210219_123306_663.jpg\"><img loading=\"lazy\" decoding=\"async\" class=\"alignnone size-full wp-image-18734\" src=\"https:\/\/agora.xtec.cat\/ieslaromanica\/wp-content\/uploads\/usu857\/2021\/02\/IMG_20210219_123306_663.jpg\" alt=\"\" width=\"1440\" height=\"1440\" srcset=\"https:\/\/agora.xtec.cat\/ieslaromanica\/wp-content\/uploads\/usu857\/2021\/02\/IMG_20210219_123306_663.jpg 1440w, https:\/\/agora.xtec.cat\/ieslaromanica\/wp-content\/uploads\/usu857\/2021\/02\/IMG_20210219_123306_663-150x150.jpg 150w, https:\/\/agora.xtec.cat\/ieslaromanica\/wp-content\/uploads\/usu857\/2021\/02\/IMG_20210219_123306_663-300x300.jpg 300w, https:\/\/agora.xtec.cat\/ieslaromanica\/wp-content\/uploads\/usu857\/2021\/02\/IMG_20210219_123306_663-768x768.jpg 768w, https:\/\/agora.xtec.cat\/ieslaromanica\/wp-content\/uploads\/usu857\/2021\/02\/IMG_20210219_123306_663-1024x1024.jpg 1024w\" sizes=\"auto, (max-width: 1440px) 100vw, 1440px\" \/><\/a><\/td>\n<\/tr>\n<\/tbody>\n<\/table>\n<p>&nbsp;<\/p>\n<p style=\"text-align: justify;\">Us compartim el v\u00eddeo de Carnaval del professorat, per tal que no us oblideu de somriure!<\/p>\n<p><iframe loading=\"lazy\" title=\"Carnaval 2021 Lladres i Wallys (professorat)\" width=\"500\" height=\"281\" src=\"https:\/\/www.youtube.com\/embed\/c9WytjnsaYw?feature=oembed\" frameborder=\"0\" allow=\"accelerometer; autoplay; clipboard-write; encrypted-media; gyroscope; picture-in-picture; web-share\" referrerpolicy=\"strict-origin-when-cross-origin\" allowfullscreen><\/iframe><\/p>\n<div><\/div>\n<div><\/div>\n<h5>Gr\u00e0cies a tota la comunitat educativa per mantenir viva la flama del Carnaval!<\/h5>\n<div class=\"gmail_default\">\n<div style=\"text-align: justify;\"><\/div>\n<\/div>\n","protected":false},"excerpt":{"rendered":"<p><a href=\"https:\/\/agora.xtec.cat\/ieslaromanica\/wp-content\/uploads\/usu857\/2021\/02\/Carnaval-2021.jpg\"><\/a><br \/>\nEl divendres 12 de febrer de 2021 no l&#8217;oblidarem pas: v\u00e0rem celebrar CARNESTOLTES, adaptant-nos a les circumst\u00e0ncies, per\u00f2 el m\u00e9s important \u00e9s que ens vam disfressar, vam riure i vam ballar.<br \/>\nUn darrere de l&#8217;altre, els diferents grups-classe van gravar les seves coreografies i, una&hellip;  <a href=\"https:\/\/agora.xtec.cat\/ieslaromanica\/general\/carnestoltes-2021\/\" title=\"Read CARNESTOLTES 2021\">Llegeix m\u00e9s\u00bb<\/a><\/p>\n","protected":false},"author":3,"featured_media":18679,"comment_status":"open","ping_status":"closed","sticky":false,"template":"","format":"standard","meta":{"_bbp_topic_count":0,"_bbp_reply_count":0,"_bbp_total_topic_count":0,"_bbp_total_reply_count":0,"_bbp_voice_count":0,"_bbp_anonymous_reply_count":0,"_bbp_topic_count_hidden":0,"_bbp_reply_count_hidden":0,"_bbp_forum_subforum_count":0,"footnotes":""},"categories":[314,31,8,3,1,29],"tags":[130,190,343],"class_list":["post-18658","post","type-post","status-publish","format-standard","has-post-thumbnail","hentry","category-activitats-extraescolars","category-afa","category-batxillerat","category-eso","category-general","category-portada","tag-carnaval","tag-carnestoltes","tag-curs-2020-2021"],"post_mailing_queue_ids":[],"_links":{"self":[{"href":"https:\/\/agora.xtec.cat\/ieslaromanica\/wp-json\/wp\/v2\/posts\/18658","targetHints":{"allow":["GET"]}}],"collection":[{"href":"https:\/\/agora.xtec.cat\/ieslaromanica\/wp-json\/wp\/v2\/posts"}],"about":[{"href":"https:\/\/agora.xtec.cat\/ieslaromanica\/wp-json\/wp\/v2\/types\/post"}],"author":[{"embeddable":true,"href":"https:\/\/agora.xtec.cat\/ieslaromanica\/wp-json\/wp\/v2\/users\/3"}],"replies":[{"embeddable":true,"href":"https:\/\/agora.xtec.cat\/ieslaromanica\/wp-json\/wp\/v2\/comments?post=18658"}],"version-history":[{"count":4,"href":"https:\/\/agora.xtec.cat\/ieslaromanica\/wp-json\/wp\/v2\/posts\/18658\/revisions"}],"predecessor-version":[{"id":18757,"href":"https:\/\/agora.xtec.cat\/ieslaromanica\/wp-json\/wp\/v2\/posts\/18658\/revisions\/18757"}],"wp:featuredmedia":[{"embeddable":true,"href":"https:\/\/agora.xtec.cat\/ieslaromanica\/wp-json\/wp\/v2\/media\/18679"}],"wp:attachment":[{"href":"https:\/\/agora.xtec.cat\/ieslaromanica\/wp-json\/wp\/v2\/media?parent=18658"}],"wp:term":[{"taxonomy":"category","embeddable":true,"href":"https:\/\/agora.xtec.cat\/ieslaromanica\/wp-json\/wp\/v2\/categories?post=18658"},{"taxonomy":"post_tag","embeddable":true,"href":"https:\/\/agora.xtec.cat\/ieslaromanica\/wp-json\/wp\/v2\/tags?post=18658"}],"curies":[{"name":"wp","href":"https:\/\/api.w.org\/{rel}","templated":true}]}}