{"id":18572,"date":"2021-02-07T18:19:31","date_gmt":"2021-02-07T17:19:31","guid":{"rendered":"http:\/\/agora.xtec.cat\/ieslaromanica\/?p=18572"},"modified":"2021-02-07T18:43:00","modified_gmt":"2021-02-07T17:43:00","slug":"superficies-reglades-per-a-recrear-espais","status":"publish","type":"post","link":"https:\/\/agora.xtec.cat\/ieslaromanica\/general\/superficies-reglades-per-a-recrear-espais\/","title":{"rendered":"Superf\u00edcies reglades per a recrear espais"},"content":{"rendered":"<p>Els alumnes de 4t d&#8217;ESO que participen en el projecte\u00a0<em><span class=\"hiddenSpellError\">GaudiR<\/span>\u00a0les formes<\/em>, han estat construint unes maquetes amb fusta reciclada inspirant-se en els conoides que va dissenyar i construir l&#8217;arquitecte Antoni Gaud\u00ed, especialment els de les cobertes del seu taller l&#8217;Obrador i els de les cobertes i murs de les Escoles Parroquials.<\/p>\n<p>L&#8217;arquitecte va generar moltes maquetes, utilitzades com a m\u00e8tode de treball en la\u00a0<span class=\"hiddenSpellError\">projectaci\u00f3<\/span>\u00a0arquitect\u00f2nica. Seguint els seus passos, les maquetes dels alumnes impulsen una recerca sobre la creaci\u00f3 i ideaci\u00f3 de formes i estructures que, en aquest cas, s&#8217;ha enfocat a dissenyar bancs i p\u00e8rgoles per al pati. En el proc\u00e9s, s&#8217;han desmuntat unes gelosies i utilitzat els llistons, tant per construir les seccions corbes com per generar la superf\u00edcie reglada de la forma.<\/p>\n<p>Una vegada finalitzades les maquetes, es va decidir col\u00b7locar-les a l&#8217;interior de l&#8217;Institut per tal d&#8217;enriquir els espais col\u00b7lectius existents, oferint la contenci\u00f3 d&#8217;una possible zona de treball en ubicar-les en el sostre i delimitar el rac\u00f3 d&#8217;una zona de pas.<\/p>\n<p>Desitgem que us agradi!<\/p>\n<table style=\"width: 670px;\">\n<tbody>\n<tr>\n<td style=\"width: 335.455px;\"><a href=\"https:\/\/agora.xtec.cat\/ieslaromanica\/wp-content\/uploads\/usu857\/2021\/02\/P2-IMG_8278-2-pe\u0301rgoles-bis.jpg\"><img loading=\"lazy\" decoding=\"async\" class=\"aligncenter size-large wp-image-18582\" src=\"https:\/\/agora.xtec.cat\/ieslaromanica\/wp-content\/uploads\/usu857\/2021\/02\/P2-IMG_8278-2-pe\u0301rgoles-bis-1024x768.jpg\" alt=\"\" width=\"1024\" height=\"768\" srcset=\"https:\/\/agora.xtec.cat\/ieslaromanica\/wp-content\/uploads\/usu857\/2021\/02\/P2-IMG_8278-2-pe\u0301rgoles-bis-1024x768.jpg 1024w, https:\/\/agora.xtec.cat\/ieslaromanica\/wp-content\/uploads\/usu857\/2021\/02\/P2-IMG_8278-2-pe\u0301rgoles-bis-300x225.jpg 300w, https:\/\/agora.xtec.cat\/ieslaromanica\/wp-content\/uploads\/usu857\/2021\/02\/P2-IMG_8278-2-pe\u0301rgoles-bis-768x576.jpg 768w, https:\/\/agora.xtec.cat\/ieslaromanica\/wp-content\/uploads\/usu857\/2021\/02\/P2-IMG_8278-2-pe\u0301rgoles-bis-200x150.jpg 200w\" sizes=\"auto, (max-width: 1024px) 100vw, 1024px\" \/><\/a><\/td>\n<td style=\"width: 327.273px;\"><a href=\"https:\/\/agora.xtec.cat\/ieslaromanica\/wp-content\/uploads\/usu857\/2021\/02\/P2-FullSizeRender.jpg\"><img loading=\"lazy\" decoding=\"async\" class=\"aligncenter size-large wp-image-18581\" src=\"https:\/\/agora.xtec.cat\/ieslaromanica\/wp-content\/uploads\/usu857\/2021\/02\/P2-FullSizeRender-1024x768.jpg\" alt=\"\" width=\"1024\" height=\"768\" srcset=\"https:\/\/agora.xtec.cat\/ieslaromanica\/wp-content\/uploads\/usu857\/2021\/02\/P2-FullSizeRender-1024x768.jpg 1024w, https:\/\/agora.xtec.cat\/ieslaromanica\/wp-content\/uploads\/usu857\/2021\/02\/P2-FullSizeRender-300x225.jpg 300w, https:\/\/agora.xtec.cat\/ieslaromanica\/wp-content\/uploads\/usu857\/2021\/02\/P2-FullSizeRender-768x576.jpg 768w, https:\/\/agora.xtec.cat\/ieslaromanica\/wp-content\/uploads\/usu857\/2021\/02\/P2-FullSizeRender-200x150.jpg 200w\" sizes=\"auto, (max-width: 1024px) 100vw, 1024px\" \/><\/a><\/td>\n<\/tr>\n<tr>\n<td style=\"width: 335.455px;\"><a href=\"https:\/\/agora.xtec.cat\/ieslaromanica\/wp-content\/uploads\/usu857\/2021\/02\/G-IMG_7999.jpg\"><img loading=\"lazy\" decoding=\"async\" class=\"aligncenter size-large wp-image-18580\" src=\"https:\/\/agora.xtec.cat\/ieslaromanica\/wp-content\/uploads\/usu857\/2021\/02\/G-IMG_7999-1024x732.jpg\" alt=\"\" width=\"1024\" height=\"732\" srcset=\"https:\/\/agora.xtec.cat\/ieslaromanica\/wp-content\/uploads\/usu857\/2021\/02\/G-IMG_7999-1024x732.jpg 1024w, https:\/\/agora.xtec.cat\/ieslaromanica\/wp-content\/uploads\/usu857\/2021\/02\/G-IMG_7999-300x214.jpg 300w, https:\/\/agora.xtec.cat\/ieslaromanica\/wp-content\/uploads\/usu857\/2021\/02\/G-IMG_7999-768x549.jpg 768w\" sizes=\"auto, (max-width: 1024px) 100vw, 1024px\" \/><\/a><\/td>\n<td style=\"width: 327.273px;\"><a href=\"https:\/\/agora.xtec.cat\/ieslaromanica\/wp-content\/uploads\/usu857\/2021\/02\/B-IMG_7991.jpg\"><img loading=\"lazy\" decoding=\"async\" class=\"aligncenter size-large wp-image-18578\" src=\"https:\/\/agora.xtec.cat\/ieslaromanica\/wp-content\/uploads\/usu857\/2021\/02\/B-IMG_7991-1024x768.jpg\" alt=\"\" width=\"1024\" height=\"768\" srcset=\"https:\/\/agora.xtec.cat\/ieslaromanica\/wp-content\/uploads\/usu857\/2021\/02\/B-IMG_7991-1024x768.jpg 1024w, https:\/\/agora.xtec.cat\/ieslaromanica\/wp-content\/uploads\/usu857\/2021\/02\/B-IMG_7991-300x225.jpg 300w, https:\/\/agora.xtec.cat\/ieslaromanica\/wp-content\/uploads\/usu857\/2021\/02\/B-IMG_7991-768x576.jpg 768w, https:\/\/agora.xtec.cat\/ieslaromanica\/wp-content\/uploads\/usu857\/2021\/02\/B-IMG_7991-200x150.jpg 200w, https:\/\/agora.xtec.cat\/ieslaromanica\/wp-content\/uploads\/usu857\/2021\/02\/B-IMG_7991.jpg 2008w\" sizes=\"auto, (max-width: 1024px) 100vw, 1024px\" \/><\/a><\/td>\n<\/tr>\n<tr>\n<td style=\"width: 335.455px;\"><a href=\"https:\/\/agora.xtec.cat\/ieslaromanica\/wp-content\/uploads\/usu857\/2021\/02\/A-IMG_7844-treballant.jpg\"><img loading=\"lazy\" decoding=\"async\" class=\"aligncenter size-large wp-image-18576\" src=\"https:\/\/agora.xtec.cat\/ieslaromanica\/wp-content\/uploads\/usu857\/2021\/02\/A-IMG_7844-treballant-1024x769.jpg\" alt=\"\" width=\"1024\" height=\"769\" srcset=\"https:\/\/agora.xtec.cat\/ieslaromanica\/wp-content\/uploads\/usu857\/2021\/02\/A-IMG_7844-treballant-1024x769.jpg 1024w, https:\/\/agora.xtec.cat\/ieslaromanica\/wp-content\/uploads\/usu857\/2021\/02\/A-IMG_7844-treballant-300x225.jpg 300w, https:\/\/agora.xtec.cat\/ieslaromanica\/wp-content\/uploads\/usu857\/2021\/02\/A-IMG_7844-treballant-768x576.jpg 768w, https:\/\/agora.xtec.cat\/ieslaromanica\/wp-content\/uploads\/usu857\/2021\/02\/A-IMG_7844-treballant-200x150.jpg 200w, https:\/\/agora.xtec.cat\/ieslaromanica\/wp-content\/uploads\/usu857\/2021\/02\/A-IMG_7844-treballant.jpg 2008w\" sizes=\"auto, (max-width: 1024px) 100vw, 1024px\" \/><\/a><\/td>\n<td style=\"width: 327.273px;\"><a href=\"https:\/\/agora.xtec.cat\/ieslaromanica\/wp-content\/uploads\/usu857\/2021\/02\/A-IMG_7873-treballant.jpg\"><img loading=\"lazy\" decoding=\"async\" class=\"aligncenter size-large wp-image-18577\" src=\"https:\/\/agora.xtec.cat\/ieslaromanica\/wp-content\/uploads\/usu857\/2021\/02\/A-IMG_7873-treballant-1024x768.jpg\" alt=\"\" width=\"1024\" height=\"768\" srcset=\"https:\/\/agora.xtec.cat\/ieslaromanica\/wp-content\/uploads\/usu857\/2021\/02\/A-IMG_7873-treballant-1024x768.jpg 1024w, https:\/\/agora.xtec.cat\/ieslaromanica\/wp-content\/uploads\/usu857\/2021\/02\/A-IMG_7873-treballant-300x225.jpg 300w, https:\/\/agora.xtec.cat\/ieslaromanica\/wp-content\/uploads\/usu857\/2021\/02\/A-IMG_7873-treballant-768x576.jpg 768w, https:\/\/agora.xtec.cat\/ieslaromanica\/wp-content\/uploads\/usu857\/2021\/02\/A-IMG_7873-treballant-200x150.jpg 200w, https:\/\/agora.xtec.cat\/ieslaromanica\/wp-content\/uploads\/usu857\/2021\/02\/A-IMG_7873-treballant.jpg 2008w\" sizes=\"auto, (max-width: 1024px) 100vw, 1024px\" \/><\/a><\/td>\n<\/tr>\n<\/tbody>\n<\/table>\n<p><a href=\"http:\/\/viplaromanica.blogspot.com\/2021\/02\/superficies-reglades-per-recrear-espais.html\">Podeu veure m\u00e9s imatges al bloc de Visual i Pl\u00e0stica (clica).<\/a><\/p>\n<p>Si esteu interessats, podeu obtenir m\u00e9s informaci\u00f3 i veure m\u00e9s imatges d&#8217;altres treballs del projecte en els seg\u00fcents enlla\u00e7os: <a href=\"https:\/\/viplaromanica.blogspot.com\/p\/galeria-gaudir-les-formes-3r-eso-1920.html\">Galeria d&#8217;imatges, 3r ESO, 2019-2020<\/a> \/ <a href=\"https:\/\/drive.google.com\/file\/d\/14haS1At_TpdCDid3MODND3Pc6KKUM8dW\/view\">Descripci\u00f3 del projecte, 3r ESO<\/a>. Treball realitzat a altres nivells: <a href=\"https:\/\/viplaromanica.blogspot.com\/p\/galeria.html\">Galeria d&#8217;imatges, 4t ESO<\/a> \/ <a href=\"http:\/\/viplaromanica.blogspot.com\/2019\/12\/collage-i-trencadis-projecte-gaudir-les.html\">Galeria d&#8217;imatges, 1r ESO<\/a>. Tamb\u00e9 podeu veure la feina que es va realitzar l&#8217;any anterior: <a href=\"http:\/\/viplaromanica.blogspot.com\/p\/galeria-projectes-22_16.html\">Galeria d&#8217;imatges, 4t ESO, 2018-2019<\/a>.<\/p>\n<p><a href=\"https:\/\/agora.xtec.cat\/ieslaromanica\/projectes\/projectes-2019-2020-2\/gaudir-les-formes\/\">Projecte <em>Gaudir les formes<\/em> a la nostre web<\/a>.<\/p>\n","protected":false},"excerpt":{"rendered":"<p>Els alumnes de 4t d&#8217;ESO que participen en el projecte\u00a0GaudiR\u00a0les formes, han estat construint unes maquetes amb fusta reciclada inspirant-se en els conoides que va dissenyar i construir l&#8217;arquitecte Antoni Gaud\u00ed, especialment els de les cobertes del seu taller l&#8217;Obrador i els de les cobertes&hellip;  <a href=\"https:\/\/agora.xtec.cat\/ieslaromanica\/general\/superficies-reglades-per-a-recrear-espais\/\" title=\"Read Superf\u00edcies reglades per a recrear espais\">Llegeix m\u00e9s\u00bb<\/a><\/p>\n","protected":false},"author":6,"featured_media":18579,"comment_status":"open","ping_status":"closed","sticky":false,"template":"","format":"standard","meta":{"_bbp_topic_count":0,"_bbp_reply_count":0,"_bbp_total_topic_count":0,"_bbp_total_reply_count":0,"_bbp_voice_count":0,"_bbp_anonymous_reply_count":0,"_bbp_topic_count_hidden":0,"_bbp_reply_count_hidden":0,"_bbp_forum_subforum_count":0,"footnotes":""},"categories":[7,1,29],"tags":[343,252,319],"class_list":["post-18572","post","type-post","status-publish","format-standard","has-post-thumbnail","hentry","category-eso-4","category-general","category-portada","tag-curs-2020-2021","tag-exposicions","tag-projecte-gaudir-les-formes"],"post_mailing_queue_ids":[],"_links":{"self":[{"href":"https:\/\/agora.xtec.cat\/ieslaromanica\/wp-json\/wp\/v2\/posts\/18572","targetHints":{"allow":["GET"]}}],"collection":[{"href":"https:\/\/agora.xtec.cat\/ieslaromanica\/wp-json\/wp\/v2\/posts"}],"about":[{"href":"https:\/\/agora.xtec.cat\/ieslaromanica\/wp-json\/wp\/v2\/types\/post"}],"author":[{"embeddable":true,"href":"https:\/\/agora.xtec.cat\/ieslaromanica\/wp-json\/wp\/v2\/users\/6"}],"replies":[{"embeddable":true,"href":"https:\/\/agora.xtec.cat\/ieslaromanica\/wp-json\/wp\/v2\/comments?post=18572"}],"version-history":[{"count":3,"href":"https:\/\/agora.xtec.cat\/ieslaromanica\/wp-json\/wp\/v2\/posts\/18572\/revisions"}],"predecessor-version":[{"id":18590,"href":"https:\/\/agora.xtec.cat\/ieslaromanica\/wp-json\/wp\/v2\/posts\/18572\/revisions\/18590"}],"wp:featuredmedia":[{"embeddable":true,"href":"https:\/\/agora.xtec.cat\/ieslaromanica\/wp-json\/wp\/v2\/media\/18579"}],"wp:attachment":[{"href":"https:\/\/agora.xtec.cat\/ieslaromanica\/wp-json\/wp\/v2\/media?parent=18572"}],"wp:term":[{"taxonomy":"category","embeddable":true,"href":"https:\/\/agora.xtec.cat\/ieslaromanica\/wp-json\/wp\/v2\/categories?post=18572"},{"taxonomy":"post_tag","embeddable":true,"href":"https:\/\/agora.xtec.cat\/ieslaromanica\/wp-json\/wp\/v2\/tags?post=18572"}],"curies":[{"name":"wp","href":"https:\/\/api.w.org\/{rel}","templated":true}]}}