{"id":18507,"date":"2021-01-25T15:19:45","date_gmt":"2021-01-25T14:19:45","guid":{"rendered":"http:\/\/agora.xtec.cat\/ieslaromanica\/?p=18507"},"modified":"2021-01-25T15:19:45","modified_gmt":"2021-01-25T14:19:45","slug":"taller-de-rondalles","status":"publish","type":"post","link":"https:\/\/agora.xtec.cat\/ieslaromanica\/general\/taller-de-rondalles\/","title":{"rendered":"Taller de rondalles"},"content":{"rendered":"<p style=\"text-align: center;\"><a href=\"https:\/\/agora.xtec.cat\/ieslaromanica\/wp-content\/uploads\/usu857\/2021\/01\/WhatsApp-Image-2021-01-21-at-13.16.19-1.jpeg\"><img loading=\"lazy\" decoding=\"async\" class=\"alignnone wp-image-18509\" src=\"https:\/\/agora.xtec.cat\/ieslaromanica\/wp-content\/uploads\/usu857\/2021\/01\/WhatsApp-Image-2021-01-21-at-13.16.19-1.jpeg\" alt=\"\" width=\"459\" height=\"612\" srcset=\"https:\/\/agora.xtec.cat\/ieslaromanica\/wp-content\/uploads\/usu857\/2021\/01\/WhatsApp-Image-2021-01-21-at-13.16.19-1.jpeg 1536w, https:\/\/agora.xtec.cat\/ieslaromanica\/wp-content\/uploads\/usu857\/2021\/01\/WhatsApp-Image-2021-01-21-at-13.16.19-1-225x300.jpeg 225w, https:\/\/agora.xtec.cat\/ieslaromanica\/wp-content\/uploads\/usu857\/2021\/01\/WhatsApp-Image-2021-01-21-at-13.16.19-1-768x1024.jpeg 768w\" sizes=\"auto, (max-width: 459px) 100vw, 459px\" \/><\/a><\/p>\n<p style=\"text-align: justify;\">La setmana passada l&#8217;alumnat de 4t del nostre institut va gaudir dels contes de Cesc Serrat en una primera sessi\u00f3 d&#8217;un taller de rondalles. Carregat d&#8217;equipatge i paraules, ens va fer reflexionar sobre el sentit que hi ha al darrere de moltes hist\u00f2ries. Tamb\u00e9 ens va oferir uns quants consells per explicar els nostres propis contes.<\/p>\n<p style=\"text-align: justify;\">A qui no li han explicat hist\u00f2ries de petit&#8230; i de gran? Ara \u00e9s el torn del nostre alumnat, que, en una segona sessi\u00f3, transformaran hist\u00f2ries escrites o adaptades per ells i elles en rondalles aptes per a tothom.<\/p>\n<p style=\"text-align: center;\"><a href=\"https:\/\/agora.xtec.cat\/ieslaromanica\/wp-content\/uploads\/usu857\/2021\/01\/WhatsApp-Image-2021-01-21-at-13.16.19.jpeg\"><img loading=\"lazy\" decoding=\"async\" class=\"alignnone wp-image-18510\" src=\"https:\/\/agora.xtec.cat\/ieslaromanica\/wp-content\/uploads\/usu857\/2021\/01\/WhatsApp-Image-2021-01-21-at-13.16.19.jpeg\" alt=\"\" width=\"605\" height=\"454\" srcset=\"https:\/\/agora.xtec.cat\/ieslaromanica\/wp-content\/uploads\/usu857\/2021\/01\/WhatsApp-Image-2021-01-21-at-13.16.19.jpeg 2048w, https:\/\/agora.xtec.cat\/ieslaromanica\/wp-content\/uploads\/usu857\/2021\/01\/WhatsApp-Image-2021-01-21-at-13.16.19-300x225.jpeg 300w, https:\/\/agora.xtec.cat\/ieslaromanica\/wp-content\/uploads\/usu857\/2021\/01\/WhatsApp-Image-2021-01-21-at-13.16.19-768x576.jpeg 768w, https:\/\/agora.xtec.cat\/ieslaromanica\/wp-content\/uploads\/usu857\/2021\/01\/WhatsApp-Image-2021-01-21-at-13.16.19-1024x768.jpeg 1024w, https:\/\/agora.xtec.cat\/ieslaromanica\/wp-content\/uploads\/usu857\/2021\/01\/WhatsApp-Image-2021-01-21-at-13.16.19-200x150.jpeg 200w\" sizes=\"auto, (max-width: 605px) 100vw, 605px\" \/><\/a><\/p>\n","protected":false},"excerpt":{"rendered":"<p><a href=\"https:\/\/agora.xtec.cat\/ieslaromanica\/wp-content\/uploads\/usu857\/2021\/01\/WhatsApp-Image-2021-01-21-at-13.16.19-1.jpeg\"><\/a><br \/>\nLa setmana passada l&#8217;alumnat de 4t del nostre institut va gaudir dels contes de Cesc Serrat en una primera sessi\u00f3 d&#8217;un taller de rondalles. Carregat d&#8217;equipatge i paraules, ens va fer reflexionar sobre el sentit que hi ha al darrere de moltes hist\u00f2ries. Tamb\u00e9&hellip;  <a href=\"https:\/\/agora.xtec.cat\/ieslaromanica\/general\/taller-de-rondalles\/\" title=\"Read Taller de rondalles\">Llegeix m\u00e9s\u00bb<\/a><\/p>\n","protected":false},"author":3,"featured_media":18509,"comment_status":"open","ping_status":"closed","sticky":false,"template":"","format":"standard","meta":{"_bbp_topic_count":0,"_bbp_reply_count":0,"_bbp_total_topic_count":0,"_bbp_total_reply_count":0,"_bbp_voice_count":0,"_bbp_anonymous_reply_count":0,"_bbp_topic_count_hidden":0,"_bbp_reply_count_hidden":0,"_bbp_forum_subforum_count":0,"footnotes":""},"categories":[3,7,1,29],"tags":[343,235,265],"class_list":["post-18507","post","type-post","status-publish","format-standard","has-post-thumbnail","hentry","category-eso","category-eso-4","category-general","category-portada","tag-curs-2020-2021","tag-departament-de-catala","tag-taller-de-contacontes"],"post_mailing_queue_ids":[],"_links":{"self":[{"href":"https:\/\/agora.xtec.cat\/ieslaromanica\/wp-json\/wp\/v2\/posts\/18507","targetHints":{"allow":["GET"]}}],"collection":[{"href":"https:\/\/agora.xtec.cat\/ieslaromanica\/wp-json\/wp\/v2\/posts"}],"about":[{"href":"https:\/\/agora.xtec.cat\/ieslaromanica\/wp-json\/wp\/v2\/types\/post"}],"author":[{"embeddable":true,"href":"https:\/\/agora.xtec.cat\/ieslaromanica\/wp-json\/wp\/v2\/users\/3"}],"replies":[{"embeddable":true,"href":"https:\/\/agora.xtec.cat\/ieslaromanica\/wp-json\/wp\/v2\/comments?post=18507"}],"version-history":[{"count":3,"href":"https:\/\/agora.xtec.cat\/ieslaromanica\/wp-json\/wp\/v2\/posts\/18507\/revisions"}],"predecessor-version":[{"id":18512,"href":"https:\/\/agora.xtec.cat\/ieslaromanica\/wp-json\/wp\/v2\/posts\/18507\/revisions\/18512"}],"wp:featuredmedia":[{"embeddable":true,"href":"https:\/\/agora.xtec.cat\/ieslaromanica\/wp-json\/wp\/v2\/media\/18509"}],"wp:attachment":[{"href":"https:\/\/agora.xtec.cat\/ieslaromanica\/wp-json\/wp\/v2\/media?parent=18507"}],"wp:term":[{"taxonomy":"category","embeddable":true,"href":"https:\/\/agora.xtec.cat\/ieslaromanica\/wp-json\/wp\/v2\/categories?post=18507"},{"taxonomy":"post_tag","embeddable":true,"href":"https:\/\/agora.xtec.cat\/ieslaromanica\/wp-json\/wp\/v2\/tags?post=18507"}],"curies":[{"name":"wp","href":"https:\/\/api.w.org\/{rel}","templated":true}]}}