{"id":18473,"date":"2021-01-12T20:04:04","date_gmt":"2021-01-12T19:04:04","guid":{"rendered":"http:\/\/agora.xtec.cat\/ieslaromanica\/?p=18473"},"modified":"2021-01-15T19:39:33","modified_gmt":"2021-01-15T18:39:33","slug":"aigua-sucre-i-colorants","status":"publish","type":"post","link":"https:\/\/agora.xtec.cat\/ieslaromanica\/general\/aigua-sucre-i-colorants\/","title":{"rendered":"Aigua, sucre i colorants"},"content":{"rendered":"<table style=\"width: 519px; height: 389px;\">\n<tbody>\n<tr style=\"height: 389px;\">\n<td style=\"width: 157.95px; height: 389px;\"><a href=\"https:\/\/agora.xtec.cat\/ieslaromanica\/wp-content\/uploads\/usu857\/2021\/01\/Foto-proveta.png\"><img loading=\"lazy\" decoding=\"async\" class=\"wp-image-18474 aligncenter\" src=\"https:\/\/agora.xtec.cat\/ieslaromanica\/wp-content\/uploads\/usu857\/2021\/01\/Foto-proveta.png\" alt=\"\" width=\"131\" height=\"350\" \/><\/a><\/td>\n<td style=\"width: 352.817px; height: 389px;\">\n<h5 style=\"text-align: center;\">Aigua, sucre i colorants.<\/h5>\n<p style=\"text-align: center;\">I no es barregen els colors!!<\/p>\n<p style=\"text-align: center;\">Com ho hem fet??<\/p>\n<p style=\"text-align: center;\">Cal que fem barreges de sucre i aigua amb diferents densitats,<br \/>\njugant amb els tant per cent de les dissolucions i,<br \/>\nsobretot, comen\u00e7ar per la m\u00e9s concentrada.<br \/>\nJa nom\u00e9s cal imaginaci\u00f3 i paci\u00e8ncia.<\/p>\n<p style=\"text-align: center;\">Us expliquem cada pas amb alguns v\u00eddeos i presentacions amb fotografies fetes per l&#8217;alumnat de 2n d&#8217;ESO de F\u00edsica i Qu\u00edmica.<\/p>\n<\/td>\n<\/tr>\n<\/tbody>\n<\/table>\n<p>&nbsp;<\/p>\n<p>https:\/\/youtu.be\/jow17UZH_FQ<\/p>\n<p>&nbsp;<\/p>\n<h5><a href=\"https:\/\/agora.xtec.cat\/ieslaromanica\/wp-content\/uploads\/usu857\/2021\/01\/Proveta-multicolor-1.pdf\">Proveta multicolor (pdf)<\/a><\/h5>\n<p>&nbsp;<\/p>\n<h5><a href=\"https:\/\/agora.xtec.cat\/ieslaromanica\/wp-content\/uploads\/usu857\/2021\/01\/Densitat-i-colors1.pdf\">Densitat i colors (PowerPoint)<\/a><\/h5>\n<h5><\/h5>\n<p>&nbsp;<\/p>\n<p>https:\/\/youtu.be\/B2QYmuq088Q<\/p>\n<p>&nbsp;<\/p>\n<p>https:\/\/youtu.be\/cqZmBn_AtkE<\/p>\n<h5><\/h5>\n<h5>I ara&#8230; us toca experimentar a vosaltres!<\/h5>\n<p>&nbsp;<\/p>\n<p>&nbsp;<\/p>\n","protected":false},"excerpt":{"rendered":"<p><a href=\"https:\/\/agora.xtec.cat\/ieslaromanica\/wp-content\/uploads\/usu857\/2021\/01\/Foto-proveta.png\"><\/a><\/p>\n<p>Aigua, sucre i colorants.<br \/>\nI no es barregen els colors!!<br \/>\nCom ho hem fet??<br \/>\nCal que fem barreges de sucre i aigua amb diferents densitats,<br \/>\njugant amb els tant per cent de les dissolucions i,<br \/>\nsobretot, comen\u00e7ar per la m\u00e9s concentrada.<br \/>\nJa nom\u00e9s cal imaginaci\u00f3 i paci\u00e8ncia.<br \/>\nUs expliquem cada pas&hellip;  <a href=\"https:\/\/agora.xtec.cat\/ieslaromanica\/general\/aigua-sucre-i-colorants\/\" title=\"Read Aigua, sucre i colorants\">Llegeix m\u00e9s\u00bb<\/a><\/p>\n","protected":false},"author":3,"featured_media":18474,"comment_status":"open","ping_status":"closed","sticky":false,"template":"","format":"standard","meta":{"_bbp_topic_count":0,"_bbp_reply_count":0,"_bbp_total_topic_count":0,"_bbp_total_reply_count":0,"_bbp_voice_count":0,"_bbp_anonymous_reply_count":0,"_bbp_topic_count_hidden":0,"_bbp_reply_count_hidden":0,"_bbp_forum_subforum_count":0,"footnotes":""},"categories":[3,5,1,29],"tags":[343,323,220],"class_list":["post-18473","post","type-post","status-publish","format-standard","has-post-thumbnail","hentry","category-eso","category-eso-2","category-general","category-portada","tag-curs-2020-2021","tag-departament-de-ciencies","tag-departament-de-fisica-i-quimica"],"post_mailing_queue_ids":[],"_links":{"self":[{"href":"https:\/\/agora.xtec.cat\/ieslaromanica\/wp-json\/wp\/v2\/posts\/18473","targetHints":{"allow":["GET"]}}],"collection":[{"href":"https:\/\/agora.xtec.cat\/ieslaromanica\/wp-json\/wp\/v2\/posts"}],"about":[{"href":"https:\/\/agora.xtec.cat\/ieslaromanica\/wp-json\/wp\/v2\/types\/post"}],"author":[{"embeddable":true,"href":"https:\/\/agora.xtec.cat\/ieslaromanica\/wp-json\/wp\/v2\/users\/3"}],"replies":[{"embeddable":true,"href":"https:\/\/agora.xtec.cat\/ieslaromanica\/wp-json\/wp\/v2\/comments?post=18473"}],"version-history":[{"count":4,"href":"https:\/\/agora.xtec.cat\/ieslaromanica\/wp-json\/wp\/v2\/posts\/18473\/revisions"}],"predecessor-version":[{"id":18502,"href":"https:\/\/agora.xtec.cat\/ieslaromanica\/wp-json\/wp\/v2\/posts\/18473\/revisions\/18502"}],"wp:featuredmedia":[{"embeddable":true,"href":"https:\/\/agora.xtec.cat\/ieslaromanica\/wp-json\/wp\/v2\/media\/18474"}],"wp:attachment":[{"href":"https:\/\/agora.xtec.cat\/ieslaromanica\/wp-json\/wp\/v2\/media?parent=18473"}],"wp:term":[{"taxonomy":"category","embeddable":true,"href":"https:\/\/agora.xtec.cat\/ieslaromanica\/wp-json\/wp\/v2\/categories?post=18473"},{"taxonomy":"post_tag","embeddable":true,"href":"https:\/\/agora.xtec.cat\/ieslaromanica\/wp-json\/wp\/v2\/tags?post=18473"}],"curies":[{"name":"wp","href":"https:\/\/api.w.org\/{rel}","templated":true}]}}