{"id":18173,"date":"2020-10-23T08:39:50","date_gmt":"2020-10-23T06:39:50","guid":{"rendered":"http:\/\/agora.xtec.cat\/ieslaromanica\/?p=18173"},"modified":"2020-10-23T08:41:25","modified_gmt":"2020-10-23T06:41:25","slug":"educacio-envia-material-de-laboratori-cedit-per-lempresa-scharlab","status":"publish","type":"post","link":"https:\/\/agora.xtec.cat\/ieslaromanica\/general\/educacio-envia-material-de-laboratori-cedit-per-lempresa-scharlab\/","title":{"rendered":"Educaci\u00f3 envia material de laboratori cedit per l&#8217;empresa Scharlab"},"content":{"rendered":"<p style=\"text-align: justify;\">Ha arribat a l&#8217;institut la Rom\u00e0nica dos palets de material de vidre per laboratori cedits per l&#8217;empresa Scharlab al Departament d&#8217;Educaci\u00f3.<\/p>\n<p style=\"text-align: justify;\"><a href=\"https:\/\/agora.xtec.cat\/ieslaromanica\/wp-content\/uploads\/usu857\/2020\/10\/20201021_154510.jpg\"><img loading=\"lazy\" decoding=\"async\" class=\"alignnone size-large wp-image-18174\" src=\"https:\/\/agora.xtec.cat\/ieslaromanica\/wp-content\/uploads\/usu857\/2020\/10\/20201021_154510-1024x485.jpg\" alt=\"\" width=\"1024\" height=\"485\" srcset=\"https:\/\/agora.xtec.cat\/ieslaromanica\/wp-content\/uploads\/usu857\/2020\/10\/20201021_154510-1024x485.jpg 1024w, https:\/\/agora.xtec.cat\/ieslaromanica\/wp-content\/uploads\/usu857\/2020\/10\/20201021_154510-300x142.jpg 300w, https:\/\/agora.xtec.cat\/ieslaromanica\/wp-content\/uploads\/usu857\/2020\/10\/20201021_154510-768x364.jpg 768w\" sizes=\"auto, (max-width: 1024px) 100vw, 1024px\" \/><\/a><\/p>\n<p style=\"text-align: justify;\">L\u2019empresa Scharlab, dedicada a la producci\u00f3 de productes qu\u00edmics i de material de vidre cient\u00edfic per laboratori, ha cedit al Departament d\u2019Educaci\u00f3 material de laboratori, per valor superior a 70.000\u20ac, per destinar-lo a finalitats did\u00e0ctiques en els 15 instituts d\u2019arreu de Catalunya que ofereixen cicles de la fam\u00edlia professional de Qu\u00edmica.<\/p>\n<p style=\"text-align: justify;\">Scharlab ha col\u00b7laborat amb la Direcci\u00f3 General de Formaci\u00f3 Professional Inicial i Ensenyaments de R\u00e8gim Especial al llarg dels anys, oferint formaci\u00f3 pr\u00e0ctica i estades a l\u2019empresa en dual a alumnat d\u2019FP de diferents fam\u00edlies professionals.<\/p>\n<p style=\"text-align: justify;\">Per a m\u00e9s informaci\u00f3, <a href=\"http:\/\/ensenyament.gencat.cat\/ca\/inici\/nota-premsa\/?id=389030\" target=\"_blank\" rel=\"noopener noreferrer\">clica aqu\u00ed per veure la nota de prensa del Departament d&#8217;Educaci\u00f3<\/a><\/p>\n","protected":false},"excerpt":{"rendered":"<p>Ha arribat a l&#8217;institut la Rom\u00e0nica dos palets de material de vidre per laboratori cedits per l&#8217;empresa Scharlab al Departament d&#8217;Educaci\u00f3.<br \/>\n<a href=\"https:\/\/agora.xtec.cat\/ieslaromanica\/wp-content\/uploads\/usu857\/2020\/10\/20201021_154510.jpg\"><\/a><br \/>\nL\u2019empresa Scharlab, dedicada a la producci\u00f3 de productes qu\u00edmics i de material de vidre cient\u00edfic per laboratori, ha cedit al Departament d\u2019Educaci\u00f3 material de&hellip;  <a href=\"https:\/\/agora.xtec.cat\/ieslaromanica\/general\/educacio-envia-material-de-laboratori-cedit-per-lempresa-scharlab\/\" title=\"Read Educaci\u00f3 envia material de laboratori cedit per l&#8217;empresa Scharlab\">Llegeix m\u00e9s\u00bb<\/a><\/p>\n","protected":false},"author":35,"featured_media":18174,"comment_status":"open","ping_status":"closed","sticky":false,"template":"","format":"standard","meta":{"_bbp_topic_count":0,"_bbp_reply_count":0,"_bbp_total_topic_count":0,"_bbp_total_reply_count":0,"_bbp_voice_count":0,"_bbp_anonymous_reply_count":0,"_bbp_topic_count_hidden":0,"_bbp_reply_count_hidden":0,"_bbp_forum_subforum_count":0,"footnotes":""},"categories":[30,1,29],"tags":[],"class_list":["post-18173","post","type-post","status-publish","format-standard","has-post-thumbnail","hentry","category-cicles-formatius","category-general","category-portada"],"post_mailing_queue_ids":[],"_links":{"self":[{"href":"https:\/\/agora.xtec.cat\/ieslaromanica\/wp-json\/wp\/v2\/posts\/18173","targetHints":{"allow":["GET"]}}],"collection":[{"href":"https:\/\/agora.xtec.cat\/ieslaromanica\/wp-json\/wp\/v2\/posts"}],"about":[{"href":"https:\/\/agora.xtec.cat\/ieslaromanica\/wp-json\/wp\/v2\/types\/post"}],"author":[{"embeddable":true,"href":"https:\/\/agora.xtec.cat\/ieslaromanica\/wp-json\/wp\/v2\/users\/35"}],"replies":[{"embeddable":true,"href":"https:\/\/agora.xtec.cat\/ieslaromanica\/wp-json\/wp\/v2\/comments?post=18173"}],"version-history":[{"count":2,"href":"https:\/\/agora.xtec.cat\/ieslaromanica\/wp-json\/wp\/v2\/posts\/18173\/revisions"}],"predecessor-version":[{"id":18176,"href":"https:\/\/agora.xtec.cat\/ieslaromanica\/wp-json\/wp\/v2\/posts\/18173\/revisions\/18176"}],"wp:featuredmedia":[{"embeddable":true,"href":"https:\/\/agora.xtec.cat\/ieslaromanica\/wp-json\/wp\/v2\/media\/18174"}],"wp:attachment":[{"href":"https:\/\/agora.xtec.cat\/ieslaromanica\/wp-json\/wp\/v2\/media?parent=18173"}],"wp:term":[{"taxonomy":"category","embeddable":true,"href":"https:\/\/agora.xtec.cat\/ieslaromanica\/wp-json\/wp\/v2\/categories?post=18173"},{"taxonomy":"post_tag","embeddable":true,"href":"https:\/\/agora.xtec.cat\/ieslaromanica\/wp-json\/wp\/v2\/tags?post=18173"}],"curies":[{"name":"wp","href":"https:\/\/api.w.org\/{rel}","templated":true}]}}