{"id":17802,"date":"2020-06-25T20:39:28","date_gmt":"2020-06-25T18:39:28","guid":{"rendered":"http:\/\/agora.xtec.cat\/ieslaromanica\/?p=17802"},"modified":"2020-06-29T16:18:37","modified_gmt":"2020-06-29T14:18:37","slug":"premi-a-lexcellencia-carles-garcia-2020","status":"publish","type":"post","link":"https:\/\/agora.xtec.cat\/ieslaromanica\/general\/premi-a-lexcellencia-carles-garcia-2020\/","title":{"rendered":"Premi a l&#8217;Excel\u00b7l\u00e8ncia de Batxillerat Carles Garcia 2020"},"content":{"rendered":"<p style=\"text-align: center;\"><a href=\"https:\/\/agora.xtec.cat\/ieslaromanica\/wp-content\/uploads\/usu857\/2020\/06\/premi-e1593437564907.png\"><img loading=\"lazy\" decoding=\"async\" class=\"alignnone wp-image-17889 \" src=\"https:\/\/agora.xtec.cat\/ieslaromanica\/wp-content\/uploads\/usu857\/2020\/06\/premi-e1593437564907.png\" alt=\"\" width=\"486\" height=\"277\" srcset=\"https:\/\/agora.xtec.cat\/ieslaromanica\/wp-content\/uploads\/usu857\/2020\/06\/premi-e1593437564907.png 1348w, https:\/\/agora.xtec.cat\/ieslaromanica\/wp-content\/uploads\/usu857\/2020\/06\/premi-e1593437564907-300x171.png 300w, https:\/\/agora.xtec.cat\/ieslaromanica\/wp-content\/uploads\/usu857\/2020\/06\/premi-e1593437564907-768x438.png 768w, https:\/\/agora.xtec.cat\/ieslaromanica\/wp-content\/uploads\/usu857\/2020\/06\/premi-e1593437564907-1024x583.png 1024w\" sizes=\"auto, (max-width: 486px) 100vw, 486px\" \/><\/a><\/p>\n<p style=\"text-align: justify;\">Un dels moments m\u00e9s emotius de la graduaci\u00f3 de l&#8217;alumnat de 2n de Batxillerat, que ha tingut lloc de forma virtual el dia 25 de juny de 2020, ha estat el del lliurament del Premi Carles Garcia a Excel\u00b7l\u00e8ncia de Batxillerat.<\/p>\n<p style=\"text-align: justify;\">El Premi a l&#8217;Excel\u00b7l\u00e8ncia es concedeix a la persona amb els millors resultats de 2n de Batxillerat de l\u2019Institut La Rom\u00e0nica.<\/p>\n<p><a href=\"https:\/\/agora.xtec.cat\/ieslaromanica\/wp-content\/uploads\/usu857\/2020\/06\/pol-ubago-e1593437252363.png\"><img loading=\"lazy\" decoding=\"async\" class=\"wp-image-17890 aligncenter\" src=\"https:\/\/agora.xtec.cat\/ieslaromanica\/wp-content\/uploads\/usu857\/2020\/06\/pol-ubago-e1593437252363.png\" alt=\"\" width=\"487\" height=\"277\" srcset=\"https:\/\/agora.xtec.cat\/ieslaromanica\/wp-content\/uploads\/usu857\/2020\/06\/pol-ubago-e1593437252363.png 1348w, https:\/\/agora.xtec.cat\/ieslaromanica\/wp-content\/uploads\/usu857\/2020\/06\/pol-ubago-e1593437252363-300x171.png 300w, https:\/\/agora.xtec.cat\/ieslaromanica\/wp-content\/uploads\/usu857\/2020\/06\/pol-ubago-e1593437252363-768x438.png 768w, https:\/\/agora.xtec.cat\/ieslaromanica\/wp-content\/uploads\/usu857\/2020\/06\/pol-ubago-e1593437252363-1024x583.png 1024w\" sizes=\"auto, (max-width: 487px) 100vw, 487px\" \/><\/a><\/p>\n<p style=\"text-align: justify;\">Enguany, ha rebut aquest guard\u00f3 el Pol Ubago Rosell de 2n A. Aqu\u00ed els mostrem una imatge durant la recollida del guard\u00f3:<\/p>\n<p><a href=\"https:\/\/agora.xtec.cat\/ieslaromanica\/wp-content\/uploads\/usu857\/2020\/06\/20200629_134548-1.jpg\"><img loading=\"lazy\" decoding=\"async\" class=\"wp-image-17898 aligncenter\" src=\"https:\/\/agora.xtec.cat\/ieslaromanica\/wp-content\/uploads\/usu857\/2020\/06\/20200629_134548-1.jpg\" alt=\"\" width=\"485\" height=\"646\" srcset=\"https:\/\/agora.xtec.cat\/ieslaromanica\/wp-content\/uploads\/usu857\/2020\/06\/20200629_134548-1.jpg 1815w, https:\/\/agora.xtec.cat\/ieslaromanica\/wp-content\/uploads\/usu857\/2020\/06\/20200629_134548-1-225x300.jpg 225w, https:\/\/agora.xtec.cat\/ieslaromanica\/wp-content\/uploads\/usu857\/2020\/06\/20200629_134548-1-768x1024.jpg 768w\" sizes=\"auto, (max-width: 485px) 100vw, 485px\" \/><\/a><\/p>\n<p>&nbsp;<\/p>\n<h5>L\u2019enhorabona Pol!<\/h5>\n","protected":false},"excerpt":{"rendered":"<p><a href=\"https:\/\/agora.xtec.cat\/ieslaromanica\/wp-content\/uploads\/usu857\/2020\/06\/premi-e1593437564907.png\"><\/a><br \/>\nUn dels moments m\u00e9s emotius de la graduaci\u00f3 de l&#8217;alumnat de 2n de Batxillerat, que ha tingut lloc de forma virtual el dia 25 de juny de 2020, ha estat el del lliurament del Premi Carles Garcia a Excel\u00b7l\u00e8ncia de Batxillerat.<br \/>\nEl Premi a l&#8217;Excel\u00b7l\u00e8ncia&hellip;  <a href=\"https:\/\/agora.xtec.cat\/ieslaromanica\/general\/premi-a-lexcellencia-carles-garcia-2020\/\" title=\"Read Premi a l&#8217;Excel\u00b7l\u00e8ncia de Batxillerat Carles Garcia 2020\">Llegeix m\u00e9s\u00bb<\/a><\/p>\n","protected":false},"author":3,"featured_media":17889,"comment_status":"open","ping_status":"closed","sticky":false,"template":"","format":"standard","meta":{"_bbp_topic_count":0,"_bbp_reply_count":0,"_bbp_total_topic_count":0,"_bbp_total_reply_count":0,"_bbp_voice_count":0,"_bbp_anonymous_reply_count":0,"_bbp_topic_count_hidden":0,"_bbp_reply_count_hidden":0,"_bbp_forum_subforum_count":0,"footnotes":""},"categories":[73,314,8,1,29],"tags":[329,108,334],"class_list":["post-17802","post","type-post","status-publish","format-standard","has-post-thumbnail","hentry","category-2-batx","category-activitats-extraescolars","category-batxillerat","category-general","category-portada","tag-curs-2019-20","tag-premi-carles-garcia","tag-premis-i-concursos"],"post_mailing_queue_ids":[],"_links":{"self":[{"href":"https:\/\/agora.xtec.cat\/ieslaromanica\/wp-json\/wp\/v2\/posts\/17802","targetHints":{"allow":["GET"]}}],"collection":[{"href":"https:\/\/agora.xtec.cat\/ieslaromanica\/wp-json\/wp\/v2\/posts"}],"about":[{"href":"https:\/\/agora.xtec.cat\/ieslaromanica\/wp-json\/wp\/v2\/types\/post"}],"author":[{"embeddable":true,"href":"https:\/\/agora.xtec.cat\/ieslaromanica\/wp-json\/wp\/v2\/users\/3"}],"replies":[{"embeddable":true,"href":"https:\/\/agora.xtec.cat\/ieslaromanica\/wp-json\/wp\/v2\/comments?post=17802"}],"version-history":[{"count":4,"href":"https:\/\/agora.xtec.cat\/ieslaromanica\/wp-json\/wp\/v2\/posts\/17802\/revisions"}],"predecessor-version":[{"id":17902,"href":"https:\/\/agora.xtec.cat\/ieslaromanica\/wp-json\/wp\/v2\/posts\/17802\/revisions\/17902"}],"wp:featuredmedia":[{"embeddable":true,"href":"https:\/\/agora.xtec.cat\/ieslaromanica\/wp-json\/wp\/v2\/media\/17889"}],"wp:attachment":[{"href":"https:\/\/agora.xtec.cat\/ieslaromanica\/wp-json\/wp\/v2\/media?parent=17802"}],"wp:term":[{"taxonomy":"category","embeddable":true,"href":"https:\/\/agora.xtec.cat\/ieslaromanica\/wp-json\/wp\/v2\/categories?post=17802"},{"taxonomy":"post_tag","embeddable":true,"href":"https:\/\/agora.xtec.cat\/ieslaromanica\/wp-json\/wp\/v2\/tags?post=17802"}],"curies":[{"name":"wp","href":"https:\/\/api.w.org\/{rel}","templated":true}]}}